{"id":10001,"date":"2023-07-04T18:07:14","date_gmt":"2023-07-04T21:07:14","guid":{"rendered":"https:\/\/comunicartesanluis.com\/?p=10001"},"modified":"2023-07-04T18:07:14","modified_gmt":"2023-07-04T21:07:14","slug":"argentina-perdio-ante-cuba-en-un-final-cerrado","status":"publish","type":"post","link":"https:\/\/comunicartesanluis.com\/index.php\/2023\/07\/04\/argentina-perdio-ante-cuba-en-un-final-cerrado\/","title":{"rendered":"Argentina perdi\u00f3 ante Cuba en un final cerrado"},"content":{"rendered":"<p>El seleccionado argentino femenino de b\u00e1squet perdi\u00f3 por 66-63 ante Cuba, en la tercera presentaci\u00f3n de las chicas albicelestes y este mi\u00e9rcoles cerrar\u00e1 su presentaci\u00f3n en la primera fase ante Venezuela.<\/p>\n<p>&nbsp;<\/p>\n<p>&nbsp;<\/p>\n<p>&nbsp;<\/p>\n<p>&nbsp;<\/p>\n<p>NOTICIA EN DESARROLLO<\/p>\n","protected":false},"excerpt":{"rendered":"<p>El seleccionado nacional femenino, dirigido por Gregorio Mart\u00ednez, perdi\u00f3 por 66-63 frente al combinado caribe\u00f1o en la cuarta jornada del torneo continental que se celebra en M\u00e9xico.<\/p>\n","protected":false},"author":3,"featured_media":10007,"comment_status":"open","ping_status":"open","sticky":false,"template":"","format":"standard","meta":{"_jetpack_memberships_contains_paid_content":false,"footnotes":""},"categories":[8,15,18,17],"tags":[],"class_list":["post-10001","post","type-post","status-publish","format-standard","has-post-thumbnail","hentry","category-actualidad","category-deporte","category-internacional","category-nacional"],"jetpack_featured_media_url":"https:\/\/comunicartesanluis.com\/v1\/wp-content\/uploads\/2023\/07\/iU8j_OUSc0O8kJ8HaO2xVg.jpg","jetpack_sharing_enabled":true,"_links":{"self":[{"href":"https:\/\/comunicartesanluis.com\/index.php\/wp-json\/wp\/v2\/posts\/10001","targetHints":{"allow":["GET"]}}],"collection":[{"href":"https:\/\/comunicartesanluis.com\/index.php\/wp-json\/wp\/v2\/posts"}],"about":[{"href":"https:\/\/comunicartesanluis.com\/index.php\/wp-json\/wp\/v2\/types\/post"}],"author":[{"embeddable":true,"href":"https:\/\/comunicartesanluis.com\/index.php\/wp-json\/wp\/v2\/users\/3"}],"replies":[{"embeddable":true,"href":"https:\/\/comunicartesanluis.com\/index.php\/wp-json\/wp\/v2\/comments?post=10001"}],"version-history":[{"count":1,"href":"https:\/\/comunicartesanluis.com\/index.php\/wp-json\/wp\/v2\/posts\/10001\/revisions"}],"predecessor-version":[{"id":10008,"href":"https:\/\/comunicartesanluis.com\/index.php\/wp-json\/wp\/v2\/posts\/10001\/revisions\/10008"}],"wp:featuredmedia":[{"embeddable":true,"href":"https:\/\/comunicartesanluis.com\/index.php\/wp-json\/wp\/v2\/media\/10007"}],"wp:attachment":[{"href":"https:\/\/comunicartesanluis.com\/index.php\/wp-json\/wp\/v2\/media?parent=10001"}],"wp:term":[{"taxonomy":"category","embeddable":true,"href":"https:\/\/comunicartesanluis.com\/index.php\/wp-json\/wp\/v2\/categories?post=10001"},{"taxonomy":"post_tag","embeddable":true,"href":"https:\/\/comunicartesanluis.com\/index.php\/wp-json\/wp\/v2\/tags?post=10001"}],"curies":[{"name":"wp","href":"https:\/\/api.w.org\/{rel}","templated":true}]}}