{"id":10016,"date":"2023-07-04T18:51:22","date_gmt":"2023-07-04T21:51:22","guid":{"rendered":"https:\/\/comunicartesanluis.com\/?p=10016"},"modified":"2023-07-04T18:51:22","modified_gmt":"2023-07-04T21:51:22","slug":"rondina-dijo-que-separo-a-ricardo-centurion-porque-si-no-se-tenia-que-pelear-con-28-jugadores","status":"publish","type":"post","link":"https:\/\/comunicartesanluis.com\/index.php\/2023\/07\/04\/rondina-dijo-que-separo-a-ricardo-centurion-porque-si-no-se-tenia-que-pelear-con-28-jugadores\/","title":{"rendered":"Rondina dijo que separ\u00f3 a Ricardo Centuri\u00f3n porque si no se ten\u00eda que \u00abpelear con 28 jugadores\u00bb"},"content":{"rendered":"<div class=\"itemHeader\">\n<p class=\"itemTitle\"><span style=\"font-size: 16px;\">El entrenador de Barracas Central, <\/span><strong style=\"font-size: 16px;\">Sergio Rondina<\/strong><span style=\"font-size: 16px;\">,<\/span><strong style=\"font-size: 16px;\">\u00a0brind\u00f3 detalles del por qu\u00e9 decidi\u00f3 separar Ricardo Centuri\u00f3n del plantel y asegur\u00f3 que prioriz\u00f3 al grupo antes que al futbolistas, que ya cuenta con varios incidentes en su haber.<\/strong><\/p>\n<\/div>\n<div class=\"itemBody\">\n<div class=\"itemFullText\">\n<p>\u201cNo creo que Ricardo siga. Es una decisi\u00f3n m\u00eda y hablada con los dirigentes. Es un jugador distinto y un buen chico, no genera inconvenientes dentro del vestuario, pero yo no puedo hacer concesiones. Necesitamos chicos que est\u00e9n involucrados d\u00eda a d\u00eda\u201d, explic\u00f3 Rondina en declaraciones realizadas en ESPN.<\/p>\n<p>Y ampli\u00f3: \u201c<strong>Fui claro con \u00e9l desde el primer d\u00eda: le dije que si ten\u00eda que pelearme con alguien, me iba a pelear con \u00e9l y no con los otros 28\u00a0<\/strong>(integrantes del plantel) porque con uno solo no puedo jugar\u201d.<\/p>\n<p>Esa falta de compromiso que el t\u00e9cnico sugiri\u00f3 ya hab\u00eda sido expuesta por dos de los referentes del vestuario de Barracas Central:<strong>\u00a0\u201cEst\u00e1 pasando un momento dif\u00edcil, no fue a entrenarse en estos \u00faltimos d\u00edas. Es una lastima porque le pod\u00eda dar mucho al f\u00fatbol argentino\u201d<\/strong>, sostuvo Carlos Arce, quien viste la camiseta rojiblanca desde hace m\u00e1s de 14 a\u00f1os.<\/p>\n<p><strong>\u201cEs una gran p\u00e9rdida, pero necesitamos que todos tengan la cabeza en Barracas. El compromiso tiene que ser al 100 por ciento\u201d<\/strong>, profundiz\u00f3 el capit\u00e1n Iv\u00e1n Tapia.<\/p>\n<p>LE\u00c9:\u00a0<a href=\"https:\/\/noticiasargentinas.com\/deportes\/la-fifa-oficializo-la-ley-anti-dibu-martinez-en-los-penales\">La FIFA oficializ\u00f3 la ley \u00abAnti Dibu Mart\u00ednez\u00bb en los penales<\/a><\/p>\n<p>La sentencia de Rondina pondr\u00e1 fin a un ciclo que comenz\u00f3 hace apenas cinco meses y que, en principio, iba a extenderse hasta el 31 de diciembre. Centuri\u00f3n fue cedido por V\u00e9lez a principios de febrero despu\u00e9s de otro frustrante pase a pr\u00e9stamo por San Lorenzo, donde solo hab\u00eda disputado 12 partidos en 2022, y de una inactividad de m\u00e1s de nueve meses.<\/p>\n<p>\u201c<strong>Fueron meses duros para m\u00ed. No tengo mucho para pensar sobre lo que dej\u00e9 atr\u00e1s<\/strong>, sino sobre lo que hay delante. La vida es ahora. Esta es la oportunidad para despegar. Quiero instalarme de nuevo en el f\u00fatbol argentino y volver a hacer lo que me gusta y lo que me hace tan feliz\u201d, se ilusion\u00f3\u00a0Centuri\u00f3n\u00a0el 3 de febrero, cuando fue presentado en la sala de prensa del estadio Claudio Tapia.<\/p>\n<p>Apenas un d\u00eda despu\u00e9s, debut\u00f3 en la victoria 5 a 3 de su nuevo equipo sobre Sarmiento en el estadio Eva Per\u00f3n de Jun\u00edn por la segunda fecha de la Liga Profesional de F\u00fatbol (reemplaz\u00f3 a Marcos Ben\u00edtez a 19 minutos del final del encuentro).<\/p>\n<p><strong>Durante la gesti\u00f3n de Rodolfo De Paoli, particip\u00f3 en nueve de los diez partidos que disput\u00f3 el\u00a0<\/strong><strong>Guapo<\/strong>\u00a0(seis como titular). Tambi\u00e9n estuvo desde el arranque en el estreno de Rondina en el banco, el 16 de abril, cuando Barracas empat\u00f3 0 a 0 con V\u00e9lez en el Jos\u00e9 Amalfitani por la duod\u00e9cima fecha de la Liga.<\/p>\n<p>Luego sufri\u00f3 un desgarro en el recto anterior de la pierna izquierda que lo mantuvo fuera de las canchas casi un mes. El 12 de mayo, el Departamento M\u00e9dico del club notific\u00f3 que hab\u00eda recibido el alta, pero desde entonces no volvi\u00f3 a jugar y ni siquiera fue incluido en la lista de concentrados en estos siete encuentros.<\/p>\n<p>Este desenlace se suma a otros finales prematuros en una carrera que tambi\u00e9n incluy\u00f3 pasos por el Genoa italiano, el San Pablo brasile\u00f1o y el Atl\u00e9tico San Luis mexicano. Desde su debut en la Primera de Racing el 17 de junio de 2012, en una derrota 4 a 2 ante Atl\u00e9tico en Rafaela por la pen\u00faltima fecha del Torneo Clausura y bajo la conducci\u00f3n de Luis Zubeld\u00eda, nunca pudo exponer con continuidad su talento.<\/p>\n<\/div>\n<div class=\"clr\"><\/div>\n<div class=\"clr\"><\/div>\n<p><span class=\"itemAuthor\">Escrito por Noticias Argentinas<\/span><\/p>\n<div class=\"clr\"><\/div>\n<div class=\"firma\"><b>NA &#8211; Buenos Aires, Argentina<\/b><\/div>\n<\/div>\n","protected":false},"excerpt":{"rendered":"<p>El entrenador decidi\u00f3 prescindir del ex Boca y Racing, por razones extra futbol\u00edsticas, y deber\u00e1 buscar equipo.<\/p>\n","protected":false},"author":3,"featured_media":10017,"comment_status":"open","ping_status":"open","sticky":false,"template":"","format":"standard","meta":{"_jetpack_memberships_contains_paid_content":false,"footnotes":""},"categories":[8,15,17],"tags":[],"class_list":["post-10016","post","type-post","status-publish","format-standard","has-post-thumbnail","hentry","category-actualidad","category-deporte","category-nacional"],"jetpack_featured_media_url":"https:\/\/comunicartesanluis.com\/v1\/wp-content\/uploads\/2023\/07\/fee7bfbdc1133fdcd6fd5f16f6561e43_M.jpg","jetpack_sharing_enabled":true,"_links":{"self":[{"href":"https:\/\/comunicartesanluis.com\/index.php\/wp-json\/wp\/v2\/posts\/10016","targetHints":{"allow":["GET"]}}],"collection":[{"href":"https:\/\/comunicartesanluis.com\/index.php\/wp-json\/wp\/v2\/posts"}],"about":[{"href":"https:\/\/comunicartesanluis.com\/index.php\/wp-json\/wp\/v2\/types\/post"}],"author":[{"embeddable":true,"href":"https:\/\/comunicartesanluis.com\/index.php\/wp-json\/wp\/v2\/users\/3"}],"replies":[{"embeddable":true,"href":"https:\/\/comunicartesanluis.com\/index.php\/wp-json\/wp\/v2\/comments?post=10016"}],"version-history":[{"count":1,"href":"https:\/\/comunicartesanluis.com\/index.php\/wp-json\/wp\/v2\/posts\/10016\/revisions"}],"predecessor-version":[{"id":10018,"href":"https:\/\/comunicartesanluis.com\/index.php\/wp-json\/wp\/v2\/posts\/10016\/revisions\/10018"}],"wp:featuredmedia":[{"embeddable":true,"href":"https:\/\/comunicartesanluis.com\/index.php\/wp-json\/wp\/v2\/media\/10017"}],"wp:attachment":[{"href":"https:\/\/comunicartesanluis.com\/index.php\/wp-json\/wp\/v2\/media?parent=10016"}],"wp:term":[{"taxonomy":"category","embeddable":true,"href":"https:\/\/comunicartesanluis.com\/index.php\/wp-json\/wp\/v2\/categories?post=10016"},{"taxonomy":"post_tag","embeddable":true,"href":"https:\/\/comunicartesanluis.com\/index.php\/wp-json\/wp\/v2\/tags?post=10016"}],"curies":[{"name":"wp","href":"https:\/\/api.w.org\/{rel}","templated":true}]}}