{"id":10080,"date":"2023-07-07T11:23:48","date_gmt":"2023-07-07T14:23:48","guid":{"rendered":"https:\/\/comunicartesanluis.com\/?p=10080"},"modified":"2023-07-07T11:34:34","modified_gmt":"2023-07-07T14:34:34","slug":"juan-pablo-toro-el-primer-argentino-en-hacer-cumbre-en-el-nanga-parbat-en-pakistan","status":"publish","type":"post","link":"https:\/\/comunicartesanluis.com\/index.php\/2023\/07\/07\/juan-pablo-toro-el-primer-argentino-en-hacer-cumbre-en-el-nanga-parbat-en-pakistan\/","title":{"rendered":"Juan Pablo Toro, el primer argentino en hacer cumbre en el Nanga Parbat en Pakist\u00e1n"},"content":{"rendered":"<p>El monta\u00f1ista mendocino Juan Pablo Toro logr\u00f3 la primera cumbre de un argentino en el Nanga Parbat, la \u00abKiller Mountain\u00bb, en Pakist\u00e1n, uno de los picos m\u00e1s altos, extremos y exigentes del mundo, de 8.125 metros de altura, ubicado en la cordillera de Karak\u00f3rum en la cadena asi\u00e1tica del Himalaya y una de las tres m\u00e1s peligrosas de explorar por su alto \u00edndice de mortalidad, que nunca hab\u00eda sido conquistada por ning\u00fan experto connacional.<\/p>\n<p><img decoding=\"async\" src=\"https:\/\/mendozatoday.com.ar\/wp-content\/uploads\/2023\/07\/Images-96.jpg\" alt=\"El mendocino Juan Pablo Toro se convirti\u00f3 en el primer argentino en hacer  cumbre en el Nanga Parbat en Pakist\u00e1n - Mendoza Today\" \/><\/p>\n<p>Toro, monta\u00f1ista de pasi\u00f3n y empresario de profesi\u00f3n, lo consigui\u00f3 el lunes pasado, en su segundo intento, y consigui\u00f3 el objetivo de lograr la primera cumbre argentina en el Nanga Parbat (8.126 metros), una de las 2 monta\u00f1as entre los 14 picos m\u00e1s altos del mundo, todos ellos de m\u00e1s de 8.000 metros, que a\u00fan no hab\u00edan sido ascendidas por monta\u00f1istas argentinos, junto con el Annapurna.<\/p>\n<p>\u00abAl fin\u2026 el 3 de julio, a las 16 horas de Pakist\u00e1n, tuve el privilegio de ser el primer argentino en llegar a la cumbre del Nanga Parbat (8.126m), sin ox\u00edgeno suplementario\u00bb, coment\u00f3 feliz Toro en su cuenta de Instagram: @juanp_toro, en la misma monta\u00f1a y al momento de tener se\u00f1al.<\/p>\n<p>30 d\u00edas entre las cumbres<\/p>\n<p>La expedici\u00f3n se realiz\u00f3 a lo largo del mes de junio y tuvo una duraci\u00f3n de 30 d\u00edas.<\/p>\n<p>\u00abEl Nanga Parbat es la novena monta\u00f1a m\u00e1s alta del mundo, una de las tres consideradas m\u00e1s dif\u00edciles y peligrosas y, lo m\u00e1s importante de todo, uno de los dos ochomiles que hasta aqu\u00ed no hab\u00edan sido escalados por monta\u00f1istas argentinos, ahora s\u00f3lo resta el Annapurna\u00bb, prosigui\u00f3 en su relato Toro.<\/p>\n<p><img decoding=\"async\" src=\"https:\/\/media.cdn.jornadaonline.com\/072023\/1688670620205.webp?cw=723&amp;ch=406&amp;extw=jpg\" alt=\"El mendocino Juan Pablo Toro es el primer argentino en hacer cumbre en el  Nanga Parbat\" \/><\/p>\n<p>El plan del monta\u00f1ista argentino fue realizar un ascenso deportivo por la ruta Kinshofer de la vertiente Diamir, con la mayor autonom\u00eda posible, sin uso de ox\u00edgeno suplementario y contando con servicios log\u00edsticos de una agencia local en los campos base, sitios acondicionados para descansar durante la expedici\u00f3n.<\/p>\n<p>\u00abA lo largo de mi trayectoria como monta\u00f1ista, he subido los nevados y volcanes m\u00e1s altos de Los Andes de Am\u00e9rica, he realizado ascensiones t\u00e9cnicas en monta\u00f1as emblem\u00e1ticas y en varias agujas del cord\u00f3n Fitz Roy en la Patagonia. En paralelo, tambi\u00e9n fui realizando entrenamientos t\u00e9cnicos de escalada en hielo y roca con gu\u00edas certificados. En cierto punto, comenc\u00e9 a sentir que el camino me fue llevando y preparando para considerar cada vez m\u00e1s seriamente escalar un &#8216;ochomil&#8217;, indic\u00f3 Juan Pablo desde su cuenta.<\/p>\n<p>El monta\u00f1ista a\u00f1adi\u00f3 que \u00abla primera opci\u00f3n natural hubiese sido el Everest, la monta\u00f1a m\u00e1s alta del planeta. Sin embargo, dado que a esta altura de mi vida no me planteo escalar los 14 ochomiles del Himalaya, me propuse que, si iba a intentar s\u00f3lo un ochomil en mi vida, deb\u00eda ser un ascenso t\u00e9cnico y deportivo, no comercial y, por qu\u00e9 no, m\u00e1s accesible que el Everest -que cuesta m\u00e1s de 60.000 d\u00f3lares\u00bb.<\/p>\n<p><img decoding=\"async\" src=\"https:\/\/www.mendovoz.com\/u\/fotografias\/m\/2022\/5\/29\/f1280x720-168149_299824_5050.jpg\" alt=\"Dos mendocinos escalar\u00e1n el Nanga Parbat, uno de los tres 'ochomiles' |  MendoVoz\" \/><\/p>\n<p>\u00abFue as\u00ed que pens\u00e9 en K2 (8.611 metros) y Nanga Parbat (8.126), dos monta\u00f1as de las m\u00e1s ic\u00f3nicas del mundo, ambas ubicadas en Pakist\u00e1n, y en las cuales han sucedido grandes historias del monta\u00f1ismo -buenas y malas-, y se han escrito libros y filmado pel\u00edculas\u00bb, agreg\u00f3 Toro.<\/p>\n<p>Al respecto, el mendocino aclaro: \u00abLuego, a\u00fan indeciso entre estas dos opciones, vino a mi atenci\u00f3n que Nanga Parbat es uno de los dos ochomiles (junto al Annapurna) que a\u00fan no han sido ascendidos por argentinos. Entonces qued\u00f3 claro, era el Nanga Parbat! Por otro lado, desde siempre, a\u00fan sin siquiera so\u00f1ar en alguna vez conocerlo personalmente, siempre fue la monta\u00f1a que ganaba toda mi atenci\u00f3n y admiraci\u00f3n\u00bb<\/p>\n<p>Entre junio y julio de 2022, junto a Mat\u00edas &#8216;Matoco&#8217; Erroz, otro mendocino, gu\u00eda argentino de gran prestigio y compa\u00f1ero de varias ascensiones en Los Andes, Toro lo hab\u00eda intentado, pero las malas concidiones clim\u00e1ticas y de la monta\u00f1a en general, no le permitieron lograr el objetivo.<\/p>\n<p>\u00abLlegamos a casi 7000 metros de este m\u00edtico gigante. En aquella oportunidad, no pudimos continuar hacia la cumbre debido a condiciones muy peligrosas de la monta\u00f1a, con alto riesgo de avalancha y desprendimientos de grandes piedras, que de hecho ocurrieron a lo largo de nuestro intento. Luego de 36 d\u00edas en Nanga Parbat, nos fuimos con una gran experiencia, pero sin cumbre\u00bb, coment\u00f3 Toro.<\/p>\n<p>Para la expedici\u00f3n 2023, Juan Pablo form\u00f3 un equipo junto a 5 italianos que conoci\u00f3 el a\u00f1o pasado en Nanga Parbat (entre ellos Mario Vielmo y Marco Confortola, ambos experimentados monta\u00f1itas con 12 ochomiles en su curr\u00edculum), al tiempo que se incorporaron al grupo Santiago Quintero (andinista ecuatoriano de gran trayectoria) y Hugo Ayaviri (gu\u00eda profesional de Bolivia).<\/p>\n<p>En esta ocasi\u00f3n, Toro fue el \u00fanico argentino en Nanga Parbat y, entre todos, contrataron los servicios log\u00edsticos de la agencia Lela Peak para traslados y servicios en campamento base.<\/p>\n<p>\u00abEn cuanto al summit push (ataque a la cumbre), las agencias y mayor\u00eda de los grupos apuntaban al 2 de julio para la cima. Nosotros necesit\u00e1bamos un d\u00eda m\u00e1s de descanso por lo que, forzando un poco la ventana de clima, partimos el 30 de Campo Base directo a C2 (6.100 metros), dur\u00edsimo como la primera vez. El 1 de julio a C3 (6.800m) y el 2 subimos por primera vez a C4 (7.350m)\u00bb, se\u00f1al\u00f3 el monta\u00f1ista.<\/p>\n<p>Toro agreg\u00f3 que fueron \u00abla \u00fanica expedici\u00f3n en usar C4 en la estrategia de cumbre, el resto (mayormente con ox\u00edgeno) atacaron la cima desde C3. En C4 las cosas se pusieron feas, por un error log\u00edstico nuestro tuvimos que acomodarnos 5 personas en una carpa de 3. La noche previa a la cima es fundamental hidratar, comer algo y dormir un poco para recuperarse del ascenso de ese mismo d\u00eda; nada de eso fue posible\u00bb.<\/p>\n<p>\u00abCon viento y mucho fr\u00edo, esa noche falleci\u00f3 a metros de nuestra carpa un polaco que todav\u00eda descend\u00eda, colapsado, de su cumbre del d\u00eda anterior. En este delicado contexto, iniciamos a las 5 de la ma\u00f1ana nuestro intento de cumbre, con bajas probabilidades. La emoci\u00f3n de pasar la barrera de los 8.000 metros sin ox\u00edgeno y una hora despu\u00e9s llegar la cumbre del Nanga Parbat pas\u00f3 fundamentalmente por el orgullo de llevar por primera vez en la historia la bandera argentina a ese remoto y m\u00edtico lugar\u00bb, complet\u00f3.<\/p>\n<p>\u00abPero no viv\u00ed casi nunca ah\u00ed, porque mi pap\u00e1 era militar y, por su actividad, nos mudamos a varios lugares del interior del pa\u00eds. Ahora, mi lugar en el mundo es Pilar, en la provincia de Buenos Aires, donde habito desde hace 20 a\u00f1os\u00bb, cont\u00f3 junto con su esposa Marina y sus tres hijos, Martina, Julieta y Sebasti\u00e1n, quienes lo ayudan a cumplir sus \u00absue\u00f1os\u00bb.<\/p>\n<p>El monta\u00f1ista mendocino, que tambi\u00e9n escal\u00f3 el Aconcagua (6.962 metros), la monta\u00f1a m\u00e1s alta de Argentina, de Am\u00e9rica y del resto del mundo fuera de Asia, tuvo su primera experiencia hace 20 a\u00f1os cuando hizo cumbre en el volc\u00e1n Lan\u00edn (3.776 metros) en Neuqu\u00e9n.<\/p>\n<p>El Nanga Parbat es el noveno pico m\u00e1s alto del mundo y una de las 3 monta\u00f1as m\u00e1s exigentes y extremas del planeta, junto con la K2 (8.612 metros), tambi\u00e9n en Pakist\u00e1n, y la Annapurna (8.069 metros), en Nepal, todas en la cadena del Himalaya; quiz\u00e1s, las pr\u00f3ximas expediciones del entusiasta y aventurero Juan Pablo Toro.<\/p>\n<p>&nbsp;<\/p>\n<p>&nbsp;<\/p>\n<p>T\u00e9lam.<\/p>\n","protected":false},"excerpt":{"rendered":"<p>Para la expedici\u00f3n 2023 hacia la conocida como \u00abKiller Mountain\u00bb, Toro form\u00f3 un equipo junto a 5 italianos , al tiempo que se incorporaron al grupo un andinista ecuatoriano y un gu\u00eda profesional de Bolivia. <\/p>\n","protected":false},"author":3,"featured_media":10087,"comment_status":"open","ping_status":"open","sticky":false,"template":"","format":"standard","meta":{"_jetpack_memberships_contains_paid_content":false,"footnotes":""},"categories":[8,15,18,17],"tags":[],"class_list":["post-10080","post","type-post","status-publish","format-standard","has-post-thumbnail","hentry","category-actualidad","category-deporte","category-internacional","category-nacional"],"jetpack_featured_media_url":"https:\/\/comunicartesanluis.com\/v1\/wp-content\/uploads\/2023\/07\/64a7039543d03_450.jpg","jetpack_sharing_enabled":true,"_links":{"self":[{"href":"https:\/\/comunicartesanluis.com\/index.php\/wp-json\/wp\/v2\/posts\/10080","targetHints":{"allow":["GET"]}}],"collection":[{"href":"https:\/\/comunicartesanluis.com\/index.php\/wp-json\/wp\/v2\/posts"}],"about":[{"href":"https:\/\/comunicartesanluis.com\/index.php\/wp-json\/wp\/v2\/types\/post"}],"author":[{"embeddable":true,"href":"https:\/\/comunicartesanluis.com\/index.php\/wp-json\/wp\/v2\/users\/3"}],"replies":[{"embeddable":true,"href":"https:\/\/comunicartesanluis.com\/index.php\/wp-json\/wp\/v2\/comments?post=10080"}],"version-history":[{"count":3,"href":"https:\/\/comunicartesanluis.com\/index.php\/wp-json\/wp\/v2\/posts\/10080\/revisions"}],"predecessor-version":[{"id":10088,"href":"https:\/\/comunicartesanluis.com\/index.php\/wp-json\/wp\/v2\/posts\/10080\/revisions\/10088"}],"wp:featuredmedia":[{"embeddable":true,"href":"https:\/\/comunicartesanluis.com\/index.php\/wp-json\/wp\/v2\/media\/10087"}],"wp:attachment":[{"href":"https:\/\/comunicartesanluis.com\/index.php\/wp-json\/wp\/v2\/media?parent=10080"}],"wp:term":[{"taxonomy":"category","embeddable":true,"href":"https:\/\/comunicartesanluis.com\/index.php\/wp-json\/wp\/v2\/categories?post=10080"},{"taxonomy":"post_tag","embeddable":true,"href":"https:\/\/comunicartesanluis.com\/index.php\/wp-json\/wp\/v2\/tags?post=10080"}],"curies":[{"name":"wp","href":"https:\/\/api.w.org\/{rel}","templated":true}]}}