{"id":10092,"date":"2023-07-10T14:40:30","date_gmt":"2023-07-10T17:40:30","guid":{"rendered":"https:\/\/comunicartesanluis.com\/?p=10092"},"modified":"2023-07-10T14:40:30","modified_gmt":"2023-07-10T17:40:30","slug":"los-pumas-llegaron-a-australia-para-el-segundo-compromiso-en-el-rugby-championship","status":"publish","type":"post","link":"https:\/\/comunicartesanluis.com\/index.php\/2023\/07\/10\/los-pumas-llegaron-a-australia-para-el-segundo-compromiso-en-el-rugby-championship\/","title":{"rendered":"Los Pumas llegaron a Australia para el segundo compromiso en el Rugby Championship"},"content":{"rendered":"<p>El seleccionado argentino de rugby arrib\u00f3 este lunes con un plantel de 36 jugadores a la ciudad australiana de Sydney, donde el s\u00e1bado enfrentar\u00e1 a los Wallabies por la segunda fecha del Championship 2023.<\/p>\n<p>Los jugadores integrantes de la delegaci\u00f3n son los siguientes: Tom\u00e1s Albornoz, Mat\u00edas Alemanno, Lautaro Baz\u00e1n V\u00e9lez, Eduardo Bello, Gonzalo Bertranou, Emiliano Boffelli, Rodrigo Bruni, Sebasti\u00e1n Cancelliere, Mateo Carreras, Santiago Carreras, Santiago Chocobares, Lucio Cinti, Santiago Cordero, Agust\u00edn Creevy, Jer\u00f3nimo De la Fuente, Thomas Gallo, Francisco G\u00f3mez Kodela y Juan Mart\u00edn Gonz\u00e1lez, Santiago Grondona, Juan Imhoff, Facundo Isa, Rodrigo Isgr\u00f3, Tom\u00e1s Lavanini, Juan Cruz Mall\u00eda, Pablo Matera, Juli\u00e1n Montoya, Mat\u00edas Moroni, Mat\u00edas Orlando, Lucas Paulos, Guido Petti, Pedro Rubiolo, Ignacio Ruiz, Nicol\u00e1s S\u00e1nchez, Joel Sclavi, Nahuel Tetaz Chaparro y Mayco Vivas.<\/p>\n<p>Despu\u00e9s de perder con los All Blacks (41-12) en el debut en Mendoza, Los Pumas asumir\u00e1n su siguiente compromiso este s\u00e1bado a las 6.45 frente a Australia en el estadio Commbank.<\/p>\n<p>Como parte de la misma gira, volver\u00e1n a jugar el s\u00e1bado 29 a las 12.05 con los Springboks de Sud\u00e1frica, vigentes campeones del mundo, por la tercera fecha.<\/p>\n<p>&nbsp;<\/p>\n<p>&nbsp;<\/p>\n<p>&nbsp;<\/p>\n<p>Fuente: T\u00e9lam.<\/p>\n","protected":false},"excerpt":{"rendered":"<p>uego perder con los All Blacks (41-12) en el debut en Mendoza, el conjunto argentino asumir\u00e1 el pr\u00f3ximo s\u00e1bado a las 6.45 el encuentro frente a los Wallabies. <\/p>\n","protected":false},"author":3,"featured_media":10093,"comment_status":"open","ping_status":"open","sticky":false,"template":"","format":"standard","meta":{"_jetpack_memberships_contains_paid_content":false,"footnotes":""},"categories":[15,17],"tags":[],"class_list":["post-10092","post","type-post","status-publish","format-standard","has-post-thumbnail","hentry","category-deporte","category-nacional"],"jetpack_featured_media_url":"https:\/\/comunicartesanluis.com\/v1\/wp-content\/uploads\/2023\/07\/pumas-all-blacks-454196-173838.jpg","jetpack_sharing_enabled":true,"_links":{"self":[{"href":"https:\/\/comunicartesanluis.com\/index.php\/wp-json\/wp\/v2\/posts\/10092","targetHints":{"allow":["GET"]}}],"collection":[{"href":"https:\/\/comunicartesanluis.com\/index.php\/wp-json\/wp\/v2\/posts"}],"about":[{"href":"https:\/\/comunicartesanluis.com\/index.php\/wp-json\/wp\/v2\/types\/post"}],"author":[{"embeddable":true,"href":"https:\/\/comunicartesanluis.com\/index.php\/wp-json\/wp\/v2\/users\/3"}],"replies":[{"embeddable":true,"href":"https:\/\/comunicartesanluis.com\/index.php\/wp-json\/wp\/v2\/comments?post=10092"}],"version-history":[{"count":1,"href":"https:\/\/comunicartesanluis.com\/index.php\/wp-json\/wp\/v2\/posts\/10092\/revisions"}],"predecessor-version":[{"id":10094,"href":"https:\/\/comunicartesanluis.com\/index.php\/wp-json\/wp\/v2\/posts\/10092\/revisions\/10094"}],"wp:featuredmedia":[{"embeddable":true,"href":"https:\/\/comunicartesanluis.com\/index.php\/wp-json\/wp\/v2\/media\/10093"}],"wp:attachment":[{"href":"https:\/\/comunicartesanluis.com\/index.php\/wp-json\/wp\/v2\/media?parent=10092"}],"wp:term":[{"taxonomy":"category","embeddable":true,"href":"https:\/\/comunicartesanluis.com\/index.php\/wp-json\/wp\/v2\/categories?post=10092"},{"taxonomy":"post_tag","embeddable":true,"href":"https:\/\/comunicartesanluis.com\/index.php\/wp-json\/wp\/v2\/tags?post=10092"}],"curies":[{"name":"wp","href":"https:\/\/api.w.org\/{rel}","templated":true}]}}