{"id":10107,"date":"2023-07-10T16:06:12","date_gmt":"2023-07-10T19:06:12","guid":{"rendered":"https:\/\/comunicartesanluis.com\/?p=10107"},"modified":"2023-07-10T16:06:12","modified_gmt":"2023-07-10T19:06:12","slug":"mas-de-3-mil-estudiantes-ya-forman-parte-del-plan-provincial-de-atletismo","status":"publish","type":"post","link":"https:\/\/comunicartesanluis.com\/index.php\/2023\/07\/10\/mas-de-3-mil-estudiantes-ya-forman-parte-del-plan-provincial-de-atletismo\/","title":{"rendered":"M\u00e1s de 3 mil estudiantes ya forman parte del Plan Provincial de Atletismo"},"content":{"rendered":"<p class=\"mb-3 mt-3\">Con el objetivo de ofrecer a ni\u00f1os y adolescentes actividades atl\u00e9ticas para provecho educativo, deportivo y de salud, <strong>el plan busca proporcionar los medios para la formaci\u00f3n atl\u00e9tica deportiva mediante el desarrollo de habilidades motrices b\u00e1sicas,\u00a0<\/strong>como correr, saltar y lanzar, y as\u00ed disfrutar y desenvolverse en este medio.<\/p>\n<div class=\"\">\n<p><img decoding=\"async\" class=\"alignnone size-full wp-image-883668\" src=\"http:\/\/agenciasanluis.com\/wp-content\/uploads\/2023\/07\/WhatsApp-Image-2023-07-03-at-12.56.28-3.jpeg\" sizes=\"(max-width: 1600px) 100vw, 1600px\" srcset=\"https:\/\/agenciasanluis.com\/wp-content\/uploads\/2023\/07\/WhatsApp-Image-2023-07-03-at-12.56.28-3.jpeg 1600w, https:\/\/agenciasanluis.com\/wp-content\/uploads\/2023\/07\/WhatsApp-Image-2023-07-03-at-12.56.28-3-300x200.jpeg 300w, https:\/\/agenciasanluis.com\/wp-content\/uploads\/2023\/07\/WhatsApp-Image-2023-07-03-at-12.56.28-3-630x420.jpeg 630w, https:\/\/agenciasanluis.com\/wp-content\/uploads\/2023\/07\/WhatsApp-Image-2023-07-03-at-12.56.28-3-768x512.jpeg 768w, https:\/\/agenciasanluis.com\/wp-content\/uploads\/2023\/07\/WhatsApp-Image-2023-07-03-at-12.56.28-3-1536x1024.jpeg 1536w, https:\/\/agenciasanluis.com\/wp-content\/uploads\/2023\/07\/WhatsApp-Image-2023-07-03-at-12.56.28-3-900x600.jpeg 900w\" alt=\"\" width=\"1600\" height=\"1067\" \/><\/p>\n<p>El Plan Provincial de Atletismo comenz\u00f3 su ejecuci\u00f3n en la pista sint\u00e9tica del Centro de Desarrollo Deportivo \u201cPedro Presti\u201d y en el Centro de Desarrollo y Especializaci\u00f3n Deportiva \u201cAve F\u00e9nix\u201d, con alumnas y alumnos del Centro Educativo \u201cEva Per\u00f3n\u201d, la Escuela N\u00b0 27 \u201cSaturnino Gonz\u00e1lez Camarero\u201d, las escuelas generativas \u201cLa Victoriosa\u201d, \u201cCoraz\u00f3n Victoria\u201d y \u201cAve F\u00e9nix\u201d; sum\u00e1ndose tambi\u00e9n, la Escuela T\u00e9cnica N\u00b0 37 \u201cIngeniero Germ\u00e1n Ave Lallemant\u201d y el Colegio N\u00b0 7 \u201cProfesor Roberto Moyano\u201d. Pr\u00f3ximamente se incorporar\u00e1n instituciones educativas de Concar\u00e1n, El Volc\u00e1n, Villa Mercedes, La Toma, Naschel y Tilisarao.<\/p>\n<p><img decoding=\"async\" class=\"alignnone size-full wp-image-883666\" src=\"http:\/\/agenciasanluis.com\/wp-content\/uploads\/2023\/07\/WhatsApp-Image-2023-07-03-at-12.56.28-5.jpeg\" sizes=\"(max-width: 1600px) 100vw, 1600px\" srcset=\"https:\/\/agenciasanluis.com\/wp-content\/uploads\/2023\/07\/WhatsApp-Image-2023-07-03-at-12.56.28-5.jpeg 1600w, https:\/\/agenciasanluis.com\/wp-content\/uploads\/2023\/07\/WhatsApp-Image-2023-07-03-at-12.56.28-5-300x200.jpeg 300w, https:\/\/agenciasanluis.com\/wp-content\/uploads\/2023\/07\/WhatsApp-Image-2023-07-03-at-12.56.28-5-630x420.jpeg 630w, https:\/\/agenciasanluis.com\/wp-content\/uploads\/2023\/07\/WhatsApp-Image-2023-07-03-at-12.56.28-5-768x512.jpeg 768w, https:\/\/agenciasanluis.com\/wp-content\/uploads\/2023\/07\/WhatsApp-Image-2023-07-03-at-12.56.28-5-1536x1024.jpeg 1536w, https:\/\/agenciasanluis.com\/wp-content\/uploads\/2023\/07\/WhatsApp-Image-2023-07-03-at-12.56.28-5-900x600.jpeg 900w\" alt=\"\" width=\"1600\" height=\"1067\" \/><\/p>\n<p>Este Plan cuenta con la plataforma y el aval de la ULP, el Ministerio de Educaci\u00f3n y de la Federaci\u00f3n Atl\u00e9tica Sanluise\u00f1a. Los profesores a cargo de las clases forman parte de capacitaciones compuestas y desarrolladas por cuatro profesionales de la Confederaci\u00f3n Argentina de Atletismo (CADA), tales como el licenciado Hugo G\u00f3mez (\u00e1rea velocidad y desarrollo atl\u00e9tico CADA), Julio Pi\u00f1ero (\u00e1rea Lanzamientos y desarrollo atl\u00e9tico CADA), Maximiliano Troncoso (\u00e1rea saltos y desarrollo atl\u00e9tico CADA) y el licenciado Sergio Alfonsini (\u00e1rea lanzamientos y director t\u00e9cnico nacional de la CADA).<\/p>\n<p><img decoding=\"async\" class=\"alignnone size-full wp-image-883660\" src=\"http:\/\/agenciasanluis.com\/wp-content\/uploads\/2023\/07\/WhatsApp-Image-2023-07-03-at-12.56.28-10.jpeg\" sizes=\"(max-width: 1600px) 100vw, 1600px\" srcset=\"https:\/\/agenciasanluis.com\/wp-content\/uploads\/2023\/07\/WhatsApp-Image-2023-07-03-at-12.56.28-10.jpeg 1600w, https:\/\/agenciasanluis.com\/wp-content\/uploads\/2023\/07\/WhatsApp-Image-2023-07-03-at-12.56.28-10-300x200.jpeg 300w, https:\/\/agenciasanluis.com\/wp-content\/uploads\/2023\/07\/WhatsApp-Image-2023-07-03-at-12.56.28-10-630x420.jpeg 630w, https:\/\/agenciasanluis.com\/wp-content\/uploads\/2023\/07\/WhatsApp-Image-2023-07-03-at-12.56.28-10-768x512.jpeg 768w, https:\/\/agenciasanluis.com\/wp-content\/uploads\/2023\/07\/WhatsApp-Image-2023-07-03-at-12.56.28-10-1536x1024.jpeg 1536w, https:\/\/agenciasanluis.com\/wp-content\/uploads\/2023\/07\/WhatsApp-Image-2023-07-03-at-12.56.28-10-900x600.jpeg 900w\" alt=\"\" width=\"1600\" height=\"1067\" \/><\/p>\n<p><strong>\u201cEl Deporte va a la Escuela\u201d<\/strong>\u00a0forma parte del Plan 2020\/2030 elaborado por Deportes durante el a\u00f1o 2020, el cual\u00a0<strong>tiene como uno de sus objetivos implementar talleres deportivos extracurriculares en establecimientos educativos de toda la provincia.<\/strong>\u00a0A su vez, esta iniciativa est\u00e1 incorporada en el Plan Educativo Provincial 2022 (PEP), que define seis ejes fundamentales y uno de ellos es \u201cSalud y Actividad F\u00edsica\u201d.<\/p>\n<div id=\"gallery-1\" class=\"gallery galleryid-883636 gallery-columns-2 gallery-size-full\">\n<dl class=\"gallery-item\">\n<dt class=\"gallery-icon landscape\"><a class=\"ewd-ulb-lightbox\" href=\"https:\/\/agenciasanluis.com\/notas\/2023\/07\/03\/mas-de-3-mil-estudiantes-ya-forman-parte-del-plan-provincial-de-atletismo\/whatsapp-image-2023-07-03-at-12-56-28\/\"><img decoding=\"async\" class=\"attachment-full size-full\" src=\"https:\/\/agenciasanluis.com\/wp-content\/uploads\/2023\/07\/WhatsApp-Image-2023-07-03-at-12.56.28.jpeg\" sizes=\"(max-width: 1600px) 100vw, 1600px\" srcset=\"https:\/\/agenciasanluis.com\/wp-content\/uploads\/2023\/07\/WhatsApp-Image-2023-07-03-at-12.56.28.jpeg 1600w, https:\/\/agenciasanluis.com\/wp-content\/uploads\/2023\/07\/WhatsApp-Image-2023-07-03-at-12.56.28-300x200.jpeg 300w, https:\/\/agenciasanluis.com\/wp-content\/uploads\/2023\/07\/WhatsApp-Image-2023-07-03-at-12.56.28-630x420.jpeg 630w, https:\/\/agenciasanluis.com\/wp-content\/uploads\/2023\/07\/WhatsApp-Image-2023-07-03-at-12.56.28-768x512.jpeg 768w, https:\/\/agenciasanluis.com\/wp-content\/uploads\/2023\/07\/WhatsApp-Image-2023-07-03-at-12.56.28-1536x1024.jpeg 1536w, https:\/\/agenciasanluis.com\/wp-content\/uploads\/2023\/07\/WhatsApp-Image-2023-07-03-at-12.56.28-900x600.jpeg 900w\" alt=\"\" width=\"1600\" height=\"1067\" \/><\/a><\/dt>\n<\/dl>\n<dl class=\"gallery-item\">\n<dt class=\"gallery-icon landscape\"><a class=\"ewd-ulb-lightbox\" href=\"https:\/\/agenciasanluis.com\/notas\/2023\/07\/03\/mas-de-3-mil-estudiantes-ya-forman-parte-del-plan-provincial-de-atletismo\/whatsapp-image-2023-07-03-at-12-56-28-1\/\"><img decoding=\"async\" class=\"attachment-full size-full\" src=\"https:\/\/agenciasanluis.com\/wp-content\/uploads\/2023\/07\/WhatsApp-Image-2023-07-03-at-12.56.28-1.jpeg\" sizes=\"(max-width: 1600px) 100vw, 1600px\" srcset=\"https:\/\/agenciasanluis.com\/wp-content\/uploads\/2023\/07\/WhatsApp-Image-2023-07-03-at-12.56.28-1.jpeg 1600w, https:\/\/agenciasanluis.com\/wp-content\/uploads\/2023\/07\/WhatsApp-Image-2023-07-03-at-12.56.28-1-300x200.jpeg 300w, https:\/\/agenciasanluis.com\/wp-content\/uploads\/2023\/07\/WhatsApp-Image-2023-07-03-at-12.56.28-1-630x420.jpeg 630w, https:\/\/agenciasanluis.com\/wp-content\/uploads\/2023\/07\/WhatsApp-Image-2023-07-03-at-12.56.28-1-768x512.jpeg 768w, https:\/\/agenciasanluis.com\/wp-content\/uploads\/2023\/07\/WhatsApp-Image-2023-07-03-at-12.56.28-1-1536x1024.jpeg 1536w, https:\/\/agenciasanluis.com\/wp-content\/uploads\/2023\/07\/WhatsApp-Image-2023-07-03-at-12.56.28-1-900x600.jpeg 900w\" alt=\"\" width=\"1600\" height=\"1067\" \/><\/a><\/dt>\n<\/dl>\n<dl class=\"gallery-item\">\n<dt class=\"gallery-icon landscape\"><a class=\"ewd-ulb-lightbox\" href=\"https:\/\/agenciasanluis.com\/notas\/2023\/07\/03\/mas-de-3-mil-estudiantes-ya-forman-parte-del-plan-provincial-de-atletismo\/whatsapp-image-2023-07-03-at-12-56-28-3\/\"><img decoding=\"async\" class=\"attachment-full size-full\" src=\"https:\/\/agenciasanluis.com\/wp-content\/uploads\/2023\/07\/WhatsApp-Image-2023-07-03-at-12.56.28-3.jpeg\" sizes=\"(max-width: 1600px) 100vw, 1600px\" srcset=\"https:\/\/agenciasanluis.com\/wp-content\/uploads\/2023\/07\/WhatsApp-Image-2023-07-03-at-12.56.28-3.jpeg 1600w, https:\/\/agenciasanluis.com\/wp-content\/uploads\/2023\/07\/WhatsApp-Image-2023-07-03-at-12.56.28-3-300x200.jpeg 300w, https:\/\/agenciasanluis.com\/wp-content\/uploads\/2023\/07\/WhatsApp-Image-2023-07-03-at-12.56.28-3-630x420.jpeg 630w, https:\/\/agenciasanluis.com\/wp-content\/uploads\/2023\/07\/WhatsApp-Image-2023-07-03-at-12.56.28-3-768x512.jpeg 768w, https:\/\/agenciasanluis.com\/wp-content\/uploads\/2023\/07\/WhatsApp-Image-2023-07-03-at-12.56.28-3-1536x1024.jpeg 1536w, https:\/\/agenciasanluis.com\/wp-content\/uploads\/2023\/07\/WhatsApp-Image-2023-07-03-at-12.56.28-3-900x600.jpeg 900w\" alt=\"\" width=\"1600\" height=\"1067\" \/><\/a><\/dt>\n<\/dl>\n<dl class=\"gallery-item\">\n<dt class=\"gallery-icon landscape\"><a class=\"ewd-ulb-lightbox\" href=\"https:\/\/agenciasanluis.com\/notas\/2023\/07\/03\/mas-de-3-mil-estudiantes-ya-forman-parte-del-plan-provincial-de-atletismo\/whatsapp-image-2023-07-03-at-12-56-28-4\/\"><img decoding=\"async\" class=\"attachment-full size-full\" src=\"https:\/\/agenciasanluis.com\/wp-content\/uploads\/2023\/07\/WhatsApp-Image-2023-07-03-at-12.56.28-4.jpeg\" sizes=\"(max-width: 1600px) 100vw, 1600px\" srcset=\"https:\/\/agenciasanluis.com\/wp-content\/uploads\/2023\/07\/WhatsApp-Image-2023-07-03-at-12.56.28-4.jpeg 1600w, https:\/\/agenciasanluis.com\/wp-content\/uploads\/2023\/07\/WhatsApp-Image-2023-07-03-at-12.56.28-4-300x200.jpeg 300w, https:\/\/agenciasanluis.com\/wp-content\/uploads\/2023\/07\/WhatsApp-Image-2023-07-03-at-12.56.28-4-630x420.jpeg 630w, https:\/\/agenciasanluis.com\/wp-content\/uploads\/2023\/07\/WhatsApp-Image-2023-07-03-at-12.56.28-4-768x512.jpeg 768w, https:\/\/agenciasanluis.com\/wp-content\/uploads\/2023\/07\/WhatsApp-Image-2023-07-03-at-12.56.28-4-1536x1024.jpeg 1536w, https:\/\/agenciasanluis.com\/wp-content\/uploads\/2023\/07\/WhatsApp-Image-2023-07-03-at-12.56.28-4-900x600.jpeg 900w\" alt=\"\" width=\"1600\" height=\"1067\" \/><\/a><\/dt>\n<\/dl>\n<dl class=\"gallery-item\">\n<dt class=\"gallery-icon landscape\"><a class=\"ewd-ulb-lightbox\" href=\"https:\/\/agenciasanluis.com\/notas\/2023\/07\/03\/mas-de-3-mil-estudiantes-ya-forman-parte-del-plan-provincial-de-atletismo\/whatsapp-image-2023-07-03-at-12-56-28-6\/\"><img decoding=\"async\" class=\"attachment-full size-full\" src=\"https:\/\/agenciasanluis.com\/wp-content\/uploads\/2023\/07\/WhatsApp-Image-2023-07-03-at-12.56.28-6.jpeg\" sizes=\"(max-width: 1600px) 100vw, 1600px\" srcset=\"https:\/\/agenciasanluis.com\/wp-content\/uploads\/2023\/07\/WhatsApp-Image-2023-07-03-at-12.56.28-6.jpeg 1600w, https:\/\/agenciasanluis.com\/wp-content\/uploads\/2023\/07\/WhatsApp-Image-2023-07-03-at-12.56.28-6-300x200.jpeg 300w, https:\/\/agenciasanluis.com\/wp-content\/uploads\/2023\/07\/WhatsApp-Image-2023-07-03-at-12.56.28-6-630x420.jpeg 630w, https:\/\/agenciasanluis.com\/wp-content\/uploads\/2023\/07\/WhatsApp-Image-2023-07-03-at-12.56.28-6-768x512.jpeg 768w, https:\/\/agenciasanluis.com\/wp-content\/uploads\/2023\/07\/WhatsApp-Image-2023-07-03-at-12.56.28-6-1536x1024.jpeg 1536w, https:\/\/agenciasanluis.com\/wp-content\/uploads\/2023\/07\/WhatsApp-Image-2023-07-03-at-12.56.28-6-900x600.jpeg 900w\" alt=\"\" width=\"1600\" height=\"1067\" \/><\/a><\/dt>\n<\/dl>\n<dl class=\"gallery-item\">\n<dt class=\"gallery-icon landscape\"><a class=\"ewd-ulb-lightbox\" href=\"https:\/\/agenciasanluis.com\/notas\/2023\/07\/03\/mas-de-3-mil-estudiantes-ya-forman-parte-del-plan-provincial-de-atletismo\/whatsapp-image-2023-07-03-at-12-56-28-7\/\"><img decoding=\"async\" class=\"attachment-full size-full\" src=\"https:\/\/agenciasanluis.com\/wp-content\/uploads\/2023\/07\/WhatsApp-Image-2023-07-03-at-12.56.28-7.jpeg\" sizes=\"(max-width: 1600px) 100vw, 1600px\" srcset=\"https:\/\/agenciasanluis.com\/wp-content\/uploads\/2023\/07\/WhatsApp-Image-2023-07-03-at-12.56.28-7.jpeg 1600w, https:\/\/agenciasanluis.com\/wp-content\/uploads\/2023\/07\/WhatsApp-Image-2023-07-03-at-12.56.28-7-300x200.jpeg 300w, https:\/\/agenciasanluis.com\/wp-content\/uploads\/2023\/07\/WhatsApp-Image-2023-07-03-at-12.56.28-7-630x420.jpeg 630w, https:\/\/agenciasanluis.com\/wp-content\/uploads\/2023\/07\/WhatsApp-Image-2023-07-03-at-12.56.28-7-768x512.jpeg 768w, https:\/\/agenciasanluis.com\/wp-content\/uploads\/2023\/07\/WhatsApp-Image-2023-07-03-at-12.56.28-7-1536x1024.jpeg 1536w, https:\/\/agenciasanluis.com\/wp-content\/uploads\/2023\/07\/WhatsApp-Image-2023-07-03-at-12.56.28-7-900x600.jpeg 900w\" alt=\"\" width=\"1600\" height=\"1067\" \/><\/a><\/dt>\n<\/dl>\n<dl class=\"gallery-item\">\n<dt class=\"gallery-icon landscape\"><a class=\"ewd-ulb-lightbox\" href=\"https:\/\/agenciasanluis.com\/notas\/2023\/07\/03\/mas-de-3-mil-estudiantes-ya-forman-parte-del-plan-provincial-de-atletismo\/whatsapp-image-2023-07-03-at-12-56-28-11\/\"><img decoding=\"async\" class=\"attachment-full size-full\" src=\"https:\/\/agenciasanluis.com\/wp-content\/uploads\/2023\/07\/WhatsApp-Image-2023-07-03-at-12.56.28-11.jpeg\" sizes=\"(max-width: 1600px) 100vw, 1600px\" srcset=\"https:\/\/agenciasanluis.com\/wp-content\/uploads\/2023\/07\/WhatsApp-Image-2023-07-03-at-12.56.28-11.jpeg 1600w, https:\/\/agenciasanluis.com\/wp-content\/uploads\/2023\/07\/WhatsApp-Image-2023-07-03-at-12.56.28-11-300x200.jpeg 300w, https:\/\/agenciasanluis.com\/wp-content\/uploads\/2023\/07\/WhatsApp-Image-2023-07-03-at-12.56.28-11-630x420.jpeg 630w, https:\/\/agenciasanluis.com\/wp-content\/uploads\/2023\/07\/WhatsApp-Image-2023-07-03-at-12.56.28-11-768x512.jpeg 768w, https:\/\/agenciasanluis.com\/wp-content\/uploads\/2023\/07\/WhatsApp-Image-2023-07-03-at-12.56.28-11-1536x1024.jpeg 1536w, https:\/\/agenciasanluis.com\/wp-content\/uploads\/2023\/07\/WhatsApp-Image-2023-07-03-at-12.56.28-11-900x600.jpeg 900w\" alt=\"\" width=\"1600\" height=\"1067\" \/><\/a><\/dt>\n<\/dl>\n<dl class=\"gallery-item\">\n<dt class=\"gallery-icon landscape\"><a class=\"ewd-ulb-lightbox\" href=\"https:\/\/agenciasanluis.com\/notas\/2023\/07\/03\/mas-de-3-mil-estudiantes-ya-forman-parte-del-plan-provincial-de-atletismo\/whatsapp-image-2023-07-03-at-12-56-28-10\/\"><img decoding=\"async\" class=\"attachment-full size-full\" src=\"https:\/\/agenciasanluis.com\/wp-content\/uploads\/2023\/07\/WhatsApp-Image-2023-07-03-at-12.56.28-10.jpeg\" sizes=\"(max-width: 1600px) 100vw, 1600px\" srcset=\"https:\/\/agenciasanluis.com\/wp-content\/uploads\/2023\/07\/WhatsApp-Image-2023-07-03-at-12.56.28-10.jpeg 1600w, https:\/\/agenciasanluis.com\/wp-content\/uploads\/2023\/07\/WhatsApp-Image-2023-07-03-at-12.56.28-10-300x200.jpeg 300w, https:\/\/agenciasanluis.com\/wp-content\/uploads\/2023\/07\/WhatsApp-Image-2023-07-03-at-12.56.28-10-630x420.jpeg 630w, https:\/\/agenciasanluis.com\/wp-content\/uploads\/2023\/07\/WhatsApp-Image-2023-07-03-at-12.56.28-10-768x512.jpeg 768w, https:\/\/agenciasanluis.com\/wp-content\/uploads\/2023\/07\/WhatsApp-Image-2023-07-03-at-12.56.28-10-1536x1024.jpeg 1536w, https:\/\/agenciasanluis.com\/wp-content\/uploads\/2023\/07\/WhatsApp-Image-2023-07-03-at-12.56.28-10-900x600.jpeg 900w\" alt=\"\" width=\"1600\" height=\"1067\" \/><\/a><\/dt>\n<\/dl>\n<dl class=\"gallery-item\">\n<dt class=\"gallery-icon landscape\"><a class=\"ewd-ulb-lightbox\" href=\"https:\/\/agenciasanluis.com\/notas\/2023\/07\/03\/mas-de-3-mil-estudiantes-ya-forman-parte-del-plan-provincial-de-atletismo\/whatsapp-image-2023-07-03-at-12-56-28-9\/\"><img decoding=\"async\" class=\"attachment-full size-full\" src=\"https:\/\/agenciasanluis.com\/wp-content\/uploads\/2023\/07\/WhatsApp-Image-2023-07-03-at-12.56.28-9.jpeg\" sizes=\"(max-width: 1600px) 100vw, 1600px\" srcset=\"https:\/\/agenciasanluis.com\/wp-content\/uploads\/2023\/07\/WhatsApp-Image-2023-07-03-at-12.56.28-9.jpeg 1600w, https:\/\/agenciasanluis.com\/wp-content\/uploads\/2023\/07\/WhatsApp-Image-2023-07-03-at-12.56.28-9-300x200.jpeg 300w, https:\/\/agenciasanluis.com\/wp-content\/uploads\/2023\/07\/WhatsApp-Image-2023-07-03-at-12.56.28-9-630x420.jpeg 630w, https:\/\/agenciasanluis.com\/wp-content\/uploads\/2023\/07\/WhatsApp-Image-2023-07-03-at-12.56.28-9-768x512.jpeg 768w, https:\/\/agenciasanluis.com\/wp-content\/uploads\/2023\/07\/WhatsApp-Image-2023-07-03-at-12.56.28-9-1536x1024.jpeg 1536w, https:\/\/agenciasanluis.com\/wp-content\/uploads\/2023\/07\/WhatsApp-Image-2023-07-03-at-12.56.28-9-900x600.jpeg 900w\" alt=\"\" width=\"1600\" height=\"1067\" \/><\/a><\/dt>\n<\/dl>\n<dl class=\"gallery-item\">\n<dt class=\"gallery-icon landscape\"><a class=\"ewd-ulb-lightbox\" href=\"https:\/\/agenciasanluis.com\/notas\/2023\/07\/03\/mas-de-3-mil-estudiantes-ya-forman-parte-del-plan-provincial-de-atletismo\/whatsapp-image-2023-07-03-at-12-56-28-8\/\"><img decoding=\"async\" class=\"attachment-full size-full\" src=\"https:\/\/agenciasanluis.com\/wp-content\/uploads\/2023\/07\/WhatsApp-Image-2023-07-03-at-12.56.28-8.jpeg\" sizes=\"(max-width: 1600px) 100vw, 1600px\" srcset=\"https:\/\/agenciasanluis.com\/wp-content\/uploads\/2023\/07\/WhatsApp-Image-2023-07-03-at-12.56.28-8.jpeg 1600w, https:\/\/agenciasanluis.com\/wp-content\/uploads\/2023\/07\/WhatsApp-Image-2023-07-03-at-12.56.28-8-300x200.jpeg 300w, https:\/\/agenciasanluis.com\/wp-content\/uploads\/2023\/07\/WhatsApp-Image-2023-07-03-at-12.56.28-8-630x420.jpeg 630w, https:\/\/agenciasanluis.com\/wp-content\/uploads\/2023\/07\/WhatsApp-Image-2023-07-03-at-12.56.28-8-768x512.jpeg 768w, https:\/\/agenciasanluis.com\/wp-content\/uploads\/2023\/07\/WhatsApp-Image-2023-07-03-at-12.56.28-8-1536x1024.jpeg 1536w, https:\/\/agenciasanluis.com\/wp-content\/uploads\/2023\/07\/WhatsApp-Image-2023-07-03-at-12.56.28-8-900x600.jpeg 900w\" alt=\"\" width=\"1600\" height=\"1067\" \/><\/a><\/dt>\n<\/dl>\n<\/div>\n<p>Nota y fotos: Prensa Sec de Deportes.<\/p>\n<\/div>\n","protected":false},"excerpt":{"rendered":"<p>La nueva propuesta se lleva a cabo en conjunto entre la Secretar\u00eda de Deportes de la provincia  y el Ministerio de Educaci\u00f3n. Est\u00e1 dirigido a estudiantes de entre 12 y 17 a\u00f1os, y pretende replicar los beneficios del Plan Provincial de Nataci\u00f3n creado en 2022.<\/p>\n","protected":false},"author":3,"featured_media":10108,"comment_status":"open","ping_status":"open","sticky":false,"template":"","format":"standard","meta":{"_jetpack_memberships_contains_paid_content":false,"footnotes":""},"categories":[15,16],"tags":[],"class_list":["post-10107","post","type-post","status-publish","format-standard","has-post-thumbnail","hentry","category-deporte","category-local"],"jetpack_featured_media_url":"https:\/\/comunicartesanluis.com\/v1\/wp-content\/uploads\/2023\/07\/WhatsApp-Image-2023-07-03-at-12.56.28-2.jpeg","jetpack_sharing_enabled":true,"_links":{"self":[{"href":"https:\/\/comunicartesanluis.com\/index.php\/wp-json\/wp\/v2\/posts\/10107","targetHints":{"allow":["GET"]}}],"collection":[{"href":"https:\/\/comunicartesanluis.com\/index.php\/wp-json\/wp\/v2\/posts"}],"about":[{"href":"https:\/\/comunicartesanluis.com\/index.php\/wp-json\/wp\/v2\/types\/post"}],"author":[{"embeddable":true,"href":"https:\/\/comunicartesanluis.com\/index.php\/wp-json\/wp\/v2\/users\/3"}],"replies":[{"embeddable":true,"href":"https:\/\/comunicartesanluis.com\/index.php\/wp-json\/wp\/v2\/comments?post=10107"}],"version-history":[{"count":1,"href":"https:\/\/comunicartesanluis.com\/index.php\/wp-json\/wp\/v2\/posts\/10107\/revisions"}],"predecessor-version":[{"id":10109,"href":"https:\/\/comunicartesanluis.com\/index.php\/wp-json\/wp\/v2\/posts\/10107\/revisions\/10109"}],"wp:featuredmedia":[{"embeddable":true,"href":"https:\/\/comunicartesanluis.com\/index.php\/wp-json\/wp\/v2\/media\/10108"}],"wp:attachment":[{"href":"https:\/\/comunicartesanluis.com\/index.php\/wp-json\/wp\/v2\/media?parent=10107"}],"wp:term":[{"taxonomy":"category","embeddable":true,"href":"https:\/\/comunicartesanluis.com\/index.php\/wp-json\/wp\/v2\/categories?post=10107"},{"taxonomy":"post_tag","embeddable":true,"href":"https:\/\/comunicartesanluis.com\/index.php\/wp-json\/wp\/v2\/tags?post=10107"}],"curies":[{"name":"wp","href":"https:\/\/api.w.org\/{rel}","templated":true}]}}