{"id":10110,"date":"2023-07-10T16:43:04","date_gmt":"2023-07-10T19:43:04","guid":{"rendered":"https:\/\/comunicartesanluis.com\/?p=10110"},"modified":"2023-07-10T16:43:04","modified_gmt":"2023-07-10T19:43:04","slug":"las-veces-que-river-salio-campeon-sin-jugar","status":"publish","type":"post","link":"https:\/\/comunicartesanluis.com\/index.php\/2023\/07\/10\/las-veces-que-river-salio-campeon-sin-jugar\/","title":{"rendered":"Las veces que River sali\u00f3 campe\u00f3n sin jugar"},"content":{"rendered":"<div class=\"sc-8ac06f2-1 fJyQFn\">\n<div class=\"sc-8ac06f2-2 crcYvp\">\n<div class=\"sc-6d5ed123-0 fTprMS\"><\/div>\n<\/div>\n<div class=\"sc-8ac06f2-3 dIfjBu\">\n<p>Nosotros vamos a vivir seguramente en nuestro estadio un d\u00eda maravilloso porque cada vez que se juega de local vienen 86 mil personas a alentarnos, a apoyar y a cantar y el s\u00e1bado no va a ser la excepci\u00f3n. <strong>Talleres que haga lo que tenga que hacer, nosotros dependemos de nosotros&#8230;\u00bb.<\/strong><\/p>\n<\/div>\n<\/div>\n<section class=\"sc-936d2301-2 iooyZc\">\n<section class=\"sc-936d2301-1 MCPMt\">\n<article id=\"storyBody\" class=\"sc-936d2301-11 kvKEEl\">\n<div class=\"sc-905ccbfc-5 kckOEu\">\n<div>\n<div id=\"div-gpt-ad-inread\">\n<div id=\"google_ads_iframe_\/242767168\/ole\/futbol-primera\/nota\/inread_0__container__\"><\/div>\n<\/div>\n<\/div>\n<\/div>\n<div class=\"custom-text \">\n<p>El pensamiento de\u00a0<strong><a class=\"slug\" title=\"Martin Demichelis\" href=\"https:\/\/www.ole.com.ar\/tema\/martin-demichelis.html\">Mart\u00edn Demichelis<\/a><\/strong>\u00a0es bien claro: por m\u00e1s que este lunes a la noche\u00a0<strong>pueda cerrarse el torneo si Talleres pierde contra Uni\u00f3n<\/strong>, sabe que su equipo tendr\u00e1 el\u00a0<strong>match point ante Estudiantes<\/strong>\u00a0en el\u00a0<strong><a class=\"slug\" title=\"Estadio Monumental\" href=\"https:\/\/www.ole.com.ar\/tema\/estadio-monumental.html\">Monumental\u00a0<\/a><\/strong>y no pretende prenderle velas a nadie. Igual, claro que si llega una mano de los santafesinos no ser\u00e1 mal recibida: en caso de que se d\u00e9 y\u00a0<strong><a class=\"slug\" title=\"River Plate\" href=\"https:\/\/www.ole.com.ar\/tema\/river-plate.html\">River\u00a0<\/a><\/strong>grite campe\u00f3n all\u00e1 por las 23.30, se repetir\u00e1 una situaci\u00f3n que no es tan com\u00fan en el f\u00fatbol y que\u00a0<strong>en el club tuvo su \u00faltima vez en 1994&#8230;<\/strong><\/p>\n<\/div>\n<div class=\"custom-text \">\n<h2><strong>Apertura 1994<\/strong><\/h2>\n<\/div>\n<div id=\"aa510b8e-4b42-4f99-b253-ed1cd436020b\"><\/div>\n<div class=\"custom-text \">\n<p>La del Apertura de ese a\u00f1o fue la tercera en la historia.\u00a0<strong>River<\/strong>, dirigido en aquel entonces por el\u00a0<strong>Tolo Gallego<\/strong>, era el puntero (<strong>San Lorenzo<\/strong>, segundo) y deb\u00eda jugar el\u00a0<strong>supercl\u00e1sico en la pen\u00faltima fecha<\/strong>: un triunfo en la Bombonera no le daba el t\u00edtulo pero s\u00ed lo dejaba a tiro. Y se dio el\u00a0<strong>recordad\u00edsimo 3-0,<\/strong>\u00a0con una muestra de f\u00fatbol total:\u00a0<strong>Francescoli\u00a0<\/strong>de penal,\u00a0<strong>Ortega\u00a0<\/strong>con un tiro desde afuera del \u00e1rea y el\u00a0<strong><a class=\"slug\" title=\"Marcelo Gallardo\" href=\"https:\/\/www.ole.com.ar\/tema\/marcelo-gallardo.html\">Mu\u00f1eco Gallardo<\/a><\/strong>\u00a0tambi\u00e9n desde la pena m\u00e1xima fueron los autores de los goles de un partido que qued\u00f3 en el recuerdo.<\/p>\n<\/div>\n<div class=\"custom-text \">\n<p><strong>El equipo del Tolo se consagrar\u00eda cuatro d\u00edas despu\u00e9s, cuando San Lorenzo perdi\u00f3 contra Newell&#8217;s en un partido que hab\u00eda sido postergado<\/strong>. El 1-1 ante V\u00e9lez de la \u00faltima fecha en el Monumental fue la excusa para festejar y dar la vuelta de la mano de un plantel que ten\u00eda muchas figuras: el Enzo, quien hab\u00eda vuelto para ese campeonato, fue el goleador del torneo (12 gritos) y tambi\u00e9n brillaban Ortega, Gallardo, Burgos y Ayala, entre otros&#8230;<\/p>\n<\/div>\n<div class=\"sc-e7b891c4-0 jPbnQF\"><img decoding=\"async\" src=\"https:\/\/www.ole.com.ar\/images\/2023\/07\/10\/6P0aaM7PX_720x0__1.jpg\" alt=\"El plantel de River campe\u00f3n del Apertura 1994. \" width=\"720\" height=\"100\" data-nimg=\"future\" \/><span class=\"epigraphe\">El plantel de River campe\u00f3n del Apertura 1994.<\/span><\/div>\n<div class=\"custom-text \">\n<h2><strong>Apertura 1991<\/strong><\/h2>\n<\/div>\n<div class=\"custom-text \">\n<p>La segunda vez que se dio que\u00a0<strong>River\u00a0<\/strong>grit\u00f3 campe\u00f3n sin haber jugado fue en el\u00a0<strong>Apertura 1991<\/strong>. En ese caso, marchaba puntero c\u00f3modamente y se coron\u00f3 a falta de tres fechas, aunque con una particularidad: por la fecha 17, unos minutos antes de que el equipo saliera al campo de juego del Monumental para enfrentar a Argentinos,\u00a0<strong>Boca perdi\u00f3 ante Estudiantes y los hinchas festejaron el t\u00edtulo con las radios en sus manos<\/strong>.<\/p>\n<\/div>\n<div class=\"custom-text \">\n<p>El equipo que en ese entonces dirig\u00eda\u00a0<strong>Daniel Passarella<\/strong>\u00a0ten\u00eda a\u00a0<strong><a class=\"slug\" title=\"Ram\u00f3n D\u00edaz\" href=\"https:\/\/www.ole.com.ar\/tema\/ramon-diaz.html\">Ram\u00f3n D\u00edaz<\/a><\/strong>\u00a0como m\u00e1xima figura y a grandes jugadores de la talla de \u00c1ngel Comizzo, Hern\u00e1n D\u00edaz, Guillermo Rivarola, Sergio Berti y un joven Ariel Ortega de 20 a\u00f1os, entre otros.<\/p>\n<\/div>\n<div class=\"sc-e7b891c4-0 jPbnQF\"><img decoding=\"async\" src=\"https:\/\/www.ole.com.ar\/images\/2023\/07\/10\/0oLgsbDji_720x0__1.jpg\" alt=\"El equipo base que dio la vuelta en 1991. \" width=\"720\" height=\"100\" data-nimg=\"future\" \/><span class=\"epigraphe\">El equipo base que dio la vuelta en 1991.<\/span><\/div>\n<div class=\"custom-text \">\n<h2><strong>Torneo de 1955<\/strong><\/h2>\n<\/div>\n<div class=\"custom-text \">\n<p>La primera, ya m\u00e1s lejos en el tiempo, se dio en\u00a0<strong>1955<\/strong>:\u00a0<strong>River\u00a0<\/strong>festej\u00f3 anticipadamente unos d\u00edas despu\u00e9s de que\u00a0<strong>le dieran por ganado un partido contra San Lorenzo que se hab\u00eda suspendido<\/strong>. En la pen\u00faltima fecha, el equipo dirigido por\u00a0<strong>Jos\u00e9 Mar\u00eda Minella<\/strong>\u00a0derrot\u00f3 2-1 a\u00a0<strong>Boca\u00a0<\/strong>en la\u00a0<strong>Bombonera\u00a0<\/strong>(goles de Labruna y el Mono Z\u00e1rate) y\u00a0<strong>dio la vuelta<\/strong>\u00a0ol\u00edmpica ah\u00ed mismo.<\/p>\n<\/div>\n<div class=\"custom-text \">\n<p>\u00bfLas figuras de ese\u00a0<strong>River<\/strong>? Amadeo Carrizo, Labruna, F\u00e9lix Loustau, Enrique Omar S\u00edvori y Pipo Rossi, quien hab\u00eda vuelto ese a\u00f1o.<\/p>\n<\/div>\n<div class=\"sc-e7b891c4-0 jPbnQF\"><img decoding=\"async\" src=\"https:\/\/www.ole.com.ar\/images\/2023\/07\/10\/n2-qLAEzv_720x0__1.jpg\" alt=\"El plantel de River campe\u00f3n del torneo de 1955\" width=\"720\" height=\"100\" data-nimg=\"future\" \/><span class=\"epigraphe\">El plantel de River campe\u00f3n del torneo de 1955<\/span><\/div>\n<div class=\"custom-text \">\n<h2><strong>Otros antecedentes recientes<\/strong><\/h2>\n<\/div>\n<div class=\"custom-text \">\n<p>Lo que puede suceder este lunes a la noche con\u00a0<strong>River\u00a0<\/strong>se dio con el\u00a0<strong>Manchester City<\/strong>\u00a0en la reciente\u00a0<strong>Premier League<\/strong>: el equipo dirigido por\u00a0<strong>Pep Guardiola<\/strong>\u00a0y con\u00a0<strong>Juli\u00e1n \u00c1lvarez<\/strong>\u00a0en su plantilla se consagr\u00f3 por la derrota del Arsenal contra el Nottingham Forest de la pen\u00faltima fecha.\u00a0<strong>En el f\u00fatbol argentino, el \u00faltimo caso fue el de Boca en el 2017<\/strong>, festejando en Bah\u00eda Blanca la noche previa a jugar contra Olimpo.<\/p>\n<\/div>\n<\/article>\n<\/section>\n<\/section>\n<p>&nbsp;<\/p>\n<p>&nbsp;<\/p>\n<p>&nbsp;<\/p>\n<p>&nbsp;<\/p>\n<p>Fuente Diario Ol\u00e9.<\/p>\n","protected":false},"excerpt":{"rendered":"<p>Lo que podr\u00eda suceder este lunes si Talleres pierde contra Uni\u00f3n ya se hab\u00eda dado en la historia. Fue en 1994.<\/p>\n","protected":false},"author":3,"featured_media":10111,"comment_status":"open","ping_status":"open","sticky":false,"template":"","format":"standard","meta":{"_jetpack_memberships_contains_paid_content":false,"footnotes":""},"categories":[8,15,17],"tags":[],"class_list":["post-10110","post","type-post","status-publish","format-standard","has-post-thumbnail","hentry","category-actualidad","category-deporte","category-nacional"],"jetpack_featured_media_url":"https:\/\/comunicartesanluis.com\/v1\/wp-content\/uploads\/2023\/07\/1PW5hA5V-_1290x760__1.jpg","jetpack_sharing_enabled":true,"_links":{"self":[{"href":"https:\/\/comunicartesanluis.com\/index.php\/wp-json\/wp\/v2\/posts\/10110","targetHints":{"allow":["GET"]}}],"collection":[{"href":"https:\/\/comunicartesanluis.com\/index.php\/wp-json\/wp\/v2\/posts"}],"about":[{"href":"https:\/\/comunicartesanluis.com\/index.php\/wp-json\/wp\/v2\/types\/post"}],"author":[{"embeddable":true,"href":"https:\/\/comunicartesanluis.com\/index.php\/wp-json\/wp\/v2\/users\/3"}],"replies":[{"embeddable":true,"href":"https:\/\/comunicartesanluis.com\/index.php\/wp-json\/wp\/v2\/comments?post=10110"}],"version-history":[{"count":2,"href":"https:\/\/comunicartesanluis.com\/index.php\/wp-json\/wp\/v2\/posts\/10110\/revisions"}],"predecessor-version":[{"id":10113,"href":"https:\/\/comunicartesanluis.com\/index.php\/wp-json\/wp\/v2\/posts\/10110\/revisions\/10113"}],"wp:featuredmedia":[{"embeddable":true,"href":"https:\/\/comunicartesanluis.com\/index.php\/wp-json\/wp\/v2\/media\/10111"}],"wp:attachment":[{"href":"https:\/\/comunicartesanluis.com\/index.php\/wp-json\/wp\/v2\/media?parent=10110"}],"wp:term":[{"taxonomy":"category","embeddable":true,"href":"https:\/\/comunicartesanluis.com\/index.php\/wp-json\/wp\/v2\/categories?post=10110"},{"taxonomy":"post_tag","embeddable":true,"href":"https:\/\/comunicartesanluis.com\/index.php\/wp-json\/wp\/v2\/tags?post=10110"}],"curies":[{"name":"wp","href":"https:\/\/api.w.org\/{rel}","templated":true}]}}