{"id":10115,"date":"2023-07-10T16:54:45","date_gmt":"2023-07-10T19:54:45","guid":{"rendered":"https:\/\/comunicartesanluis.com\/?p=10115"},"modified":"2023-07-10T16:54:45","modified_gmt":"2023-07-10T19:54:45","slug":"boca-mercado-de-pases-en-vivo-y-noticias-de-hoy-refuerzos-previa-vs-huracan-formacion-y-mas","status":"publish","type":"post","link":"https:\/\/comunicartesanluis.com\/index.php\/2023\/07\/10\/boca-mercado-de-pases-en-vivo-y-noticias-de-hoy-refuerzos-previa-vs-huracan-formacion-y-mas\/","title":{"rendered":"Boca, mercado de pases EN VIVO y noticias de hoy: refuerzos, previa vs. Hurac\u00e1n, formaci\u00f3n y m\u00e1s"},"content":{"rendered":"<section class=\"sc-d63ac80-3 jCEsTW\">\n<div class=\"sc-8ac06f2-1 fJyQFn\">\n<div class=\"sc-8ac06f2-2 crcYvp\">\n<div class=\"sc-6d5ed123-0 fTprMS\"><\/div>\n<\/div>\n<\/div>\n<div class=\"sc-d63ac80-4 hxWiUf\">\n<p class=\"sc-d63ac80-8 cvqbRG\"><a class=\"slug\" style=\"font-size: 16px;\" title=\"Juan Rom\u00e1n Riquelme\" href=\"https:\/\/www.ole.com.ar\/boca-juniors\/juan-roman-riquelme.html\" target=\"_blank\" rel=\"noopener\">Riquelme<\/a><span style=\"font-size: 16px;\">\u00a0y el Consejo de F\u00fatbol tendr\u00e1n mucha tarea para el actual mercado de pases.\u00a0<\/span><strong style=\"font-size: 16px;\">Conoce las noticias del d\u00eda del Xeneize, con el partido frente a Huracan en el horizonte.<\/strong><\/p>\n<div>\n<div id=\"storyBody\" class=\"sc-d63ac80-11 iYMrbB\">\n<article class=\"sc-c6280cc2-2 iIwuzV\">\n<div id=\"Post0\" class=\"groupItems\">\n<p>El Globo llega a jugar con\u00a0<strong>Boca<\/strong>\u00a0con un buen antecedente: en su \u00faltima visita, en marzo del a\u00f1o pasado, le gan\u00f3 1-0 con el cabezazo de\u00a0<strong>Mat\u00edas C\u00f3ccaro<\/strong>\u00a0(titular este lunes por la noche). Sin embargo, y adem\u00e1s de tener a\u00a0<strong>Diego Mart\u00ednez<\/strong> como nuevo DT, tambi\u00e9n llega con un mal presente: no gana desde abril de este a\u00f1o, acumula 13 partidos sin ganar con cinco empates y ocho derrotas, y encima est\u00e1 en descenso directo por la tabla general&#8230;<\/p>\n<\/div>\n<\/article>\n<article class=\"sc-c6280cc2-2 iIwuzV\">\n<div id=\"Post1\" class=\"groupItems\">\n<div class=\"sc-c6280cc2-1 dfdQqN\"><\/div>\n<\/div>\n<\/article>\n<article class=\"sc-c6280cc2-2 iIwuzV\">\n<div id=\"Post2\" class=\"groupItems\">\n<h2>Paolo Guerrero: \u00abRom\u00e1n me llam\u00f3 varias veces\u00bb<\/h2>\n<p>El delantero peruano admiti\u00f3 las charlas con Boca siendo jugador del Inter de Porto Alegre, en 2021. \u00bfVuelve a sonar?\u00a0<strong><a href=\"https:\/\/www.ole.com.ar\/futbol-primera\/paolo-guerrero-roman-llamo-varias-veces-boca-racing_0_cOnm1yNouC.html\" target=\"_blank\" rel=\"noopener\">Leer m\u00e1s.<\/a><\/strong><\/p>\n<div class=\"sc-e7b891c4-0 jPbnQF\"><img decoding=\"async\" src=\"https:\/\/www.ole.com.ar\/images\/2023\/07\/10\/27Lhg6Sg9_720x0__1.jpg\" alt=\"Paolo Guerrero en ESPN.\" width=\"720\" height=\"100\" data-nimg=\"future\" \/><span class=\"epigraphe\">Paolo Guerrero en ESPN.<\/span><\/div>\n<div class=\"sc-c6280cc2-1 dfdQqN\">\n<ul class=\"sc-ba064876-0 gNgjGQ\">\n<li><\/li>\n<li><\/li>\n<li><\/li>\n<\/ul>\n<\/div>\n<\/div>\n<\/article>\n<article class=\"sc-c6280cc2-2 iIwuzV\"><time>10\/7\/2023,\u00a013:30<\/time><\/p>\n<div id=\"Post3\" class=\"groupItems\">\n<h2>C\u00f3mo fue el \u00faltimo a\u00f1o de los refuerzos que busca Boca<\/h2>\n<p>El Xeneize se mueve en el mercado de pases actual, y ac\u00e1 te contamos c\u00f3mo les fue a los jugadores que est\u00e1n en carpeta. Hay de todo.<\/p>\n<div class=\"sc-7ce6049-0 dwIKul\">\n<div id=\"contentTitleundefinedvy8jBvhg\" class=\"sc-7ce6049-1 bdcBBS videoText\">\n<div class=\"right\"><\/div>\n<\/div>\n<\/div>\n<\/div>\n<\/article>\n<article class=\"sc-c6280cc2-2 iIwuzV\"><time><\/time><\/p>\n<div id=\"Post5\" class=\"groupItems\">\n<h2>La particular coincidencia que vivi\u00f3 Benedetto cada vez que fue al banco<\/h2>\n<p>El Pipa se recuper\u00f3 de la lesi\u00f3n y arrancar\u00e1 como suplente por tercera vez en este 2023. Mir\u00e1 qu\u00e9 pas\u00f3 en las anteriores&#8230;<\/p>\n<div class=\"sc-c6280cc2-1 dfdQqN\"><\/div>\n<\/div>\n<\/article>\n<article class=\"sc-c6280cc2-2 iIwuzV\"><time><\/time><\/p>\n<div id=\"Post6\" class=\"groupItems\">\n<h2>Boca, contra la preparaci\u00f3n de Rojo en Miami: \u00abPinocho&#8230;\u00bb<\/h2>\n<p>El viaje gener\u00f3 mucho malestar puertas adentro y lo dej\u00f3 bien claro Jorge Batista, el m\u00e9dico que oper\u00f3 y sigui\u00f3 de cerca la rehabilitaci\u00f3n de Rojo, con un posteo en su cuenta de Instagram que apunt\u00f3 directamente a los trabajos que el capit\u00e1n est\u00e1 realizando en Miami.\u00a0<strong><a href=\"https:\/\/www.ole.com.ar\/boca-juniors\/boca-bronca-viaje-rojo-miami_0_5n3Ez7qSdU.html\" target=\"_blank\" rel=\"noopener\">Leer m\u00e1s.<\/a><\/strong><\/p>\n<\/div>\n<\/article>\n<article class=\"sc-c6280cc2-2 iIwuzV\">\n<div id=\"Post8\" class=\"groupItems\">\n<h2>Los pasacalles y afiches por la candidatura de Di Zeo a presidente de Boca<\/h2>\n<p>Las calles del barrio de La Boca amanecieron copadas este lunes por la campa\u00f1a del jefe de La Doce.<\/p>\n<div class=\"sc-e7b891c4-0 jPbnQF\"><img decoding=\"async\" src=\"https:\/\/www.ole.com.ar\/images\/2023\/07\/10\/DYEAdOxTK_720x0__1.jpg\" alt=\"Pasacalles con la candidatura de Di Zeo a presidente de Boca.\" width=\"720\" height=\"100\" data-nimg=\"future\" \/><span class=\"epigraphe\">Pasacalles con la candidatura de Di Zeo a presidente de Boca.<\/span><\/div>\n<div class=\"sc-c6280cc2-1 dfdQqN\">\n<ul class=\"sc-ba064876-0 gNgjGQ\">\n<li>Diego Mart\u00ednez, el DT que quiso Boca, ahora de rival<\/li>\n<\/ul>\n<\/div>\n<\/div>\n<\/article>\n<article class=\"sc-c6280cc2-2 iIwuzV\">\n<div id=\"Post9\" class=\"groupItems\">\n<p>Boca lo quiso como entrenador para reemplazar a Hugo Ibarra. Tigre, su club de ese momento, se enoj\u00f3 y la salida no fue posible pese a que \u00e9l estaba frente a la chance de su vida. Unos meses m\u00e1s tarde, el mismo club termin\u00f3 sac\u00e1ndolo del cargo por los flojos resultados y lo despidi\u00f3- Diego Mart\u00ednez volver\u00e1 a la Bombonera como DT de Hurac\u00e1n.<\/p>\n<div class=\"sc-e7b891c4-0 jPbnQF\"><img decoding=\"async\" src=\"https:\/\/www.ole.com.ar\/images\/2023\/07\/10\/yxmsMwXWf_720x0__1.jpg\" alt=\"Diego Mart\u00ednez estaba en Tigre cuando Boca lo busc\u00f3. Hoy dirige a Hurac\u00e1n. Foto: Twitter @CAHuracan\" width=\"720\" height=\"100\" data-nimg=\"future\" \/><span class=\"epigraphe\">Diego Mart\u00ednez estaba en Tigre cuando Boca lo busc\u00f3. Hoy dirige a Hurac\u00e1n. Foto: Twitter @CAHuracan<\/span><\/div>\n<div class=\"sc-c6280cc2-1 dfdQqN\"><\/div>\n<\/div>\n<\/article>\n<article class=\"sc-c6280cc2-2 iIwuzV\"><time><\/time><\/p>\n<div id=\"Post10\" class=\"groupItems\">\n<h2>Entre el pedido de refuerzos, la Copa Libertadores y la Liga<\/h2>\n<p>La cabeza est\u00e1 puesta en los octavos de la Copa Liberadores, con el choque ante Nacional y, en definitiva, en los refuerzos. Almir\u00f3n ya le pidi\u00f3 a Riquelme lo que quiere\/necesita.\u00a0<strong><a href=\"https:\/\/www.ole.com.ar\/boca-juniors\/boca-huracan-cambios-liga-refuerzos-libertadores_0_RYl1DEzBlM.html\" target=\"_blank\" rel=\"noopener\">Leer m\u00e1s.<\/a><\/strong><\/p>\n<div class=\"sc-c6280cc2-1 dfdQqN\"><\/div>\n<\/div>\n<\/article>\n<article class=\"sc-c6280cc2-2 iIwuzV\">\n<div id=\"Post11\" class=\"groupItems\">\n<h2>Este lunes 10\/7 Boca recibe a Hurac\u00e1n: formaci\u00f3n y datos<\/h2>\n<p>El equipo de Almir\u00f3n cerrar\u00e1 el d\u00eda recibiendo a Hurac\u00e1n en la Bombonera. El partido es a las 19.30 y el DT meti\u00f3 mano en el 11.<img decoding=\"async\" src=\"https:\/\/www.ole.com.ar\/images\/2023\/07\/09\/H2DEI3Lk2_720x0__1.jpg\" alt=\"Boca recibe a Hurac\u00e1n.\" width=\"720\" height=\"100\" data-nimg=\"future\" \/><span class=\"epigraphe\">Boca recibe a Hurac\u00e1n.<\/span><\/p>\n<div class=\"sc-c6280cc2-1 dfdQqN\"><\/div>\n<\/div>\n<\/article>\n<\/div>\n<\/div>\n<\/div>\n<\/section>\n<div id=\"wb_meter\"><\/div>\n<div class=\"sc-b689e5ae-2 LVyVE\">Fuente; Diario Ol\u00e9.<\/div>\n","protected":false},"excerpt":{"rendered":"<p>Con la Liga Profesional\u00a0llegando a su final y la\u00a0Copa Libertadores\u00a0entrenado en etapas de definici\u00f3n,\u00a0Boca\u00a0debe sumar refuerzos para poder luchar por la s\u00e9ptima y clasificarse a copas para el 2024<\/p>\n","protected":false},"author":3,"featured_media":10116,"comment_status":"open","ping_status":"open","sticky":false,"template":"","format":"standard","meta":{"_jetpack_memberships_contains_paid_content":false,"footnotes":""},"categories":[8,15,18],"tags":[],"class_list":["post-10115","post","type-post","status-publish","format-standard","has-post-thumbnail","hentry","category-actualidad","category-deporte","category-internacional"],"jetpack_featured_media_url":"https:\/\/comunicartesanluis.com\/v1\/wp-content\/uploads\/2023\/07\/yecRsO4sk_1290x760__1.webp","jetpack_sharing_enabled":true,"_links":{"self":[{"href":"https:\/\/comunicartesanluis.com\/index.php\/wp-json\/wp\/v2\/posts\/10115","targetHints":{"allow":["GET"]}}],"collection":[{"href":"https:\/\/comunicartesanluis.com\/index.php\/wp-json\/wp\/v2\/posts"}],"about":[{"href":"https:\/\/comunicartesanluis.com\/index.php\/wp-json\/wp\/v2\/types\/post"}],"author":[{"embeddable":true,"href":"https:\/\/comunicartesanluis.com\/index.php\/wp-json\/wp\/v2\/users\/3"}],"replies":[{"embeddable":true,"href":"https:\/\/comunicartesanluis.com\/index.php\/wp-json\/wp\/v2\/comments?post=10115"}],"version-history":[{"count":1,"href":"https:\/\/comunicartesanluis.com\/index.php\/wp-json\/wp\/v2\/posts\/10115\/revisions"}],"predecessor-version":[{"id":10117,"href":"https:\/\/comunicartesanluis.com\/index.php\/wp-json\/wp\/v2\/posts\/10115\/revisions\/10117"}],"wp:featuredmedia":[{"embeddable":true,"href":"https:\/\/comunicartesanluis.com\/index.php\/wp-json\/wp\/v2\/media\/10116"}],"wp:attachment":[{"href":"https:\/\/comunicartesanluis.com\/index.php\/wp-json\/wp\/v2\/media?parent=10115"}],"wp:term":[{"taxonomy":"category","embeddable":true,"href":"https:\/\/comunicartesanluis.com\/index.php\/wp-json\/wp\/v2\/categories?post=10115"},{"taxonomy":"post_tag","embeddable":true,"href":"https:\/\/comunicartesanluis.com\/index.php\/wp-json\/wp\/v2\/tags?post=10115"}],"curies":[{"name":"wp","href":"https:\/\/api.w.org\/{rel}","templated":true}]}}