{"id":10118,"date":"2023-07-11T09:28:20","date_gmt":"2023-07-11T12:28:20","guid":{"rendered":"https:\/\/comunicartesanluis.com\/?p=10118"},"modified":"2023-07-11T09:28:20","modified_gmt":"2023-07-11T12:28:20","slug":"campeonato-mundial-de-natacion-argentina-ya-tiene-la-delegacion-para-el-mundial-junior-de-israel","status":"publish","type":"post","link":"https:\/\/comunicartesanluis.com\/index.php\/2023\/07\/11\/campeonato-mundial-de-natacion-argentina-ya-tiene-la-delegacion-para-el-mundial-junior-de-israel\/","title":{"rendered":"Campeonato Mundial de Natacion: Argentina ya tiene la delegaci\u00f3n para el mundial Junior de Israel"},"content":{"rendered":"<div class=\"et_post_meta_wrapper\"><\/div>\n<div class=\"entry-content\">\n<p>Fueron seleccionados para representar a la Argentina en esta ocasi\u00f3n Agostina Hein, Malena Santill\u00e1n, Julia Christen, Magdalena Portela, Candela Raviola y Ulises Saravia.<\/p>\n<p>Acompa\u00f1ar\u00e1n a los deportistas el entrenador t\u00e9cnico nacional Walter Rodr\u00edguez y el entrenador de calidad Sebasti\u00e1n Montero.<\/p>\n<p>Las competencias se llevar\u00e1n a cabo en el Instituto Wingate. La sede, el Centro Nacional de Educaci\u00f3n F\u00edsica y Deporte de Israel, incluye una piscina de competici\u00f3n de 50 m y otra de entrenamiento de 50 m.<\/p>\n<\/div>\n","protected":false},"excerpt":{"rendered":"<p>Del 4 al 9 de septiembre se desarrollar\u00e1 en Netanya, Israel, el Campeonato Mundial de Nataci\u00f3n Junior de World Aquatics, donde se espera la presencia de m\u00e1s de 600 nadadores y nadadoras de m\u00e1s de 100 pa\u00edses.<\/p>\n","protected":false},"author":3,"featured_media":10119,"comment_status":"open","ping_status":"open","sticky":false,"template":"","format":"standard","meta":{"_jetpack_memberships_contains_paid_content":false,"footnotes":""},"categories":[8,15,18,17],"tags":[],"class_list":["post-10118","post","type-post","status-publish","format-standard","has-post-thumbnail","hentry","category-actualidad","category-deporte","category-internacional","category-nacional"],"jetpack_featured_media_url":"https:\/\/comunicartesanluis.com\/v1\/wp-content\/uploads\/2023\/07\/99f4b9bf-a095-4ac8-bf20-b0eac8858767.jpg","jetpack_sharing_enabled":true,"_links":{"self":[{"href":"https:\/\/comunicartesanluis.com\/index.php\/wp-json\/wp\/v2\/posts\/10118","targetHints":{"allow":["GET"]}}],"collection":[{"href":"https:\/\/comunicartesanluis.com\/index.php\/wp-json\/wp\/v2\/posts"}],"about":[{"href":"https:\/\/comunicartesanluis.com\/index.php\/wp-json\/wp\/v2\/types\/post"}],"author":[{"embeddable":true,"href":"https:\/\/comunicartesanluis.com\/index.php\/wp-json\/wp\/v2\/users\/3"}],"replies":[{"embeddable":true,"href":"https:\/\/comunicartesanluis.com\/index.php\/wp-json\/wp\/v2\/comments?post=10118"}],"version-history":[{"count":1,"href":"https:\/\/comunicartesanluis.com\/index.php\/wp-json\/wp\/v2\/posts\/10118\/revisions"}],"predecessor-version":[{"id":10120,"href":"https:\/\/comunicartesanluis.com\/index.php\/wp-json\/wp\/v2\/posts\/10118\/revisions\/10120"}],"wp:featuredmedia":[{"embeddable":true,"href":"https:\/\/comunicartesanluis.com\/index.php\/wp-json\/wp\/v2\/media\/10119"}],"wp:attachment":[{"href":"https:\/\/comunicartesanluis.com\/index.php\/wp-json\/wp\/v2\/media?parent=10118"}],"wp:term":[{"taxonomy":"category","embeddable":true,"href":"https:\/\/comunicartesanluis.com\/index.php\/wp-json\/wp\/v2\/categories?post=10118"},{"taxonomy":"post_tag","embeddable":true,"href":"https:\/\/comunicartesanluis.com\/index.php\/wp-json\/wp\/v2\/tags?post=10118"}],"curies":[{"name":"wp","href":"https:\/\/api.w.org\/{rel}","templated":true}]}}