{"id":10175,"date":"2023-07-13T16:14:40","date_gmt":"2023-07-13T19:14:40","guid":{"rendered":"https:\/\/comunicartesanluis.com\/?p=10175"},"modified":"2023-07-13T16:14:40","modified_gmt":"2023-07-13T19:14:40","slug":"demichelis-tiene-los-once-preparados-para-la-foto-del-campeonato","status":"publish","type":"post","link":"https:\/\/comunicartesanluis.com\/index.php\/2023\/07\/13\/demichelis-tiene-los-once-preparados-para-la-foto-del-campeonato\/","title":{"rendered":"Demichelis tiene los once preparados para la foto del campeonato"},"content":{"rendered":"<p>El entrenador de\u00a0<strong>River Plate<\/strong>,\u00a0<strong>Mart\u00edn Demichelis<\/strong>, tiene los once jugadores disponibles para la foto del equipo campe\u00f3n que puede hacerse realidad cuando salgan a jugar el s\u00e1bado a las 19 ante Estudiantes de La Plata, en el estadio M\u00e1s Monumental, por la fecha 25ta. de la Liga Profesional.<\/p>\n<p><strong>La formaci\u00f3n ideal de Demichelis que encontr\u00f3 en los \u00faltimos partidos est\u00e1 compuesta por Franco Armani; Milton Casco, Leandro Gonz\u00e1lez P\u00edrez, Paulo D\u00edaz y Enzo D\u00edaz; Nicol\u00e1s de la Cruz, Enzo P\u00e9rez, Rodrigo Aliendro, Ezequiel Barco e Ignacio Fern\u00e1ndez; Lucas Beltr\u00e1n.<\/strong><\/p>\n<p>De confirmarse el festejo antes del encuentro, para el entrenador ser\u00e1 un hecho in\u00e9dito en el semestre pues es la primera vez que repite un mismo equipo en tres partidos consecutivos; triunfo contra Col\u00f3n 2-0; empate sin goles ante San Lorenzo; y el s\u00e1bado ante Estudiantes de local, y ya como campe\u00f3n si es que Talleres no le gana ma\u00f1ana de visitante a Hurac\u00e1n.<\/p>\n<p><strong>Estos 11 jugadores que pueden quedar en el p\u00f3ster del equipo campe\u00f3n como el ideal<\/strong>, solo jugaron hasta el momento contra Independiente en la fecha 13ra, con triunfo por 2-0, y los mencionados ante Col\u00f3n y San Lorenzo, por lo que si juegan el s\u00e1bado ser\u00e1n apenas cuatro las presentaciones de esa formaci\u00f3n en 34 partidos.<\/p>\n<p>Este dato estad\u00edstico demuestra las dificultades que tuvo Demichelis para encontrar el equipo y tener regularidad en cada una de las l\u00edneas que se fueron alterando por lesiones, por retoques t\u00e1cticos y por algunas suspensiones.<\/p>\n<div class=\"twitter-tweet twitter-tweet-rendered\"><iframe id=\"twitter-widget-0\" class=\"\" title=\"Twitter Tweet\" src=\"https:\/\/platform.twitter.com\/embed\/Tweet.html?creatorScreenName=agenciatelam&amp;dnt=false&amp;embedId=twitter-widget-0&amp;features=eyJ0ZndfdGltZWxpbmVfbGlzdCI6eyJidWNrZXQiOltdLCJ2ZXJzaW9uIjpudWxsfSwidGZ3X2ZvbGxvd2VyX2NvdW50X3N1bnNldCI6eyJidWNrZXQiOnRydWUsInZlcnNpb24iOm51bGx9LCJ0ZndfdHdlZXRfZWRpdF9iYWNrZW5kIjp7ImJ1Y2tldCI6Im9uIiwidmVyc2lvbiI6bnVsbH0sInRmd19yZWZzcmNfc2Vzc2lvbiI6eyJidWNrZXQiOiJvbiIsInZlcnNpb24iOm51bGx9LCJ0ZndfZm9zbnJfc29mdF9pbnRlcnZlbnRpb25zX2VuYWJsZWQiOnsiYnVja2V0Ijoib24iLCJ2ZXJzaW9uIjpudWxsfSwidGZ3X21peGVkX21lZGlhXzE1ODk3Ijp7ImJ1Y2tldCI6InRyZWF0bWVudCIsInZlcnNpb24iOm51bGx9LCJ0ZndfZXhwZXJpbWVudHNfY29va2llX2V4cGlyYXRpb24iOnsiYnVja2V0IjoxMjA5NjAwLCJ2ZXJzaW9uIjpudWxsfSwidGZ3X3Nob3dfYmlyZHdhdGNoX3Bpdm90c19lbmFibGVkIjp7ImJ1Y2tldCI6Im9uIiwidmVyc2lvbiI6bnVsbH0sInRmd19kdXBsaWNhdGVfc2NyaWJlc190b19zZXR0aW5ncyI6eyJidWNrZXQiOiJvbiIsInZlcnNpb24iOm51bGx9LCJ0ZndfdXNlX3Byb2ZpbGVfaW1hZ2Vfc2hhcGVfZW5hYmxlZCI6eyJidWNrZXQiOiJvbiIsInZlcnNpb24iOm51bGx9LCJ0ZndfdmlkZW9faGxzX2R5bmFtaWNfbWFuaWZlc3RzXzE1MDgyIjp7ImJ1Y2tldCI6InRydWVfYml0cmF0ZSIsInZlcnNpb24iOm51bGx9LCJ0ZndfbGVnYWN5X3RpbWVsaW5lX3N1bnNldCI6eyJidWNrZXQiOnRydWUsInZlcnNpb24iOm51bGx9LCJ0ZndfdHdlZXRfZWRpdF9mcm9udGVuZCI6eyJidWNrZXQiOiJvbiIsInZlcnNpb24iOm51bGx9fQ%3D%3D&amp;frame=false&amp;hideCard=false&amp;hideThread=false&amp;id=1679240333597474816&amp;lang=es&amp;origin=https%3A%2F%2Fwww.telam.com.ar%2Fnotas%2F202307%2F633885-river-equipo-confirmado-estudiantes.html&amp;sessionId=d5f037449618233afe09a66d7339f36ceba6d3c5&amp;siteScreenName=agenciatelam&amp;theme=light&amp;widgetsVersion=aaf4084522e3a%3A1674595607486&amp;width=550px\" frameborder=\"0\" scrolling=\"no\" allowfullscreen=\"allowfullscreen\" data-tweet-id=\"1679240333597474816\" data-mce-fragment=\"1\"><\/iframe><\/div>\n<blockquote class=\"twitter-tweet\" data-twitter-extracted-i1689278829868586856=\"true\">\n<p dir=\"ltr\" lang=\"es\">Me atrapaste, es cine.\u00a0<a href=\"https:\/\/t.co\/DZjCKpje5f\">pic.twitter.com\/DZjCKpje5f<\/a><\/p>\n<p>\u2014 River Plate (@RiverPlate)\u00a0<a href=\"https:\/\/twitter.com\/RiverPlate\/status\/1679240333597474816?ref_src=twsrc%5Etfw\">July 12, 2023<\/a><\/p><\/blockquote>\n<p>Al punto que al equipo con dise\u00f1o t\u00e1ctico de 4-2-3-1 reci\u00e9n lo utiliz\u00f3 de arranque en el partido que le gan\u00f3 a Lan\u00fas 2-0, en la fecha 7ma., aunque en la formaci\u00f3n estaba Salom\u00f3n Rond\u00f3n, Robert Rojas de lateral y Jos\u00e9 Paradela de volante.<\/p>\n<p>En cuanto a la defensa tambi\u00e9n hubo cambios al punto que utiliz\u00f3 en total 17 formaciones diferentes, aunque la que integran Casco, Gonz\u00e1lez P\u00edrez, Paulo D\u00edaz y Enzo D\u00edaz es la que m\u00e1s jug\u00f3, con 8 partidos, y es la que se afianz\u00f3 de titular en lo \u00faltimos encuentros solo con el ingreso de Rojas cuando se lesion\u00f3 el primer central.<\/p>\n<p>Los dos volantes centrales, Enzo P\u00e9rez y Aliendro, y los enganches \u00abNacho\u00bb Fern\u00e1ndez, Barco y De la Cruz tambi\u00e9n tardaron en afirmarse, ya que por ejemplo el volante uruguayo arranc\u00f3 el semestre en recuperaci\u00f3n por una lesi\u00f3n y Aliendro reci\u00e9n encontr\u00f3 regularidad despu\u00e9s del partido ante Boca.<\/p>\n<p>Por eso jugadores como Agust\u00edn Palavecino, Paradela o Pablo Solari aparecen con m\u00e1s de 20 partidos jugados en lo que va del semestre y en muchos casos de titulares, en especial en la primera parte del torneo.<\/p>\n<p>Finalmente, el caso de Beltr\u00e1n es muy simb\u00f3lico porque hasta el 7mo. partido de la temporada hab\u00eda sido titular una sola vez -contra Arsenal con derrota 2-1 y sali\u00f3 a la hora de juego-, no hab\u00eda convertido y solo ten\u00eda sumado los minutos finales que le deban un acumulado de menos de un partido completo.<\/p>\n<p>Hay otros jugadores que est\u00e1n en la lista de los que m\u00e1s jugaron y no estar\u00edan en la foto del equipo campe\u00f3n, como son los de Andr\u00e9s Herrera, Miguel Borja o Santiago Sim\u00f3n, quienes tuvieron buenos pasajes de rendimiento que los llevaron a ser parte de formaciones titulares en partidos clave.<\/p>\n<p><img decoding=\"async\" src=\"https:\/\/www.telam.com.ar\/thumbs\/bluesteel\/advf\/imagenes\/2023\/07\/64a61979b2376_1200.jpg\" alt=\"Foto Osvaldo Fantn\" \/><\/p>\n<p>As\u00ed las cosas para este equipo de River que hoy se entren\u00f3 en el predio de Ezeiza y que ma\u00f1ana luego de la pr\u00e1ctica quedar\u00e1 concentrado para ver Hurac\u00e1n-Talleres por TV, y jugar el s\u00e1bado frente al \u00abPincha\u00bb.<\/p>\n<p>En este sentido, el gran tema que debe decidir el t\u00e9cnico Demichelis ser\u00e1 la lista de concentrados que se conocer\u00e1 reci\u00e9n ma\u00f1ana por la noche, ya que de ah\u00ed se desprender\u00e1 quien puede ir al banco y sumar minutos en el posible partido del t\u00edtulo.<\/p>\n<p>Jugadores de peso como Jonatan Maidana, quien arranc\u00f3 de titular el semestre; o Emanuel Mammana, quien jug\u00f3 partidos claves como ante Boca; las promesas del club como Franco Alfonso y Claudio Echeverri, son algunos de los nombres que disputar\u00e1n un lugar en esa lista.<\/p>\n<p>Lo mismo sucede con los jugadores que vienen de lesiones y est\u00e1n en la etapa final de sus recuperaciones, quienes se esfuerzan para no perderse ser parte de la plantilla de la fiesta, como David Mart\u00ednez, Bruno Zuculini y Mat\u00edas Su\u00e1rez.<\/p>\n<p>Por \u00faltimo, Demichelis no puede dejar de planificar por el tema de los festejos, ya que el mi\u00e9rcoles pr\u00f3ximo tiene el cruce mano a mano con Talleres de C\u00f3rdoba por la Copa Argentina, y luego debe empezar a pensar en los octavos de final de la Copa Libertadores que se jugar\u00e1n en las primeras semanas de agosto.<\/p>\n<p>&nbsp;<\/p>\n","protected":false},"excerpt":{"rendered":"<p>La formaci\u00f3n del Millonario para el s\u00e1bado ante Estudiantes ser\u00e1 con Franco Armani; Milton Casco, Leandro Gonz\u00e1lez P\u00edrez, Paulo D\u00edaz y Enzo D\u00edaz; Nicol\u00e1s de la Cruz, Enzo P\u00e9rez, Rodrigo Aliendro, Ezequiel Barco e Ignacio Fern\u00e1ndez y Lucas Beltr\u00e1n.<\/p>\n","protected":false},"author":3,"featured_media":10183,"comment_status":"open","ping_status":"open","sticky":false,"template":"","format":"standard","meta":{"_jetpack_memberships_contains_paid_content":false,"footnotes":""},"categories":[15,17],"tags":[],"class_list":["post-10175","post","type-post","status-publish","format-standard","has-post-thumbnail","hentry","category-deporte","category-nacional"],"jetpack_featured_media_url":"https:\/\/comunicartesanluis.com\/v1\/wp-content\/uploads\/2023\/07\/137822-1.jpg","jetpack_sharing_enabled":true,"_links":{"self":[{"href":"https:\/\/comunicartesanluis.com\/index.php\/wp-json\/wp\/v2\/posts\/10175","targetHints":{"allow":["GET"]}}],"collection":[{"href":"https:\/\/comunicartesanluis.com\/index.php\/wp-json\/wp\/v2\/posts"}],"about":[{"href":"https:\/\/comunicartesanluis.com\/index.php\/wp-json\/wp\/v2\/types\/post"}],"author":[{"embeddable":true,"href":"https:\/\/comunicartesanluis.com\/index.php\/wp-json\/wp\/v2\/users\/3"}],"replies":[{"embeddable":true,"href":"https:\/\/comunicartesanluis.com\/index.php\/wp-json\/wp\/v2\/comments?post=10175"}],"version-history":[{"count":1,"href":"https:\/\/comunicartesanluis.com\/index.php\/wp-json\/wp\/v2\/posts\/10175\/revisions"}],"predecessor-version":[{"id":10184,"href":"https:\/\/comunicartesanluis.com\/index.php\/wp-json\/wp\/v2\/posts\/10175\/revisions\/10184"}],"wp:featuredmedia":[{"embeddable":true,"href":"https:\/\/comunicartesanluis.com\/index.php\/wp-json\/wp\/v2\/media\/10183"}],"wp:attachment":[{"href":"https:\/\/comunicartesanluis.com\/index.php\/wp-json\/wp\/v2\/media?parent=10175"}],"wp:term":[{"taxonomy":"category","embeddable":true,"href":"https:\/\/comunicartesanluis.com\/index.php\/wp-json\/wp\/v2\/categories?post=10175"},{"taxonomy":"post_tag","embeddable":true,"href":"https:\/\/comunicartesanluis.com\/index.php\/wp-json\/wp\/v2\/tags?post=10175"}],"curies":[{"name":"wp","href":"https:\/\/api.w.org\/{rel}","templated":true}]}}