{"id":10186,"date":"2023-07-13T16:17:14","date_gmt":"2023-07-13T19:17:14","guid":{"rendered":"https:\/\/comunicartesanluis.com\/?p=10186"},"modified":"2023-07-13T16:17:14","modified_gmt":"2023-07-13T19:17:14","slug":"un-equipo-con-mas-jugadoras-en-el-exterior-y-que-se-dedican-a-ser-futbolistas-full-time","status":"publish","type":"post","link":"https:\/\/comunicartesanluis.com\/index.php\/2023\/07\/13\/un-equipo-con-mas-jugadoras-en-el-exterior-y-que-se-dedican-a-ser-futbolistas-full-time\/","title":{"rendered":"Un equipo con m\u00e1s jugadoras en el exterior y que se dedican a ser futbolistas full time"},"content":{"rendered":"<p>El seleccionado argentino femenino de f\u00fatbol llegar\u00e1 por primera vez a un Mundial con un plantel \u00edntegramente profesionalizado, en el que todas sus futbolistas viven del f\u00fatbol o por lo menos se dedican casi en un 100% a ser jugadoras.<\/p>\n<p>La mayor\u00eda de las futbolistas de la selecci\u00f3n est\u00e1 en ligas extranjeras, que siguen teniendo mejor nivel que la Argentina. En el plantel actual, nueve jugadoras act\u00faan en el medio local -UAI Urquiza (2), Boca (2), Rosario Central (2), River, Estudiantes de Buenos Aires y Hurac\u00e1n- y\u00a0<strong>otras 14 est\u00e1n en el extranjero: cinco en Brasil, cuatro en Espa\u00f1a, dos en Estados Unidos, una en Italia, una en M\u00e9xico y una en Chile.<\/strong><\/p>\n<p>Del plantel del Mundial de Francia 2019, diez futbolistas de las 23 jugaban en el exterior (ocho en la liga de Espa\u00f1a, una en Francia y una en Colombia) y 13 estaban en el f\u00fatbol argentino -UAI Urquiza (6), Boca (2), River (2), Central (2) y Sol de Mayo- que reci\u00e9n comenzaba un proceso de semi-profesionalizaci\u00f3n.<\/p>\n<p>Justamente en aquel a\u00f1o mundialista, en 2019, Claudio Tapia -el presidente de la Asociaci\u00f3n del F\u00fatbol Argentino (AFA)- anunci\u00f3 la profesionalizaci\u00f3n del femenino, que comenz\u00f3 con ocho contratos por plantel, equivalentes a lo que cobraban los jugadores de la Primera C.<\/p>\n<figure class=\"mb-3\"><img decoding=\"async\" class=\" lazy \" src=\"https:\/\/www.telam.com.ar\/thumbs\/bluesteel\/advf\/imagenes\/2023\/07\/64b0201b30328_1200.jpg\" alt=\"Foto Victoria Gesualdi\" width=\"100%\" height=\"100%\" \/><\/p>\n<div class=\"media-icons\"><\/div><figcaption>Foto Victoria Gesualdi.<\/figcaption><\/figure>\n<p><strong>Por primera vez, las jugadoras de f\u00fatbol ser\u00edan reconocidas como trabajadoras por su pr\u00e1ctica en la Argentina<\/strong>, en un logro que surgi\u00f3 en un contexto de lucha por mejores condiciones por parte de las futbolistas acompa\u00f1adas por movimientos feministas.<\/p>\n<p>No hay que ir demasiados a\u00f1os para atr\u00e1s para recordar la situaci\u00f3n en la que estaban las futbolistas que representaban a la Argentina y lo que tuvieron que pelear para dejar de ser ninguneadas o directamente excluidas de un deporte que hist\u00f3ricamente fue para hombres.<\/p>\n<p>En septiembre de 2017, mediante una carta p\u00fablica, la Selecci\u00f3n femenina anunci\u00f3 un paro hasta que se solucionaran los \u00abproblemas estructurales\u00bb. Los pedidos eran b\u00e1sicos: el pago de vi\u00e1ticos, una cancha de c\u00e9sped natural para poder entrenar y descanso en un hotel cuando tuvieran que viajar ya que, por ejemplo, en un amistoso contra Uruguay, en Montevideo, las jugadoras debieron dormir en el micro hasta la hora del partido porque no ten\u00edan d\u00f3nde quedarse.<\/p>\n<p>Mientras el equipo estaba por debutar en el cuadrangular final de la Copa Am\u00e9rica 2018 en Chile, las futbolistas del seleccionado se enteraron mediante las redes sociales que la camiseta iba a ser presentada por una modelo y no por una jugadora, a diferencia de lo que ocurr\u00eda en el equipo masculino, para el que Lionel Messi exhib\u00eda la nueva indumentaria oficial de Rusia 2018. En respuesta, el plantel se sac\u00f3 la foto de equipo haciendo el gesto del Topo Gigio para \u00abser escuchadas\u00bb.<\/p>\n<p>Eso ya no pasa.\u00a0<strong>El f\u00fatbol femenino tiene un lugar destacado para la AFA\u00a0<\/strong>(en infraestructura, equipo m\u00e9dico y t\u00e9cnico, condiciones de viajes y entrenamiento) y sus sponsors. La marca que viste a los seleccionados dise\u00f1a camisetas exclusivas para las jugadoras argentinas, que presentan las propias futbolistas. Messi tambi\u00e9n luci\u00f3 la casaca alternativa (inspirada en la serran\u00eda de Hornocal) en un video de presentaci\u00f3n de la Copa del Mundo Australia y Nueva Zelanda 2023 en apoyo a la Selecci\u00f3n femenina.<\/p>\n<figure class=\"mb-3\"><img decoding=\"async\" class=\" lazy \" src=\"https:\/\/www.telam.com.ar\/thumbs\/bluesteel\/advf\/imagenes\/2023\/07\/64b01ff11efc3_1200.jpg\" alt=\"Foto Victoria Gesualdi\" width=\"100%\" height=\"100%\" \/><\/p>\n<div class=\"media-icons\"><\/div><figcaption>Foto Victoria Gesualdi.<\/figcaption><\/figure>\n<p><strong>En la Argentina, acompa\u00f1ando el crecimiento del f\u00fatbol local profesional con televisaci\u00f3n de casi todos los partidos, la apertura de los estadios, la llegada de Boca Juniors a una final de la Copa Libertadores y la mejora de los contratos de quienes juegan en clubes del exterior<\/strong>, en las \u00faltimas temporadas las futbolistas compitieron en todas las ventanas FIFA para ganar roce.<\/p>\n<p>El tercer lugar logrado en la Copa Am\u00e9rica de Colombia, con la remontada ante Paraguay en el partido por el \u00faltimo boleto mundialista (las argentinas perd\u00edan 1-0 y finalmente se impusieron 3-1), signific\u00f3 el momento m\u00e1s importante del 2022 para la selecci\u00f3n que tuvo a la delantera Yamila Rodr\u00edguez -exBoca, hoy jugadora del Palmeiras de Brasil- como goleadora del torneo continental.<\/p>\n<p><strong>El equipo de Germ\u00e1n Portanova, sucesor de Carlos Borrello desde julio de 2021, no s\u00f3lo se clasific\u00f3 al Mundial sin repechaje, sino que aprovech\u00f3 todas las ventanas FIFA en la b\u00fasqueda de consolidar una idea de juego<\/strong>, de no tanto repliegue y de ir a buscar el arco rival a pesar de las desventajas f\u00edsicas en relaci\u00f3n a las potencias.<\/p>\n<p>Despu\u00e9s de la Copa Am\u00e9rica 2022 en julio en Colombia, el seleccionado enfrent\u00f3 como local a Canad\u00e1 (0-2) y Polonia (2-2) en octubre; a Espa\u00f1a como visitante (derrota de 0-7); a Chile (4-0) y Nueva Zelanda (victorias de 2-0 y 1-0) en febrero en el pa\u00eds oce\u00e1nico; y a Venezuela en la Argentina (1-1 y 3-0) en abril. El \u00faltimo amistoso de preparaci\u00f3n ser\u00e1 contra Per\u00fa, este viernes a las 20.30, en el partido bonaerense de San Nicol\u00e1s.<\/p>\n<p>&nbsp;<\/p>\n<p>&nbsp;<\/p>\n<p>T\u00e9lam.<\/p>\n<p>Foto portada: Laura Lescano.<\/p>\n","protected":false},"excerpt":{"rendered":"<p>La mayor\u00eda de las futbolistas de la selecci\u00f3n est\u00e1 en ligas extranjeras, que siguen teniendo mejor nivel que la Argentina. En el plantel actual, nueve jugadoras act\u00faan en el medio local -UAI Urquiza (2), Boca (2), Rosario Central (2), River, Estudiantes de Buenos Aires y Hurac\u00e1n-. <\/p>\n","protected":false},"author":3,"featured_media":10190,"comment_status":"open","ping_status":"open","sticky":false,"template":"","format":"standard","meta":{"_jetpack_memberships_contains_paid_content":false,"footnotes":""},"categories":[15,17],"tags":[],"class_list":["post-10186","post","type-post","status-publish","format-standard","has-post-thumbnail","hentry","category-deporte","category-nacional"],"jetpack_featured_media_url":"https:\/\/comunicartesanluis.com\/v1\/wp-content\/uploads\/2023\/07\/64b020460c2a5_1200.jpg","jetpack_sharing_enabled":true,"_links":{"self":[{"href":"https:\/\/comunicartesanluis.com\/index.php\/wp-json\/wp\/v2\/posts\/10186","targetHints":{"allow":["GET"]}}],"collection":[{"href":"https:\/\/comunicartesanluis.com\/index.php\/wp-json\/wp\/v2\/posts"}],"about":[{"href":"https:\/\/comunicartesanluis.com\/index.php\/wp-json\/wp\/v2\/types\/post"}],"author":[{"embeddable":true,"href":"https:\/\/comunicartesanluis.com\/index.php\/wp-json\/wp\/v2\/users\/3"}],"replies":[{"embeddable":true,"href":"https:\/\/comunicartesanluis.com\/index.php\/wp-json\/wp\/v2\/comments?post=10186"}],"version-history":[{"count":1,"href":"https:\/\/comunicartesanluis.com\/index.php\/wp-json\/wp\/v2\/posts\/10186\/revisions"}],"predecessor-version":[{"id":10187,"href":"https:\/\/comunicartesanluis.com\/index.php\/wp-json\/wp\/v2\/posts\/10186\/revisions\/10187"}],"wp:featuredmedia":[{"embeddable":true,"href":"https:\/\/comunicartesanluis.com\/index.php\/wp-json\/wp\/v2\/media\/10190"}],"wp:attachment":[{"href":"https:\/\/comunicartesanluis.com\/index.php\/wp-json\/wp\/v2\/media?parent=10186"}],"wp:term":[{"taxonomy":"category","embeddable":true,"href":"https:\/\/comunicartesanluis.com\/index.php\/wp-json\/wp\/v2\/categories?post=10186"},{"taxonomy":"post_tag","embeddable":true,"href":"https:\/\/comunicartesanluis.com\/index.php\/wp-json\/wp\/v2\/tags?post=10186"}],"curies":[{"name":"wp","href":"https:\/\/api.w.org\/{rel}","templated":true}]}}