{"id":10222,"date":"2023-07-14T15:35:28","date_gmt":"2023-07-14T18:35:28","guid":{"rendered":"https:\/\/comunicartesanluis.com\/?p=10222"},"modified":"2023-07-14T15:35:28","modified_gmt":"2023-07-14T18:35:28","slug":"la-durisima-tapa-de-un-diario-de-valencia-contra-cavani","status":"publish","type":"post","link":"https:\/\/comunicartesanluis.com\/index.php\/2023\/07\/14\/la-durisima-tapa-de-un-diario-de-valencia-contra-cavani\/","title":{"rendered":"La dur\u00edsima tapa de un diario de Valencia contra Cavani"},"content":{"rendered":"<div class=\"sc-8ac06f2-1 fJyQFn\">\n<div class=\"sc-8ac06f2-2 crcYvp\">\n<div class=\"sc-6d5ed123-0 fTprMS\"><\/div>\n<\/div>\n<\/div>\n<section class=\"sc-936d2301-2 iooyZc\">\n<section class=\"sc-936d2301-1 MCPMt\">\n<div class=\"sc-936d2301-10 hkwQsN\">Pero, mientras tanto, como se\u00f1al de que su ciclo est\u00e1 terminado, <strong>el Matador fue la tapa de un diario de la ciudad, y lo liquidaron.<\/strong>\u00a0Dur\u00edsimo.<\/div>\n<article id=\"storyBody\" class=\"sc-936d2301-11 kvKEEl\">\n<div class=\"sc-905ccbfc-5 kckOEu\">\n<div>\n<div id=\"div-gpt-ad-inread\" data-google-query-id=\"CIbAh5fqjoADFXFV3QIdSO8BzA\">\n<div id=\"google_ads_iframe_\/242767168\/ole\/futbol-primera\/nota\/inread_0__container__\"><\/div>\n<\/div>\n<\/div>\n<\/div>\n<div class=\"custom-text \">\n<p><strong>\u00abProblem\u00f3n\u00bb, fue el t\u00edtulo\u00a0<\/strong>principal de S\u00faperdeporte, y en la bajada detallaron cu\u00e1l es el problem\u00f3n&#8230; \u00abCavani se ha convertido en menos de un a\u00f1o en<strong>\u00a0una carga econ\u00f3mica y deportiva por su evelada ficha y su pobre rendimiento en el campo<\/strong>\u00ab.<\/p>\n<\/div>\n<div class=\"custom-text \">\n<p>La foto muestra al uruguayo llegando al entrenamiento, toc\u00e1ndose la cabeza, y el texto sigue: \u00abEl Valencia est\u00e1 dispuesto a\u00a0<strong>darle carta de libertad si perdona el a\u00f1o que le quede<\/strong>. Boca Juniors le motiva y se perfila como una posible soluci\u00f3n\u00bb.<\/p>\n<\/div>\n<div id=\"aa510b8e-4b42-4f99-b253-ed1cd436020b\"><\/div>\n<div class=\"sc-e7b891c4-0 jPbnQF\"><img decoding=\"async\" src=\"https:\/\/www.ole.com.ar\/images\/2023\/07\/14\/TOZZD-AKi_660x0__1.jpg\" alt=\"La tapa de S\u00faperdeporte de Valencia, con Cavani.\" width=\"660\" height=\"100\" data-nimg=\"future\" \/><span class=\"epigraphe\">La tapa de S\u00faperdeporte de Valencia, con Cavani.<\/span><\/div>\n<div class=\"custom-text \">\n<p>Por lo pronto,\u00a0<strong>Boca ya tuvo un acercamiento con Cavani, aunque desde centro de operaciones de Ezeiza intentan no destaparlo<\/strong>\u00a0para evitar quedar expuestos en caso de que nuevamente el uruguayo cambie de parecer, eligiendo otro destino o toma otra decisi\u00f3n.<\/p>\n<\/div>\n<div class=\"custom-text \">\n<p>Esta vez, para el Matador, no es una prioridad seguir en Europa como lo era, por caso, el a\u00f1o pasado, con el Mundial de Qatar de por medio. Y\u00a0<strong>fue el propio jugador quien abri\u00f3 el canal de di\u00e1logo\u00a0<\/strong>cuando retom\u00f3 las conversaciones con Rom\u00e1n mientras estaba de vacaciones en Salto.<\/p>\n<\/div>\n<\/article>\n<\/section>\n<\/section>\n<p>&nbsp;<\/p>\n<p>&nbsp;<\/p>\n<p>Diario Ol\u00e9<\/p>\n","protected":false},"excerpt":{"rendered":"<p>Para que se confirme la salida de\u00a0Edinson Cavani\u00a0del\u00a0Valencia\u00a0para incorporarse aBocatodav\u00eda faltan algunos detalles no menores, como que el delantero uruguayo logre rescindir su contrato por un a\u00f1o m\u00e1s con el club espa\u00f1ol.<\/p>\n","protected":false},"author":3,"featured_media":10223,"comment_status":"open","ping_status":"open","sticky":false,"template":"","format":"standard","meta":{"_jetpack_memberships_contains_paid_content":false,"footnotes":""},"categories":[8,15,18],"tags":[],"class_list":["post-10222","post","type-post","status-publish","format-standard","has-post-thumbnail","hentry","category-actualidad","category-deporte","category-internacional"],"jetpack_featured_media_url":"https:\/\/comunicartesanluis.com\/v1\/wp-content\/uploads\/2023\/07\/Vm8XYWJwX_1290x760__1.webp","jetpack_sharing_enabled":true,"_links":{"self":[{"href":"https:\/\/comunicartesanluis.com\/index.php\/wp-json\/wp\/v2\/posts\/10222","targetHints":{"allow":["GET"]}}],"collection":[{"href":"https:\/\/comunicartesanluis.com\/index.php\/wp-json\/wp\/v2\/posts"}],"about":[{"href":"https:\/\/comunicartesanluis.com\/index.php\/wp-json\/wp\/v2\/types\/post"}],"author":[{"embeddable":true,"href":"https:\/\/comunicartesanluis.com\/index.php\/wp-json\/wp\/v2\/users\/3"}],"replies":[{"embeddable":true,"href":"https:\/\/comunicartesanluis.com\/index.php\/wp-json\/wp\/v2\/comments?post=10222"}],"version-history":[{"count":1,"href":"https:\/\/comunicartesanluis.com\/index.php\/wp-json\/wp\/v2\/posts\/10222\/revisions"}],"predecessor-version":[{"id":10224,"href":"https:\/\/comunicartesanluis.com\/index.php\/wp-json\/wp\/v2\/posts\/10222\/revisions\/10224"}],"wp:featuredmedia":[{"embeddable":true,"href":"https:\/\/comunicartesanluis.com\/index.php\/wp-json\/wp\/v2\/media\/10223"}],"wp:attachment":[{"href":"https:\/\/comunicartesanluis.com\/index.php\/wp-json\/wp\/v2\/media?parent=10222"}],"wp:term":[{"taxonomy":"category","embeddable":true,"href":"https:\/\/comunicartesanluis.com\/index.php\/wp-json\/wp\/v2\/categories?post=10222"},{"taxonomy":"post_tag","embeddable":true,"href":"https:\/\/comunicartesanluis.com\/index.php\/wp-json\/wp\/v2\/tags?post=10222"}],"curies":[{"name":"wp","href":"https:\/\/api.w.org\/{rel}","templated":true}]}}