{"id":10314,"date":"2023-07-18T10:05:25","date_gmt":"2023-07-18T13:05:25","guid":{"rendered":"https:\/\/comunicartesanluis.com\/?p=10314"},"modified":"2023-07-18T10:05:25","modified_gmt":"2023-07-18T13:05:25","slug":"chacho-coudet-candidato-a-dirigir-inter-de-brasil-rival-de-river-en-la-libertadores","status":"publish","type":"post","link":"https:\/\/comunicartesanluis.com\/index.php\/2023\/07\/18\/chacho-coudet-candidato-a-dirigir-inter-de-brasil-rival-de-river-en-la-libertadores\/","title":{"rendered":"\u00abChacho\u00bb Coudet candidato a dirigir Inter de Brasil, rival de River en la Libertadores"},"content":{"rendered":"<div class=\"wrapper-header\">\n<div class=\"container-xl\">\n<div class=\"row\">\n<div class=\"col-12\">\n<div class=\"head-content mb-4\">\n<div class=\"my-3\">\n<div class=\"social mt-3\">El entrenador argentino <strong>Eduardo \u00abChacho\u00bb Coudet<\/strong>\u00a0es el principal\u00a0<strong>candidato\u00a0<\/strong>para reemplazar a Mano Menezes como<strong>\u00a0director t\u00e9cnico de Internacional de Brasil<\/strong>, adversario de River en los octavos de final de la Copa Libertadores, anunci\u00f3 este martes la prensa brasile\u00f1a.<\/div>\n<\/div>\n<\/div>\n<\/div>\n<\/div>\n<\/div>\n<\/div>\n<div class=\"wrapper-editable-content\">\n<div>\n<div class=\"wrapper-editable-content\">\n<div>\n<div class=\"container-md\">\n<div class=\"row\">\n<div class=\"col-md-12 speak\">\n<div class=\"paragraph\">\nLa tendencia es\u00a0<strong>que el acuerdo se haga oficial en las pr\u00f3ximas horas<\/strong>, se\u00f1al\u00f3 Globo Esporte, ya que el presidente Alessandro Barcellos siempre fue un admirador del trabajo de Coudet y fue vicepresidente del f\u00fatbol cuando el argentino trabaj\u00f3 en Inter en 2020.<\/p>\n<p>El<strong>\u00a0plan del Inter<\/strong>\u00a0era hacer un cambio solo en caso de eliminaci\u00f3n en los octavos de final de la Libertadores, ante River pero este lunes se produjo una reuni\u00f3n y se determin\u00f3 el fin del proceso de Mano Menezes tras 81 partidos, con 39 victorias, 29 empates y 13 derrotas, con un 60 por ciento de eficacia.<\/p>\n<p>Mano<strong>\u00a0lleg\u00f3 al Inter en abril del a\u00f1o pasado<\/strong>\u00a0y llev\u00f3 al equipo al segundo puesto en el Brasileirao. Adem\u00e1s, fue eliminado en cuartos de final de la Copa Sudamericana. Este a\u00f1o fue eliminado en las semifinales del torneo Gaucho y en la tercera fase de la Copa do Brasil y en la Libertadores lider\u00f3 al equipo en la campa\u00f1a del \u00fanico brasile\u00f1o invicto en la fase de grupos.<\/p>\n<p>Coudet, campe\u00f3n con Racing en 2019, despu\u00e9s de dirigir al Inter lo hizo en Celta de Vigo de Espa\u00f1a y en Atl\u00e9tico Mineiro de Brasil. En Inter sum\u00f3 46 partidos con 24 triunfos, 13 igualdades, nueve derrotas y un 62 por ciento de eficacia.<\/p>\n<p><strong>Internacional ser\u00e1 adversario de River Plate<\/strong>\u00a0en octavos de final de Libertadores los d\u00edas 1 y 8 de agosto, con encuentros en Buenos Aires y Porto Alegre, respectivamente.<\/div>\n<\/div>\n<\/div>\n<div><\/div>\n<div><\/div>\n<div><\/div>\n<div><\/div>\n<div>T\u00e9lam<\/div>\n<\/div>\n<\/div>\n<\/div>\n<\/div>\n<\/div>\n","protected":false},"excerpt":{"rendered":"<p>El presidente Alessandro Barcellos siempre fue un admirador del trabajo del entrenador argentino cuando trabaj\u00f3 en Inter en 2020. El acuerdo se har\u00eda oficial en las pr\u00f3ximas horas.<\/p>\n","protected":false},"author":3,"featured_media":10315,"comment_status":"open","ping_status":"open","sticky":false,"template":"","format":"standard","meta":{"_jetpack_memberships_contains_paid_content":false,"footnotes":""},"categories":[8,15,18],"tags":[],"class_list":["post-10314","post","type-post","status-publish","format-standard","has-post-thumbnail","hentry","category-actualidad","category-deporte","category-internacional"],"jetpack_featured_media_url":"https:\/\/comunicartesanluis.com\/v1\/wp-content\/uploads\/2023\/07\/64b67491c241a_1200.jpg","jetpack_sharing_enabled":true,"_links":{"self":[{"href":"https:\/\/comunicartesanluis.com\/index.php\/wp-json\/wp\/v2\/posts\/10314","targetHints":{"allow":["GET"]}}],"collection":[{"href":"https:\/\/comunicartesanluis.com\/index.php\/wp-json\/wp\/v2\/posts"}],"about":[{"href":"https:\/\/comunicartesanluis.com\/index.php\/wp-json\/wp\/v2\/types\/post"}],"author":[{"embeddable":true,"href":"https:\/\/comunicartesanluis.com\/index.php\/wp-json\/wp\/v2\/users\/3"}],"replies":[{"embeddable":true,"href":"https:\/\/comunicartesanluis.com\/index.php\/wp-json\/wp\/v2\/comments?post=10314"}],"version-history":[{"count":1,"href":"https:\/\/comunicartesanluis.com\/index.php\/wp-json\/wp\/v2\/posts\/10314\/revisions"}],"predecessor-version":[{"id":10316,"href":"https:\/\/comunicartesanluis.com\/index.php\/wp-json\/wp\/v2\/posts\/10314\/revisions\/10316"}],"wp:featuredmedia":[{"embeddable":true,"href":"https:\/\/comunicartesanluis.com\/index.php\/wp-json\/wp\/v2\/media\/10315"}],"wp:attachment":[{"href":"https:\/\/comunicartesanluis.com\/index.php\/wp-json\/wp\/v2\/media?parent=10314"}],"wp:term":[{"taxonomy":"category","embeddable":true,"href":"https:\/\/comunicartesanluis.com\/index.php\/wp-json\/wp\/v2\/categories?post=10314"},{"taxonomy":"post_tag","embeddable":true,"href":"https:\/\/comunicartesanluis.com\/index.php\/wp-json\/wp\/v2\/tags?post=10314"}],"curies":[{"name":"wp","href":"https:\/\/api.w.org\/{rel}","templated":true}]}}