{"id":10318,"date":"2023-07-18T10:27:16","date_gmt":"2023-07-18T13:27:16","guid":{"rendered":"https:\/\/comunicartesanluis.com\/?p=10318"},"modified":"2023-07-18T10:27:16","modified_gmt":"2023-07-18T13:27:16","slug":"matias-alemanno-sera-baja-en-los-pumas-para-el-partido-ante-sudafrica","status":"publish","type":"post","link":"https:\/\/comunicartesanluis.com\/index.php\/2023\/07\/18\/matias-alemanno-sera-baja-en-los-pumas-para-el-partido-ante-sudafrica\/","title":{"rendered":"Mat\u00edas Alemanno ser\u00e1 baja en Los Pumas para el partido ante Sud\u00e1frica"},"content":{"rendered":"<div class=\"wrapper-editable-content\">\n<div class=\"wrapper-editable-content\">\n<div class=\"container-md\">\n<div class=\"row\">\n<div class=\"col-md-12 speak\">\n<div class=\"paragraph\">\n<figure class=\"mb-3\"><strong>El segunda l\u00ednea del seleccionado argentino de rugby<\/strong>\u00a0Mat\u00edas Alemanno\u00a0<strong>qued\u00f3 descartado para el partido del s\u00e1bado pr\u00f3ximo ante Sud\u00e1frica,<\/strong>\u00a0correspondiente a la tercera y \u00faltima fecha del Championship,\u00a0<strong>debido a una lesi\u00f3n en su rodilla derecha, confirmada estre lunes en un parte m\u00e9dico.<\/strong><\/figure>\n<p>El cordob\u00e9s, de 31 a\u00f1os, sufri\u00f3 \u00abun esguince del ligamento lateral interno de la rodilla derecha\u00bb, lesi\u00f3n que lo mantendr\u00e1 entre cuatro y seis semanas en per\u00edodo de rehabilitaci\u00f3n.<\/p>\n<p>Alemanno inici\u00f3 de titular en el juego frente a Australia el s\u00e1bado pasado y fue reemplazado a los tres minutos del segundo tiempo por Lucas Paulos cuando recibi\u00f3 un tackle y su compa\u00f1ero Pablo Matera cay\u00f3 con todo el peso de su cuerpo en su rodilla.<\/p>\n<blockquote class=\"twitter-tweet\" data-twitter-extracted-i1689690017533700556=\"true\">\n<p dir=\"ltr\" lang=\"es\">\ud83d\udea8 Parte m\u00e9dico de Los Pumas vs Wallabies<\/p>\n<p>\ud83d\udc49 Mat\u00edas Alemanno sufri\u00f3 un esguince del ligamento lateral interno de la rodilla derecha.<\/p>\n<p>\u00a1Te deseamos una pronta recuperaci\u00f3n, Mati! \ud83d\udcaa<a href=\"https:\/\/twitter.com\/hashtag\/SomosLosPumas?src=hash&amp;ref_src=twsrc%5Etfw\">#SomosLosPumas<\/a>\u00a0|\u00a0<a href=\"https:\/\/twitter.com\/hashtag\/M%C3%A1sPumasQueNunca?src=hash&amp;ref_src=twsrc%5Etfw\">#M\u00e1sPumasQueNunca<\/a>\u00a0<a href=\"https:\/\/t.co\/vWdbNbRxyC\">pic.twitter.com\/vWdbNbRxyC<\/a><\/p>\n<p>\u2014 Los Pumas (@lospumas)\u00a0<a href=\"https:\/\/twitter.com\/lospumas\/status\/1680917183805677571?ref_src=twsrc%5Etfw\">July 17, 2023<\/a><\/p><\/blockquote>\n<p>El objetivo del jugador surgido en La Tablada ser\u00e1 llegar recuperado al debut de Los Pumas en la Copa del Mundo Francia 2023, que se producir\u00e1 el 9 de septiembre ante Inglaterra.<\/p>\n<p>Argentina, despu\u00e9s de perder con Nueva Zelanda de local y vencer a Australia de visitante, cerrar\u00e1 su participaci\u00f3n en el Championship frente a Sud\u00e1frica, vigente campe\u00f3n del mundo, el s\u00e1bado pr\u00f3ximo desde las 12.05 en Johannesburgo.<\/p><\/div>\n<\/div>\n<\/div>\n<\/div>\n<\/div>\n<\/div>\n<div><\/div>\n<div><\/div>\n<div><\/div>\n<div>T\u00e9lam<\/div>\n","protected":false},"excerpt":{"rendered":"<p>El cordob\u00e9s, de 31 a\u00f1os, sufri\u00f3 \u00abun esguince del ligamento lateral interno de la rodilla derecha\u00bb, lesi\u00f3n que lo mantendr\u00e1 entre cuatro y seis semanas en per\u00edodo de rehabilitaci\u00f3n.<\/p>\n","protected":false},"author":3,"featured_media":10319,"comment_status":"open","ping_status":"open","sticky":false,"template":"","format":"standard","meta":{"_jetpack_memberships_contains_paid_content":false,"footnotes":""},"categories":[8,15,18,17],"tags":[],"class_list":["post-10318","post","type-post","status-publish","format-standard","has-post-thumbnail","hentry","category-actualidad","category-deporte","category-internacional","category-nacional"],"jetpack_featured_media_url":"https:\/\/comunicartesanluis.com\/v1\/wp-content\/uploads\/2023\/07\/64b5454540dd8_1200.jpg","jetpack_sharing_enabled":true,"_links":{"self":[{"href":"https:\/\/comunicartesanluis.com\/index.php\/wp-json\/wp\/v2\/posts\/10318","targetHints":{"allow":["GET"]}}],"collection":[{"href":"https:\/\/comunicartesanluis.com\/index.php\/wp-json\/wp\/v2\/posts"}],"about":[{"href":"https:\/\/comunicartesanluis.com\/index.php\/wp-json\/wp\/v2\/types\/post"}],"author":[{"embeddable":true,"href":"https:\/\/comunicartesanluis.com\/index.php\/wp-json\/wp\/v2\/users\/3"}],"replies":[{"embeddable":true,"href":"https:\/\/comunicartesanluis.com\/index.php\/wp-json\/wp\/v2\/comments?post=10318"}],"version-history":[{"count":1,"href":"https:\/\/comunicartesanluis.com\/index.php\/wp-json\/wp\/v2\/posts\/10318\/revisions"}],"predecessor-version":[{"id":10320,"href":"https:\/\/comunicartesanluis.com\/index.php\/wp-json\/wp\/v2\/posts\/10318\/revisions\/10320"}],"wp:featuredmedia":[{"embeddable":true,"href":"https:\/\/comunicartesanluis.com\/index.php\/wp-json\/wp\/v2\/media\/10319"}],"wp:attachment":[{"href":"https:\/\/comunicartesanluis.com\/index.php\/wp-json\/wp\/v2\/media?parent=10318"}],"wp:term":[{"taxonomy":"category","embeddable":true,"href":"https:\/\/comunicartesanluis.com\/index.php\/wp-json\/wp\/v2\/categories?post=10318"},{"taxonomy":"post_tag","embeddable":true,"href":"https:\/\/comunicartesanluis.com\/index.php\/wp-json\/wp\/v2\/tags?post=10318"}],"curies":[{"name":"wp","href":"https:\/\/api.w.org\/{rel}","templated":true}]}}