{"id":10334,"date":"2023-07-20T14:31:51","date_gmt":"2023-07-20T17:31:51","guid":{"rendered":"https:\/\/comunicartesanluis.com\/?p=10334"},"modified":"2023-07-20T14:31:51","modified_gmt":"2023-07-20T17:31:51","slug":"campeones-del-mundo-y-medallistas-olimpicos-apoyan-a-la-seleccion-argentina","status":"publish","type":"post","link":"https:\/\/comunicartesanluis.com\/index.php\/2023\/07\/20\/campeones-del-mundo-y-medallistas-olimpicos-apoyan-a-la-seleccion-argentina\/","title":{"rendered":"Campeones del mundo y medallistas ol\u00edmpicos apoyan a la Selecci\u00f3n Argentina"},"content":{"rendered":"<div class=\"wrapper-editable-content\">\n<div class=\"wrapper-editable-content\">\n<div class=\"container-md\">\n<div class=\"row\">\n<div class=\"col-md-12 speak\">\n<div class=\"paragraph\">\n<figure class=\"mb-3\"><strong>Futbolistas campeones del mundo<\/strong>\u00a0en Qatar 2022, M\u00e9xico 1986 y Argentina 1978;\u00a0<strong>medallistas ol\u00edmpicos en diversas disciplinas<\/strong>; deportistas<strong>\u00a0y figuras del ambiente art\u00edstico respaldaron a la selecci\u00f3n argentina antes de su debut en el Mundial Femenino Australia-Nueva Zelanda 2023.<\/strong><\/figure>\n<p>Los miembros de la \u00abScaloneta\u00bb\u00a0<strong>Nicolas Tagliafico, Leandro Paredes, Guido Rodr\u00edguez, Alexis Mac Allister y Franco Armani,<\/strong>\u00a0consagrados en Qatar 2022, destacan en un video de apoyo para las jugadoras \u00abalbicelestes\u00bb.<\/p>\n<p>En la grabaci\u00f3n, realizada por iniciativa de la empresa Torneos, tambi\u00e9n participan otros campeones como Ricardo Bochini (M\u00e9xico &#8217;86) y Omar Larrosa (Argentina &#8217;78), adem\u00e1s de referentes hist\u00f3ricos del seleccionado argentino como Sergio Goycochea y Elba Selva, la n\u00famero 10 del seleccionado femenino en 1971.<\/p>\n<p>Las chicas dirigidas por Germ\u00e1n Portanova reciben, adem\u00e1s, el saludo de leyendas ol\u00edmpicas como\u00a0<strong>Santiago Lange<\/strong>\u00a0(vela),\u00a0<strong>Paula Pareto\u00a0<\/strong>(judo) y\u00a0<strong>Luciana Aymar\u00a0<\/strong>(hockey sobre c\u00e9sped).<\/p>\n<p>Entre m\u00e1s figuras, aparecen el tenista\u00a0<strong>Franciso Cer\u00fandolo<\/strong>, el rugbier\u00a0<strong>Marcos Moneta<\/strong>, el equipo de futsal de San Lorenzo, el de v\u00f3leibol femenino de Boca, la selecci\u00f3n de mujeres de b\u00e1squetbol y hasta el grupo musical Los Aut\u00e9nticos Decadentes.<\/p>\n<p>Argentina, que participa de su cuarto Mundial Femenino, debutar\u00e1 este lunes a las 3.00 de nuestro pa\u00eds frente a Italia por el Grupo G.<\/p>\n<p>Posteriormente jugar\u00e1 ante Sud\u00e1frica, el jueves 27 a las 21.00 y cerrar\u00e1 la fase inicial ante Suecia, el mi\u00e9rcoles 2 de agosto desde las 4.00.<\/p><\/div>\n<\/div>\n<\/div>\n<div><\/div>\n<div><\/div>\n<div><\/div>\n<div>T\u00e9lam<\/div>\n<\/div>\n<\/div>\n<\/div>\n","protected":false},"excerpt":{"rendered":"<p>Diferentes figuras del deporte nacional y del ambiente art\u00edstico respaldaron al combinado albiceleste, antes de su debut en la Copa del Mundo Australia &#8211; Nueva Zelanda 2023 que ser\u00e1 ante Italia el lunes.<\/p>\n","protected":false},"author":3,"featured_media":10335,"comment_status":"open","ping_status":"open","sticky":false,"template":"","format":"standard","meta":{"_jetpack_memberships_contains_paid_content":false,"footnotes":""},"categories":[8,15,18],"tags":[],"class_list":["post-10334","post","type-post","status-publish","format-standard","has-post-thumbnail","hentry","category-actualidad","category-deporte","category-internacional"],"jetpack_featured_media_url":"https:\/\/comunicartesanluis.com\/v1\/wp-content\/uploads\/2023\/07\/64b936434923a_1200.jpg","jetpack_sharing_enabled":true,"_links":{"self":[{"href":"https:\/\/comunicartesanluis.com\/index.php\/wp-json\/wp\/v2\/posts\/10334","targetHints":{"allow":["GET"]}}],"collection":[{"href":"https:\/\/comunicartesanluis.com\/index.php\/wp-json\/wp\/v2\/posts"}],"about":[{"href":"https:\/\/comunicartesanluis.com\/index.php\/wp-json\/wp\/v2\/types\/post"}],"author":[{"embeddable":true,"href":"https:\/\/comunicartesanluis.com\/index.php\/wp-json\/wp\/v2\/users\/3"}],"replies":[{"embeddable":true,"href":"https:\/\/comunicartesanluis.com\/index.php\/wp-json\/wp\/v2\/comments?post=10334"}],"version-history":[{"count":1,"href":"https:\/\/comunicartesanluis.com\/index.php\/wp-json\/wp\/v2\/posts\/10334\/revisions"}],"predecessor-version":[{"id":10336,"href":"https:\/\/comunicartesanluis.com\/index.php\/wp-json\/wp\/v2\/posts\/10334\/revisions\/10336"}],"wp:featuredmedia":[{"embeddable":true,"href":"https:\/\/comunicartesanluis.com\/index.php\/wp-json\/wp\/v2\/media\/10335"}],"wp:attachment":[{"href":"https:\/\/comunicartesanluis.com\/index.php\/wp-json\/wp\/v2\/media?parent=10334"}],"wp:term":[{"taxonomy":"category","embeddable":true,"href":"https:\/\/comunicartesanluis.com\/index.php\/wp-json\/wp\/v2\/categories?post=10334"},{"taxonomy":"post_tag","embeddable":true,"href":"https:\/\/comunicartesanluis.com\/index.php\/wp-json\/wp\/v2\/tags?post=10334"}],"curies":[{"name":"wp","href":"https:\/\/api.w.org\/{rel}","templated":true}]}}