{"id":10404,"date":"2023-07-24T13:09:09","date_gmt":"2023-07-24T16:09:09","guid":{"rendered":"https:\/\/comunicartesanluis.com\/?p=10404"},"modified":"2023-07-24T13:09:35","modified_gmt":"2023-07-24T16:09:35","slug":"se-viene-la-carrera-10k-gobierno-san-luis","status":"publish","type":"post","link":"https:\/\/comunicartesanluis.com\/index.php\/2023\/07\/24\/se-viene-la-carrera-10k-gobierno-san-luis\/","title":{"rendered":"Se viene la carrera \u201c10k Gobierno San Luis\u201d"},"content":{"rendered":"<p>El gobierno provincial, mediante la Secretaria de Deportes, anuncio la Carrera 10k Gobierno San Luis\u201d, a realizarse en primeras instancias el pr\u00f3ximo 24 de septiembre de 2023.<\/p>\n<p>Seg\u00fan las primeras informaciones, la competencia se llevar\u00e1 a cabo por un circuito que recorrer\u00e1 las calles de la capital puntana. \u00a0Dentro de las premiaciones, habr\u00e1 premios en efectivo, sorteos se bicicletas y muchas sorpresas para los participantes. En los pr\u00f3ximos d\u00edas, dar\u00e1n m\u00e1s detalles sobre la competencia e inscripciones.<\/p>\n","protected":false},"excerpt":{"rendered":"<p>El anuncio lo hizo el gobierno a trav\u00e9s de la Secretaria de Deportes. Seg\u00fan adelantaron, la carrera ser\u00e1 el domingo 24 de septiembre por las calles de la capital.<\/p>\n","protected":false},"author":5,"featured_media":10406,"comment_status":"open","ping_status":"open","sticky":false,"template":"","format":"standard","meta":{"_jetpack_memberships_contains_paid_content":false,"footnotes":""},"categories":[8,15,16],"tags":[],"class_list":["post-10404","post","type-post","status-publish","format-standard","has-post-thumbnail","hentry","category-actualidad","category-deporte","category-local"],"jetpack_featured_media_url":"https:\/\/comunicartesanluis.com\/v1\/wp-content\/uploads\/2023\/07\/gobierno-1.jpg","jetpack_sharing_enabled":true,"_links":{"self":[{"href":"https:\/\/comunicartesanluis.com\/index.php\/wp-json\/wp\/v2\/posts\/10404","targetHints":{"allow":["GET"]}}],"collection":[{"href":"https:\/\/comunicartesanluis.com\/index.php\/wp-json\/wp\/v2\/posts"}],"about":[{"href":"https:\/\/comunicartesanluis.com\/index.php\/wp-json\/wp\/v2\/types\/post"}],"author":[{"embeddable":true,"href":"https:\/\/comunicartesanluis.com\/index.php\/wp-json\/wp\/v2\/users\/5"}],"replies":[{"embeddable":true,"href":"https:\/\/comunicartesanluis.com\/index.php\/wp-json\/wp\/v2\/comments?post=10404"}],"version-history":[{"count":1,"href":"https:\/\/comunicartesanluis.com\/index.php\/wp-json\/wp\/v2\/posts\/10404\/revisions"}],"predecessor-version":[{"id":10407,"href":"https:\/\/comunicartesanluis.com\/index.php\/wp-json\/wp\/v2\/posts\/10404\/revisions\/10407"}],"wp:featuredmedia":[{"embeddable":true,"href":"https:\/\/comunicartesanluis.com\/index.php\/wp-json\/wp\/v2\/media\/10406"}],"wp:attachment":[{"href":"https:\/\/comunicartesanluis.com\/index.php\/wp-json\/wp\/v2\/media?parent=10404"}],"wp:term":[{"taxonomy":"category","embeddable":true,"href":"https:\/\/comunicartesanluis.com\/index.php\/wp-json\/wp\/v2\/categories?post=10404"},{"taxonomy":"post_tag","embeddable":true,"href":"https:\/\/comunicartesanluis.com\/index.php\/wp-json\/wp\/v2\/tags?post=10404"}],"curies":[{"name":"wp","href":"https:\/\/api.w.org\/{rel}","templated":true}]}}