{"id":10461,"date":"2023-07-27T11:56:13","date_gmt":"2023-07-27T14:56:13","guid":{"rendered":"https:\/\/comunicartesanluis.com\/?p=10461"},"modified":"2023-07-27T11:56:13","modified_gmt":"2023-07-27T14:56:13","slug":"oso-suelto-en-florencio-varela-lucas-pratto-continuara-su-carrera-en-defensa-y-justicia","status":"publish","type":"post","link":"https:\/\/comunicartesanluis.com\/index.php\/2023\/07\/27\/oso-suelto-en-florencio-varela-lucas-pratto-continuara-su-carrera-en-defensa-y-justicia\/","title":{"rendered":"Oso suelto en Florencio Varela: Lucas Pratto continuar\u00e1 su carrera en Defensa y Justicia"},"content":{"rendered":"<div class=\"wrapper-header\">\n<div class=\"container-xl\">\n<div class=\"row\">\n<div class=\"col-12\">\n<div class=\"head-content mb-4\">\n<div class=\"my-3\"><\/div>\n<\/div>\n<\/div>\n<\/div>\n<\/div>\n<\/div>\n<div class=\"wrapper-editable-content\">\n<div>\n<div class=\"wrapper-editable-content\">\n<div class=\"container-md\">\n<div class=\"row\">\n<div class=\"col-md-12 speak\">\n<div class=\"paragraph\">\n<figure class=\"mb-3\">El exfutbolista de V\u00e9lez Sarsfield, Boca Juniors, River Plate y Tigre arrib\u00f3 con el \u00abpase en su poder\u00bb, seg\u00fan confirm\u00f3 la instituci\u00f3n en un comunicado subido a sus redes sociales.<\/figure>\n<p><strong>\u00abCuidado, oso suelto en Florencio Varela. \u00a1Bienvenido!\u00bb, escribi\u00f3 el club en Twitter.<\/strong><\/p>\n<blockquote class=\"twitter-tweet\" data-twitter-extracted-i1690472968425499976=\"true\">\n<p dir=\"ltr\" lang=\"es\">\u26a0\ufe0f \ud835\ude3e\ud835\ude50\ud835\ude44\ud835\ude3f\ud835\ude3c\ud835\ude3f\ud835\ude4a, \ud835\ude4a\ud835\ude4e\ud835\ude4a \ud835\ude4e\ud835\ude50\ud835\ude40\ud835\ude47\ud835\ude4f\ud835\ude4a \ud835\ude40\ud835\ude49 \ud835\ude41\ud835\ude47\ud835\ude4a\ud835\ude4d\ud835\ude40\ud835\ude49\ud835\ude3e\ud835\ude44\ud835\ude4a \ud835\ude51\ud835\ude3c\ud835\ude4d\ud835\ude40\ud835\ude47\ud835\ude3c\u26a0\ufe0f<\/p>\n<p>\ud83d\udc3b \u00a1Bienvenido Lucas Pratto a Defensa y Justicia!<\/p>\n<p>\ud83d\udd17\u00a0<a href=\"https:\/\/t.co\/cjHApQ4BiU\">https:\/\/t.co\/cjHApQ4BiU<\/a><a href=\"https:\/\/t.co\/x5Hn3unq9b\">pic.twitter.com\/x5Hn3unq9b<\/a><\/p>\n<p>\u2014 Defensa y Justicia (@ClubDefensayJus)\u00a0<a href=\"https:\/\/twitter.com\/ClubDefensayJus\/status\/1684256127624544259?ref_src=twsrc%5Etfw\">July 26, 2023<\/a><\/p><\/blockquote>\n<p>El \u00abOso\u00bb se entren\u00f3 este mi\u00e9rcoles junto con sus compa\u00f1eros en el predio del Bosque y podr\u00eda debutar en Defensa y Justicia en el encuentro frente a Emelec, en condici\u00f3n de visitante, por el duelo e ida de los octavos de final de la Copa Sudamericana, el pr\u00f3ximo martes 1\u00b0 de agosto.<\/p>\n<p>Pratto tiene varios t\u00edtulos en su carrera aunque el m\u00e1s resonante es la Copa Libertadores del 2018 con River, en la denominada \u00abfinal de todos los tiempos\u00bb ante Boca Juniors, al que le marc\u00f3 dos tantos entre el ida y vuelta, en Madrid.<\/p>\n<p>Adem\u00e1s, el atacante gan\u00f3 tres campeonatos con V\u00e9lez, otros tres con River y uno con Universidad Cat\u00f3lica, de Chile.<\/p><\/div>\n<\/div>\n<\/div>\n<\/div>\n<\/div>\n<\/div>\n<\/div>\n<div><\/div>\n<div><\/div>\n<div><\/div>\n<div>T\u00e9lam.<\/div>\n","protected":false},"excerpt":{"rendered":"<p>El delantero Lucas Pratto, de 35 a\u00f1os, firm\u00f3 este mi\u00e9rcoles su contrato con\u00a0Defensa y Justicia\u00a0por una temporada, con opci\u00f3n de una extensi\u00f3n semestral en el pr\u00f3ximo a\u00f1o.<\/p>\n","protected":false},"author":3,"featured_media":10462,"comment_status":"open","ping_status":"open","sticky":false,"template":"","format":"standard","meta":{"_jetpack_memberships_contains_paid_content":false,"footnotes":""},"categories":[15,17],"tags":[],"class_list":["post-10461","post","type-post","status-publish","format-standard","has-post-thumbnail","hentry","category-deporte","category-nacional"],"jetpack_featured_media_url":"https:\/\/comunicartesanluis.com\/v1\/wp-content\/uploads\/2023\/07\/64c17fa2706fa_1200.jpg","jetpack_sharing_enabled":true,"_links":{"self":[{"href":"https:\/\/comunicartesanluis.com\/index.php\/wp-json\/wp\/v2\/posts\/10461","targetHints":{"allow":["GET"]}}],"collection":[{"href":"https:\/\/comunicartesanluis.com\/index.php\/wp-json\/wp\/v2\/posts"}],"about":[{"href":"https:\/\/comunicartesanluis.com\/index.php\/wp-json\/wp\/v2\/types\/post"}],"author":[{"embeddable":true,"href":"https:\/\/comunicartesanluis.com\/index.php\/wp-json\/wp\/v2\/users\/3"}],"replies":[{"embeddable":true,"href":"https:\/\/comunicartesanluis.com\/index.php\/wp-json\/wp\/v2\/comments?post=10461"}],"version-history":[{"count":1,"href":"https:\/\/comunicartesanluis.com\/index.php\/wp-json\/wp\/v2\/posts\/10461\/revisions"}],"predecessor-version":[{"id":10463,"href":"https:\/\/comunicartesanluis.com\/index.php\/wp-json\/wp\/v2\/posts\/10461\/revisions\/10463"}],"wp:featuredmedia":[{"embeddable":true,"href":"https:\/\/comunicartesanluis.com\/index.php\/wp-json\/wp\/v2\/media\/10462"}],"wp:attachment":[{"href":"https:\/\/comunicartesanluis.com\/index.php\/wp-json\/wp\/v2\/media?parent=10461"}],"wp:term":[{"taxonomy":"category","embeddable":true,"href":"https:\/\/comunicartesanluis.com\/index.php\/wp-json\/wp\/v2\/categories?post=10461"},{"taxonomy":"post_tag","embeddable":true,"href":"https:\/\/comunicartesanluis.com\/index.php\/wp-json\/wp\/v2\/tags?post=10461"}],"curies":[{"name":"wp","href":"https:\/\/api.w.org\/{rel}","templated":true}]}}