{"id":10482,"date":"2023-07-28T10:08:36","date_gmt":"2023-07-28T13:08:36","guid":{"rendered":"https:\/\/comunicartesanluis.com\/?p=10482"},"modified":"2023-07-28T10:08:36","modified_gmt":"2023-07-28T13:08:36","slug":"edinson-cavani-no-se-presento-en-la-practica-del-valencia-y-se-acerca-a-boca","status":"publish","type":"post","link":"https:\/\/comunicartesanluis.com\/index.php\/2023\/07\/28\/edinson-cavani-no-se-presento-en-la-practica-del-valencia-y-se-acerca-a-boca\/","title":{"rendered":"Edinson Cavani no se present\u00f3 en la pr\u00e1ctica del Valencia y se acerca a Boca"},"content":{"rendered":"<div class=\"wrapper-header\">\n<div class=\"container-xl\">\n<div class=\"row\">\n<div class=\"col-12\">\n<div class=\"head-content mb-4\">\n<div class=\"my-3\"><\/div>\n<\/div>\n<\/div>\n<\/div>\n<\/div>\n<\/div>\n<div class=\"wrapper-editable-content\">\n<div class=\"wrapper-editable-content\">\n<div class=\"container-md\">\n<div class=\"row\">\n<div class=\"col-md-12 speak\">\n<div class=\"paragraph\">El delantero uruguayo\u00a0<strong>Edinson Cavani no se present\u00f3 al entrenamiento\u00a0<\/strong>del Valencia y se espera que en las pr\u00f3ximas horas firme la rescisi\u00f3n de contrato con el club espa\u00f1ol para quedar liberado y viajar a la Argentina para incorporarse a Boca Juniors.<\/p>\n<p>En ese contexto, el \u00abMatador\u00bb Cavani, de 36 a\u00f1os, tiene allanada su salida del Valencia tras la reuni\u00f3n que mantuvo el jueves su representante Walter Guglielmone con dirigentes del club en la que se acord\u00f3 una suma cercana al mill\u00f3n y medio de d\u00f3lares por el a\u00f1o de contrato que le restaba cumplir.<\/p>\n<p>Ese acuerdo dej\u00f3 conformes a ambas partes, ya que el\u00a0<strong>Valencia no quer\u00eda contar con el delantero para la pr\u00f3xima temporada<\/strong>\u00a0y el uruguayo deseaba cumplir su deseo de jugar en Boca, lo que adem\u00e1s le permitir\u00e1 estar cerca de su pa\u00eds y atender algunos asuntos familiares.<\/p>\n<p>Seg\u00fan inform\u00f3 el peri\u00f3dico deportivo espa\u00f1ol Marca, luego de que Cavani no acudiera durante esta jornada a la pr\u00e1ctica lo \u00fanico que resta para concretar su salida es \u00abla firma de la rescisi\u00f3n del contrato\u00bb y se estima que lo har\u00e1 a la brevedad.<\/p>\n<p>Una vez liberado de su compromiso con el Valencia,\u00a0<strong>Cavani viajar\u00e1 a Uruguay y se estima que reci\u00e9n el lunes estar\u00e1 en Buenos Aires<\/strong>\u00a0para someterse a la revisi\u00f3n m\u00e9dica de rigor y firmar su contrato con Boca, que ser\u00e1 de un a\u00f1o y medio, hasta el 31 de diciembre de 2024.<\/p>\n<p>El \u00abMatador\u00bb, nacido en Salto el 14 de febrero de 1987, ser\u00e1 el refuerzo rutilante de Boca en el mercad de pases y la intenci\u00f3n es inscribirlo para los octavos de final de la Copa Libertadores, por esa raz\u00f3n se liber\u00f3 un cupo de extranjero con la desvinculaci\u00f3n del mediocampista paraguayo \u00d3scar Romero.<\/p>\n<p>El apuro por cerrar el ingreso de Cavani se debe a que, por reglamento de la Conmebol,\u00a0<strong>Boca tendr\u00e1 tiempo hasta el s\u00e1bado 29 de julio<\/strong>\u00a0a las 18 de Paraguay (las 19 en Argentina) para presentar hasta un m\u00e1ximo de tres jugadores provisorios que tendr\u00e1n que ser regularizados el lunes 31 del corriente.<\/p>\n<p>El equipo de Jorge Almir\u00f3n jugar\u00e1 72 horas despu\u00e9s del cierre de inscripci\u00f3n ante Nacional en Montevideo por los octavos de final de la Copa Libertadores, para cerrar la llave el 9 de agosto en la Bombonera.<\/p>\n<p><strong>Cavani inici\u00f3 su carrera en Danubio<\/strong>\u00a0de su pa\u00eds y luego jug\u00f3 en Palermo y N\u00e1poli, en Italia, Par\u00eds Saint Germain, en Francia, Manchester United, en Inglaterra, y finalmente el Valencia.<\/p>\n<p>Con la camiseta del seleccionado de Uruguay, el \u00abMatador\u00bb jug\u00f3 cuatro mundiales: Sud\u00e1frica 2010, Brasil 2014, Rusia 2018 y Qatar 2022. Adem\u00e1s, se consagro campe\u00f3n de la Copa Am\u00e9rica de 2011 jugada en la Argentina.<\/p><\/div>\n<\/div>\n<\/div>\n<\/div>\n<\/div>\n<\/div>\n<div><\/div>\n<div><\/div>\n<div><\/div>\n<div><\/div>\n<div><\/div>\n<div><\/div>\n<div><\/div>\n<div>T\u00e9lam.<\/div>\n","protected":false},"excerpt":{"rendered":"<p>El uruguayo, que quiere cumplir su deseo de jugar en el \u00abxeneize\u00bb,\u00a0tiene allanada su salida del club espa\u00f1ol tras la reuni\u00f3n que mantuvo su representante con los dirigentes.\u00a0<\/p>\n","protected":false},"author":3,"featured_media":10483,"comment_status":"open","ping_status":"open","sticky":false,"template":"","format":"standard","meta":{"_jetpack_memberships_contains_paid_content":false,"footnotes":""},"categories":[15,17],"tags":[],"class_list":["post-10482","post","type-post","status-publish","format-standard","has-post-thumbnail","hentry","category-deporte","category-nacional"],"jetpack_featured_media_url":"https:\/\/comunicartesanluis.com\/v1\/wp-content\/uploads\/2023\/07\/5d1209ad63e1b_1200.jpg","jetpack_sharing_enabled":true,"_links":{"self":[{"href":"https:\/\/comunicartesanluis.com\/index.php\/wp-json\/wp\/v2\/posts\/10482","targetHints":{"allow":["GET"]}}],"collection":[{"href":"https:\/\/comunicartesanluis.com\/index.php\/wp-json\/wp\/v2\/posts"}],"about":[{"href":"https:\/\/comunicartesanluis.com\/index.php\/wp-json\/wp\/v2\/types\/post"}],"author":[{"embeddable":true,"href":"https:\/\/comunicartesanluis.com\/index.php\/wp-json\/wp\/v2\/users\/3"}],"replies":[{"embeddable":true,"href":"https:\/\/comunicartesanluis.com\/index.php\/wp-json\/wp\/v2\/comments?post=10482"}],"version-history":[{"count":1,"href":"https:\/\/comunicartesanluis.com\/index.php\/wp-json\/wp\/v2\/posts\/10482\/revisions"}],"predecessor-version":[{"id":10484,"href":"https:\/\/comunicartesanluis.com\/index.php\/wp-json\/wp\/v2\/posts\/10482\/revisions\/10484"}],"wp:featuredmedia":[{"embeddable":true,"href":"https:\/\/comunicartesanluis.com\/index.php\/wp-json\/wp\/v2\/media\/10483"}],"wp:attachment":[{"href":"https:\/\/comunicartesanluis.com\/index.php\/wp-json\/wp\/v2\/media?parent=10482"}],"wp:term":[{"taxonomy":"category","embeddable":true,"href":"https:\/\/comunicartesanluis.com\/index.php\/wp-json\/wp\/v2\/categories?post=10482"},{"taxonomy":"post_tag","embeddable":true,"href":"https:\/\/comunicartesanluis.com\/index.php\/wp-json\/wp\/v2\/tags?post=10482"}],"curies":[{"name":"wp","href":"https:\/\/api.w.org\/{rel}","templated":true}]}}