{"id":10488,"date":"2023-07-29T10:17:59","date_gmt":"2023-07-29T13:17:59","guid":{"rendered":"https:\/\/comunicartesanluis.com\/?p=10488"},"modified":"2023-07-29T10:17:59","modified_gmt":"2023-07-29T13:17:59","slug":"river-recibio-la-copa-de-campeon-y-celebro-ante-sus-hinchas","status":"publish","type":"post","link":"https:\/\/comunicartesanluis.com\/index.php\/2023\/07\/29\/river-recibio-la-copa-de-campeon-y-celebro-ante-sus-hinchas\/","title":{"rendered":"River recibi\u00f3 la copa de campe\u00f3n y celebr\u00f3 ante sus hinchas"},"content":{"rendered":"<div class=\"wrapper-header\">\n<div class=\"container-xl\">\n<div class=\"row\">\n<div class=\"col-12\">\n<div class=\"head-content mb-4\"><\/div>\n<\/div>\n<\/div>\n<\/div>\n<\/div>\n<div class=\"wrapper-editable-content\">\n<div>\n<div class=\"wrapper-editable-content\">\n<div class=\"container-md\">\n<div class=\"row\">\n<div class=\"col-md-12 speak\">\n<div class=\"paragraph\">\n<figure class=\"mb-3\"><strong>River Plate recibi\u00f3<\/strong>\u00a0este viernes\u00a0<strong>la copa como nuevo campe\u00f3n de la Liga Profesional de F\u00fatbol y lo celebr\u00f3 con m\u00e1s de 80 mil<\/strong>\u00a0<strong>hinchas en el M\u00e1s Monumental<\/strong>, luego del triunfo 2-1 ante Racing, por la 27ma. y \u00faltima fecha.<\/figure>\n<p>Una vez finalizado el cl\u00e1sico se arm\u00f3 un escenario en la mitad del campo de juego para dar inicio a la celebraci\u00f3n del campe\u00f3n del f\u00fatbol argentino, donde cada jugador recibi\u00f3 su medalla, antes de que la copa de la LPF estuviese en lo alto.<\/p>\n<p>Las autoridades de la LPF dispusieron que el equipo campe\u00f3n recibiese la copa en su \u00faltima fecha como local y por eso River, que se consagr\u00f3 con el 3-1 ante Estudiantes en la fecha 25, aguard\u00f3 hasta este viernes.<\/p>\n<p><strong>El presidente de la AFA, Claudio Tapia, estuvo presente en la premiaci\u00f3n\u00a0<\/strong>y apenas fue divisado por los hinchas recibi\u00f3 c\u00e1nticos en su contra, atribuy\u00e9ndole la condici\u00f3n de hincha de Boca.<\/p>\n<figure class=\"mb-3\"><img decoding=\"async\" class=\" lazy \" src=\"https:\/\/www.telam.com.ar\/thumbs\/bluesteel\/advf\/imagenes\/2023\/07\/64c4f5c59b7e7_1200.jpg\" alt=\"Foto Fernando Gens\" width=\"100%\" height=\"100%\" \/><\/p>\n<div class=\"media-icons\"><\/div><figcaption>Foto: Fernando Gens.<\/figcaption><\/figure>\n<p>Apenas los jugadores recibieron el trofeo, un show de fuegos artificiales se desplegaron en el M\u00e1s Monumental. A pesar del tard\u00edo horario y del fr\u00edo, los hinchas no se movieron de sus lugares y cantaron por River campe\u00f3n, y por supuesto, se lo dedicaron a Boca.<\/p>\n<p>El plantel, con una copa que se pas\u00f3 sobre distintas manos, continu\u00f3 la fiesta en el c\u00e9sped entre banderas, bombos, gorros y paraguas y se unieron al j\u00fabilo de los hinchas, especialmente los ubicados en la tribuna S\u00edvori.<\/p>\n<p>El paso por ese sector produjo un alto cuando decidieron sacarse una foto general en el arco, con el marco imponente de los hinchas en pleno festejo por detr\u00e1s.<\/p>\n<figure class=\"mb-3\"><img decoding=\"async\" class=\" lazy \" src=\"https:\/\/www.telam.com.ar\/thumbs\/bluesteel\/advf\/imagenes\/2023\/07\/64c4f5c551b73_1200.jpg\" alt=\"Foto Fernando Gens\" width=\"100%\" height=\"100%\" \/><\/p>\n<div class=\"media-icons\"><\/div><figcaption>Foto: Fernando Gens.<\/figcaption><\/figure>\n<p>Al cabo de unos minutos, con la garganta roja de casi 86 mil almas, los jugadores ensayaron una suerte de vuelta ol\u00edmpica para abrazarse simb\u00f3licamente con el resto de los hinchas de las tribunas Belgrano, Centenario y San Mart\u00edn.<\/p>\n<p>El repertorio de los hinchas fue cambiando a medida que el DJ modific\u00f3 las canciones desde su consola. As\u00ed es como al ritmo de Turf se iniciaron las estrofas de una cl\u00e1sica canci\u00f3n de la hinchada de River y luego lugar para seguir cargando a Boca. Cuando son\u00f3 \u00abQu\u00e9 quiere la Chola\u00bb de Los Palmeras, se escuch\u00f3 la letra adaptada al 9 de diciembre de 2018, el d\u00eda que River derrot\u00f3 a Boca en la final de la Copa Libertadores en en Santiago Bernabeu de Madrid.<\/p>\n<figure class=\"mb-3\"><img decoding=\"async\" class=\" lazy \" src=\"https:\/\/www.telam.com.ar\/thumbs\/bluesteel\/advf\/imagenes\/2023\/07\/64c4f5c58144a_1200.jpg\" alt=\"Foto Fernando Gens\" width=\"100%\" height=\"100%\" \/><\/p>\n<div class=\"media-icons\"><\/div><figcaption>Foto: Fernando Gens.<\/figcaption><\/figure>\n<p>La celebraci\u00f3n se extendi\u00f3 pasada la medianoche. Jugadores como Lucas Beltr\u00e1n, Franco Armani, Paulo D\u00edaz o Ignacio Fern\u00e1ndez levantaron la copa ante las pupilas de los hinchas que respondieron con aplausos por el objetivo cumplido con creces.<\/p>\n<p>La gente de River volvi\u00f3 a festejar un t\u00edtulo, el primero con Mart\u00edn Demichelis como entrenador, en su debut, y el primero sin Marcelo Gallardo, el m\u00e1ximo ganador en la historia del club.<\/p><\/div>\n<\/div>\n<\/div>\n<\/div>\n<\/div>\n<\/div>\n<\/div>\n<div><\/div>\n<div><\/div>\n<div><\/div>\n<div><\/div>\n<div><\/div>\n<div><\/div>\n<div><\/div>\n<div><\/div>\n<div><\/div>\n<div><\/div>\n<div><\/div>\n<div>T\u00e9lam.<\/div>\n","protected":false},"excerpt":{"rendered":"<p>Una vez finalizado el juego ante Racing en un escenario armado en la mitad del Monumental, dio inicio a la celebraci\u00f3n del campe\u00f3n del f\u00fatbol argentino, donde cada jugador recibi\u00f3 su medalla, antes de que el trofeo de la LPF sea levantada.<\/p>\n","protected":false},"author":3,"featured_media":10489,"comment_status":"open","ping_status":"open","sticky":false,"template":"","format":"standard","meta":{"_jetpack_memberships_contains_paid_content":false,"footnotes":""},"categories":[15,17],"tags":[],"class_list":["post-10488","post","type-post","status-publish","format-standard","has-post-thumbnail","hentry","category-deporte","category-nacional"],"jetpack_featured_media_url":"https:\/\/comunicartesanluis.com\/v1\/wp-content\/uploads\/2023\/07\/64c4f5c537158_1200.jpg","jetpack_sharing_enabled":true,"_links":{"self":[{"href":"https:\/\/comunicartesanluis.com\/index.php\/wp-json\/wp\/v2\/posts\/10488","targetHints":{"allow":["GET"]}}],"collection":[{"href":"https:\/\/comunicartesanluis.com\/index.php\/wp-json\/wp\/v2\/posts"}],"about":[{"href":"https:\/\/comunicartesanluis.com\/index.php\/wp-json\/wp\/v2\/types\/post"}],"author":[{"embeddable":true,"href":"https:\/\/comunicartesanluis.com\/index.php\/wp-json\/wp\/v2\/users\/3"}],"replies":[{"embeddable":true,"href":"https:\/\/comunicartesanluis.com\/index.php\/wp-json\/wp\/v2\/comments?post=10488"}],"version-history":[{"count":1,"href":"https:\/\/comunicartesanluis.com\/index.php\/wp-json\/wp\/v2\/posts\/10488\/revisions"}],"predecessor-version":[{"id":10490,"href":"https:\/\/comunicartesanluis.com\/index.php\/wp-json\/wp\/v2\/posts\/10488\/revisions\/10490"}],"wp:featuredmedia":[{"embeddable":true,"href":"https:\/\/comunicartesanluis.com\/index.php\/wp-json\/wp\/v2\/media\/10489"}],"wp:attachment":[{"href":"https:\/\/comunicartesanluis.com\/index.php\/wp-json\/wp\/v2\/media?parent=10488"}],"wp:term":[{"taxonomy":"category","embeddable":true,"href":"https:\/\/comunicartesanluis.com\/index.php\/wp-json\/wp\/v2\/categories?post=10488"},{"taxonomy":"post_tag","embeddable":true,"href":"https:\/\/comunicartesanluis.com\/index.php\/wp-json\/wp\/v2\/tags?post=10488"}],"curies":[{"name":"wp","href":"https:\/\/api.w.org\/{rel}","templated":true}]}}