{"id":10491,"date":"2023-07-29T10:23:22","date_gmt":"2023-07-29T13:23:22","guid":{"rendered":"https:\/\/comunicartesanluis.com\/?p=10491"},"modified":"2023-07-29T10:23:22","modified_gmt":"2023-07-29T13:23:22","slug":"german-chiataviglio-gano-la-medalla-de-oro-en-el-sudamericano-de-brasil","status":"publish","type":"post","link":"https:\/\/comunicartesanluis.com\/index.php\/2023\/07\/29\/german-chiataviglio-gano-la-medalla-de-oro-en-el-sudamericano-de-brasil\/","title":{"rendered":"Germ\u00e1n Chiataviglio gan\u00f3 la medalla de oro en el Sudamericano de Brasil"},"content":{"rendered":"<div class=\"wrapper-header\">\n<div class=\"container-xl\">\n<div class=\"row\">\n<div class=\"col-12\">\n<div class=\"head-content mb-4\">\n<div class=\"my-3\"><\/div>\n<\/div>\n<\/div>\n<\/div>\n<\/div>\n<\/div>\n<div class=\"wrapper-editable-content\">\n<div class=\"wrapper-editable-content\">\n<div class=\"container-md\">\n<div class=\"row\">\n<div class=\"col-md-12 speak\">\n<div class=\"paragraph\">El santafesino Germ\u00e1n Chiaraviglio, finalista en salto con garrocha en los Juegos Ol\u00edmpicos de R\u00edo de Janeiro 2016 y en el Mundial Beijing, China, 2015, y m\u00e1xima figura del seleccionado argentino de atletismo, conquist\u00f3 este viernes la medalla de oro en la la 53ra edici\u00f3n del Campeonato Sudamericano de Mayores de San Pablo, en Brasil, que cuenta con la participaci\u00f3n de 393 representantes de 12 pa\u00edses.<\/p>\n<p>Chiaraviglio, de 36 a\u00f1os gan\u00f3 la prueba, por quinta vez en su carrera, con una marca de 5,55 metros, en su segundo intento, y fue escoltado por el ecuatoriano Dyander Pacho Velez (plata con 5,40 metros) y venezolano Ricardo Montes de Oca (bronce con 5,40 metros).<\/p>\n<p>\u00abEstoy muy feliz y contento por este nuevo logro\u00bb, destac\u00f3 Chiaraviglio en declaraciones a T\u00e9lam desde Brasil minutos despu\u00e9s de la finalizaci\u00f3n de la prueba.<\/p>\n<p>\u00abMe sent\u00ed bien, c\u00f3modo, en toda la prueba. Empec\u00e9 en 5,20, una altura baja, para asegurar porque en los \u00faltimos torneos que disput\u00e9 no ven\u00eda sinti\u00e9ndome bien, a pesar de que sab\u00eda de que estaba en buenas condiciones pero no lo pod\u00eda confirmar. Hoy fue una prueba muy buena, me sent\u00ed muy c\u00f3modo desde el principio. Fui pensando altura por altura e hice saltos muy buenos y t\u00e9cnicamente m\u00e1s prolijos\u00bb, explic\u00f3.<\/p>\n<p><strong>Chiaraviglio disput\u00f3 este viernes su d\u00e9cimo campeonatos sudamericanos de mayores y en todos subi\u00f3 al podio:\u00a0<\/strong>Cali 2005, tercero con 5,10; Tunja 206, primero con 5,40; San Pablo 2007, plata con 5,40; Buenos Aires 2011, plata con 5,30; Cartagena 2013, plata con 5,40; Lima 2015, primero con 5,70; Asunci\u00f3n 2017, primero con 5,60; Lima 2019, tercero con 5,21 y Guayaquil 2021, primero con 5,55.<\/p>\n<p>El atleta santafesino tiene como mejor marca de su carrera 5,75 metros, con la que obtuvo la medalla de plata en los Panamericanos de Toronto, Canad\u00e1, 2015, y logr\u00f3 su mejor registro de 2023 el 16 de abril en Santa Fe con 5,60 metros.<\/p>\n<p>Chiraviglio gan\u00f3 la medalla de oro en los Juegos Odesur de Paraguay, 2022, con una marca de 5,45 metros, en la competencia desarrollada en el Centro Nacional de Atletismo de la ciudad de Luque, y se clasific\u00f3 a los Juegos Panamericanos de Chile de octubre pr\u00f3ximo.<\/p>\n<p>Chiaraviglio, und\u00e9cimo en los Juegos Ol\u00edmpicos 2016 y noveno en el Mundial 2015, gan\u00f3 la medalla de bronce en los Juegos Panamericanos de R\u00edo de Janeiro 2003 (5,20); la de plata en Toronto (5,75) y finaliz\u00f3 quinto en los de Lima, Per\u00fa, 2019 con 5,51.<\/p>\n<div class=\"jumbotron pt-4 mt-3\">\n<h3 class=\"module-title\">EL RESTO DE LA JORNADA CON OROS<\/h3>\n<p>La porte\u00f1a Fedra Luna y el marplatense Diego Lacamoire ganaron sendas medallas de oro en sus respectivas pruebas de 1.500 metros llanos, en tanto que los bonaerenses Joaqu\u00edn G\u00f3mez, en lanzamiento de martillo, y Diana Ocampo, en 10.000 metros llanos, obtuvieron preseas de bronce.<\/p>\n<p>Fedra Luna, quien conquist\u00f3 las medallas de oro en las pruebas de 1500m y 5000 metros en los Juegos Odesur de Paraguay 2022, gan\u00f3 la prueba con un tiempo de 4m14s52\/100, seguida por la brasile\u00f1a July Ferreira da Silva, plata con 4m16s11\/100) y la uruguaya Mar\u00eda P\u00eda Fern\u00e1ndez, bronce con 4m16s78.<\/p>\n<p>La argentina, subcampeona Iberoamericana en Alicante, Espa\u00f1a, 2022 en 5000 metros y nacida en julio de 1995, obtuvo, el 28 de enero pasado, la prueba 1500 metros llanos bajo techo en el torneo internacional de Catalunya, Espa\u00f1a, en el que estableci\u00f3 un nuevo r\u00e9cord nacional y sudamericano.<\/p>\n<p>Luna logr\u00f3 un tiempo de 4m12s95\/100 y qued\u00f3 detr\u00e1s de la local Agueda Mu\u00f1oz, que gan\u00f3 con un registro de 4m11s38\/100.<\/p>\n<p>De este modo, Luna quebr\u00f3 el r\u00e9cord argentino bajo techo de la marplatense Florencia Borelli, de 4m17s94\/100, registro con el que gan\u00f3 la medalla de oro en el torneo internacional de Valencia en 1500 bajo techo.<\/p>\n<p>Adem\u00e1s, con esa marca, Luna rompi\u00f3 el r\u00e9cord sudamericano de Letitia Vriesde, de Surinam, (4m14s05\/100) del 2 de febrero de 1992 en Budapest, Hungr\u00eda.<\/p>\n<blockquote class=\"twitter-tweet\" data-twitter-extracted-i1690640149033225566=\"true\">\n<p dir=\"ltr\" lang=\"es\"><a href=\"https:\/\/twitter.com\/hashtag\/Atletismo?src=hash&amp;ref_src=twsrc%5Etfw\">#Atletismo<\/a>\u00a0\u00a1Dos medallas doradas para Argentina en el inicio del 53\u00ba Campeonato Sudamericano San Pablo 2023!\ud83e\udd47\ud83c\udde6\ud83c\uddf7<\/p>\n<p>Fedra Luna Sambr\u00e1n y Diego Lacamoire se impusieron en los 1500m con marcas de 4:14.52 y 3:47.99, respectivamente. Adem\u00e1s Daiana Ocampo fue bronce en los 10.000m.\u00a0<a href=\"https:\/\/t.co\/yy0SBR0yHG\">pic.twitter.com\/yy0SBR0yHG<\/a><\/p>\n<p>\u2014 Deportes Argentina (@DeportesAR)\u00a0<a href=\"https:\/\/twitter.com\/DeportesAR\/status\/1684937657241989120?ref_src=twsrc%5Etfw\">July 28, 2023<\/a><\/p><\/blockquote>\n<p>Por su parte, Diego Lacamoire, de 25 a\u00f1os y representante del club Malgor Pista y Campo de Mar del Plata, venci\u00f3 con un registro de 3m47s99\/100 seguido por los brasile\u00f1os Guilherme Kurtz, segundo con 3m48s11\/100 y Andre Carlos Sousa Sales, tercero con 3m49s24\/100.<\/p>\n<p>En el torneo, que clasificar\u00e1 al Mundial de Budapest, Hungr\u00eda, que se disputar\u00e1 del 19 al 27 de agosto, compiten deportistas de Argentina, Bolivia , Brasil, Chile, Colombia, Ecuador, Panam\u00e1, Paraguay, Per\u00fa, Surinam, Uruguay y Venezuela.<\/p>\n<p>A su vez, el bonaerense Joaqu\u00edn G\u00f3mez, m\u00faltiple medallista en los Juegos Odesur en lanzamiento de martillo, conquist\u00f3 la presea de bronce con una marca de 73,77 metros; detr\u00e1s de los chilenos Gabriel Kehr (plata con 75,57) y Humberto Mansilla (oro con 75,92).<\/p>\n<p>G\u00f3mez, de 25 a\u00f1os y surgido de la Escuela Municipal de Atletismo de Avellaneda (EMA), gan\u00f3 gan\u00f3 de la medalla de oro en los Juegos Odesur de Cochabamba, Bolivia, 2018 y de bronce en los de Paraguay 2022.<\/p>\n<p>G\u00f3mez, quien conquist\u00f3 la medalla de plata en el Iberoamericano de Per\u00fa 2018, est\u00e1 segundo, con una marca de 76.36 metros del 30 de octubre de 2021, en el ranking nacional de todos los tiempos y est\u00e1 a s\u00f3lo 6 cent\u00edmetros del r\u00e9cord que ostenta Juan Cerra (76,42) desde el 25 de julio de 2001 en Trieste, Italia.<\/p>\n<p>El lanzador argentino, quien alcanz\u00f3 en 2014 la final del mundial juvenil de Oreg\u00f3n, Estados Unidos, en el que finaliz\u00f3 octavo, est\u00e1 en el quinto puesto del ranking sudamericano con 76,36 metros, detr\u00e1s del santafesino Juan Cerra (76,42); los chilenos Gabriel Keher (77,54), Humberto Mansilla (77,70) y el brasile\u00f1o Wagner Jos\u00e9 Carvalho Domingos, l\u00edder con 78,63 del 19 de junio de 2016.<\/p>\n<p>Por \u00faltimo, Ocampo logr\u00f3 la medalla de bronce con un tiempo de 34m28s2\/100, detr\u00e1s de las peruanas Lizaida Valdivia (plata en 34m26s0) y Luz Mery Rojas (oro en 34m25s0) y Lizaida Valdivia (plata en 34:26.0). En tanto que Marcela Cristina G\u00f3mez finaliz\u00f3 en el und\u00e9cimo puesto en 36:46.2<\/p>\n<p>El certamen, en el que Argentina participa desde la edici\u00f3n de 1920 de Chile, clasificar\u00e1 directamente al Mundial a los campeones en competencias individuales, siempre que lideren el ranking continental.<\/p>\n<p>En el \u00faltimo campeonato sudamericano, que se llev\u00f3 a cabo en el estadio Modelo Alberto Spencer -inaugurado en 1959- en Guayaquil, Ecuador, 2021, Argentina finaliz\u00f3 en el sexto puesto con una medalla de oro, cuatro de plata y seis de bronce, detr\u00e1s de Chile (2-5-1); Ecuador (3-5-8); Venezuela (4-2-3); Colombia (8-13-3) y Brasil, que gan\u00f3 con (26-11 -12).<\/p>\n<p>La presea dorada la gan\u00f3 el garrochista ol\u00edmpico santafesino Germ\u00e1n Chiaraviglio con una marca de 5,55 metros, en tanto que las de plata las conquistaron los entrerrianos Federico Bruno (1500 metros llanos) y Nazareno Sasia (lanzamiento de bala), la marplatense Florencia Borelli ( (5.000 metros llanos) y la posta mixta 4x 400 metros integrada por el mendocino Leandro Paris, la chubutense Mar\u00eda Ayel\u00e9n Diogo, la cordobesa Noel\u00eda Mart\u00ednez y el bonarense Eli\u00e1n Larregina.<\/p>\n<p>Las medallas de bronce las ganaron los bonaerenses Juan Ignacio Solito (lanzamiento de bala); Joaqu\u00edn G\u00f3mez (martillo); Mariana Borelli (1500 metros llanos), Bel\u00e9n Casetta (3.000 con obst\u00e1culos), el correntino Carlos Layoy (salto en alto) y el tucumano Juan Manuel Cano Ceres ( marcha 20.000 metros).<\/p>\n<p>En la tabla de r\u00e9cords de los campeonatos sudamericanos solo figura un deportista argentino: Jennifer Dahlgren, en lanzamiento de martillo, con una marca de 72,70 del 2 de junio de 2011 en Buenos Aires, en tanto que el santafesino Juan Ignacio Cerra es el ganador de m\u00e1s t\u00edtulos en una sola prueba: nueve, en martillo (1997-2011)<\/p>\n<p>Cerra, adem\u00e1s, es el ganador de m\u00e1s campeonatos consecutivos (9, de 1997 a 2011), y en damas es, con cuatro, Alejandra Garc\u00eda (salto con garrocha, 1995-2003).<\/p><\/div>\n<\/div>\n<\/div>\n<\/div>\n<\/div>\n<\/div>\n<\/div>\n<div><\/div>\n<div><\/div>\n<div><\/div>\n<div><\/div>\n<div><\/div>\n<div><\/div>\n<div><\/div>\n<div><\/div>\n<div><\/div>\n<div><\/div>\n<div>T\u00e9lam.<\/div>\n","protected":false},"excerpt":{"rendered":"<p>El santafesino se qued\u00f3 con el m\u00e1ximo lugar en el podio del torneo que se celebra en Brasil, donde tambi\u00e9n fueron dorados Fedra Luna y Diego Lacamoire. \u00abEstoy muy feliz y contento por este nuevo logro\u00bb, indic\u00f3\u00a0 el experimentado garrochista.<\/p>\n","protected":false},"author":3,"featured_media":10492,"comment_status":"open","ping_status":"open","sticky":false,"template":"","format":"standard","meta":{"_jetpack_memberships_contains_paid_content":false,"footnotes":""},"categories":[8,15,17],"tags":[],"class_list":["post-10491","post","type-post","status-publish","format-standard","has-post-thumbnail","hentry","category-actualidad","category-deporte","category-nacional"],"jetpack_featured_media_url":"https:\/\/comunicartesanluis.com\/v1\/wp-content\/uploads\/2023\/07\/64c453908a15b_1200.jpg","jetpack_sharing_enabled":true,"_links":{"self":[{"href":"https:\/\/comunicartesanluis.com\/index.php\/wp-json\/wp\/v2\/posts\/10491","targetHints":{"allow":["GET"]}}],"collection":[{"href":"https:\/\/comunicartesanluis.com\/index.php\/wp-json\/wp\/v2\/posts"}],"about":[{"href":"https:\/\/comunicartesanluis.com\/index.php\/wp-json\/wp\/v2\/types\/post"}],"author":[{"embeddable":true,"href":"https:\/\/comunicartesanluis.com\/index.php\/wp-json\/wp\/v2\/users\/3"}],"replies":[{"embeddable":true,"href":"https:\/\/comunicartesanluis.com\/index.php\/wp-json\/wp\/v2\/comments?post=10491"}],"version-history":[{"count":1,"href":"https:\/\/comunicartesanluis.com\/index.php\/wp-json\/wp\/v2\/posts\/10491\/revisions"}],"predecessor-version":[{"id":10493,"href":"https:\/\/comunicartesanluis.com\/index.php\/wp-json\/wp\/v2\/posts\/10491\/revisions\/10493"}],"wp:featuredmedia":[{"embeddable":true,"href":"https:\/\/comunicartesanluis.com\/index.php\/wp-json\/wp\/v2\/media\/10492"}],"wp:attachment":[{"href":"https:\/\/comunicartesanluis.com\/index.php\/wp-json\/wp\/v2\/media?parent=10491"}],"wp:term":[{"taxonomy":"category","embeddable":true,"href":"https:\/\/comunicartesanluis.com\/index.php\/wp-json\/wp\/v2\/categories?post=10491"},{"taxonomy":"post_tag","embeddable":true,"href":"https:\/\/comunicartesanluis.com\/index.php\/wp-json\/wp\/v2\/tags?post=10491"}],"curies":[{"name":"wp","href":"https:\/\/api.w.org\/{rel}","templated":true}]}}