{"id":10529,"date":"2023-07-31T11:15:29","date_gmt":"2023-07-31T14:15:29","guid":{"rendered":"https:\/\/comunicartesanluis.com\/?p=10529"},"modified":"2023-07-31T11:15:29","modified_gmt":"2023-07-31T14:15:29","slug":"los-pumas-7-reanudan-los-entrenamientos-con-miras-a-los-panamericanos-2023","status":"publish","type":"post","link":"https:\/\/comunicartesanluis.com\/index.php\/2023\/07\/31\/los-pumas-7-reanudan-los-entrenamientos-con-miras-a-los-panamericanos-2023\/","title":{"rendered":"Los Pumas &#8216;7 reanudan los entrenamientos con miras a los Panamericanos 2023"},"content":{"rendered":"<div class=\"wrapper-header\">\n<div class=\"container-xl\">\n<div class=\"row\">\n<div class=\"col-12\">\n<div class=\"head-content mb-4\">\n<div class=\"my-3\"><\/div>\n<\/div>\n<\/div>\n<\/div>\n<\/div>\n<\/div>\n<div class=\"wrapper-editable-content\">\n<div>\n<div class=\"wrapper-editable-content\">\n<div class=\"container-md\">\n<div class=\"row\">\n<div class=\"col-md-12 speak\">\n<div><\/div>\n<div class=\"paragraph\"><strong>El seleccionado argentino de rugby seven<\/strong>, Los Pumas &#8216;7,\u00a0<strong>reanudar\u00e1<\/strong>\u00a0este lunes los entrenamientos con miras a los Juegos Panamericanos Santiago de Chile 2023, cuyo arranque est\u00e1 previsto para octubre venidero.<\/p>\n<p>El equipo dirigido por Santiago G\u00f3mez Cora, medalla de bronce en los \u00faltimos Juegos Ol\u00edmpicos de Tokio, trabajar\u00e1 en un predio de la zona de San Isidro.<\/p>\n<p>La novedad est\u00e1 centrada en el regreso de Santiago Mare, apertura de Regatas Bella Vista, cuyo \u00faltimo encuentro en el conjunto albiceleste fue -precisamente- el que defini\u00f3 el tercer puesto ante Gran Breta\u00f1a en la \u00faltima cita ol\u00edmpica.<\/p>\n<p>Luego, \u00abToto\u00bb Mare pas\u00f3 a la modalidad de rugby 15 y viaj\u00f3 a Europa para continuar su carrera en el Mogliano Veneto Rugby, del Top 10 de la disciplina en Italia.<\/p>\n<p>La n\u00f3mina completa de 22 jugadores que estar\u00e1 afectado a las pr\u00e1cticas es la siguiente: Santiago Alvarez Fourcade, Franco Auad, Lucio Auad, Sim\u00f3n Ben\u00edtez Cruz, Guido Chesini, Tom\u00e1s Elizalde, Agust\u00edn Fraga, Matteo Graziano, Francisco Jorge, Alfonso Latorre, Alejo Lavay\u00e9n<\/p>\n<p>Tom\u00e1s Lizazu, Santiago Mare, Marcos Moneta, Mat\u00edas Osadczuk, Joaqu\u00edn Pellandini, Gast\u00f3n Revol, Nahuel Romero, Franco Rossetto, Germ\u00e1n Schulz, Santiago Vera Feld y Tob\u00edas Wade.<\/p>\n<p><strong>Los primeros compromisos oficiales de Los Pumas &#8216;7 (que finalizaron segundos en el circuito Mundial de la temporada 2022-2023) ser\u00e1n los partidos de los Panamericanos de Santiago de Chile<\/strong>, entre el 20 de octubre y 5 de noviembre.<\/p>\n<p>Luego, el equipo iniciar\u00e1 el circuito 2023-2024 con la etapa que se llevar\u00e1 a cabo en Dubai, entre el 2 y 3 de diciembre. Una semana m\u00e1s tarde se celebrar\u00e1 el torneo de Ciudad del Cabo, en Sud\u00e1frica, y a finales de enero del a\u00f1o entrante se disputar\u00e1 el certamen en Perth, Australia.<\/p><\/div>\n<\/div>\n<\/div>\n<\/div>\n<\/div>\n<\/div>\n<\/div>\n<div><\/div>\n<div><\/div>\n<div>T\u00e9lam.<\/div>\n","protected":false},"excerpt":{"rendered":"<p>El equipo dirigido por Santiago G\u00f3mez Cora, medalla de bronce en los \u00faltimos Juegos Ol\u00edmpicos de Tokio, trabajar\u00e1 desde este lunes en un predio de la zona de San Isidro, con un total de 22 jugadores.<\/p>\n","protected":false},"author":3,"featured_media":10530,"comment_status":"open","ping_status":"open","sticky":false,"template":"","format":"standard","meta":{"_jetpack_memberships_contains_paid_content":false,"footnotes":""},"categories":[15,17],"tags":[],"class_list":["post-10529","post","type-post","status-publish","format-standard","has-post-thumbnail","hentry","category-deporte","category-nacional"],"jetpack_featured_media_url":"https:\/\/comunicartesanluis.com\/v1\/wp-content\/uploads\/2023\/07\/64c79383b3be0_1200.jpg","jetpack_sharing_enabled":true,"_links":{"self":[{"href":"https:\/\/comunicartesanluis.com\/index.php\/wp-json\/wp\/v2\/posts\/10529","targetHints":{"allow":["GET"]}}],"collection":[{"href":"https:\/\/comunicartesanluis.com\/index.php\/wp-json\/wp\/v2\/posts"}],"about":[{"href":"https:\/\/comunicartesanluis.com\/index.php\/wp-json\/wp\/v2\/types\/post"}],"author":[{"embeddable":true,"href":"https:\/\/comunicartesanluis.com\/index.php\/wp-json\/wp\/v2\/users\/3"}],"replies":[{"embeddable":true,"href":"https:\/\/comunicartesanluis.com\/index.php\/wp-json\/wp\/v2\/comments?post=10529"}],"version-history":[{"count":1,"href":"https:\/\/comunicartesanluis.com\/index.php\/wp-json\/wp\/v2\/posts\/10529\/revisions"}],"predecessor-version":[{"id":10531,"href":"https:\/\/comunicartesanluis.com\/index.php\/wp-json\/wp\/v2\/posts\/10529\/revisions\/10531"}],"wp:featuredmedia":[{"embeddable":true,"href":"https:\/\/comunicartesanluis.com\/index.php\/wp-json\/wp\/v2\/media\/10530"}],"wp:attachment":[{"href":"https:\/\/comunicartesanluis.com\/index.php\/wp-json\/wp\/v2\/media?parent=10529"}],"wp:term":[{"taxonomy":"category","embeddable":true,"href":"https:\/\/comunicartesanluis.com\/index.php\/wp-json\/wp\/v2\/categories?post=10529"},{"taxonomy":"post_tag","embeddable":true,"href":"https:\/\/comunicartesanluis.com\/index.php\/wp-json\/wp\/v2\/tags?post=10529"}],"curies":[{"name":"wp","href":"https:\/\/api.w.org\/{rel}","templated":true}]}}