{"id":10548,"date":"2023-08-01T10:49:24","date_gmt":"2023-08-01T13:49:24","guid":{"rendered":"https:\/\/comunicartesanluis.com\/?p=10548"},"modified":"2023-08-01T10:49:24","modified_gmt":"2023-08-01T13:49:24","slug":"river-recibe-a-inter-de-brasil-hora-tv-formaciones-y-todo-lo-que-tenes-que-saber","status":"publish","type":"post","link":"https:\/\/comunicartesanluis.com\/index.php\/2023\/08\/01\/river-recibe-a-inter-de-brasil-hora-tv-formaciones-y-todo-lo-que-tenes-que-saber\/","title":{"rendered":"River recibe a Inter de Brasil: hora, TV, formaciones y todo lo que ten\u00e9s que saber"},"content":{"rendered":"<div class=\"wrapper-header\">\n<div class=\"container-xl\">\n<div class=\"row\">\n<div class=\"col-12\">\n<div class=\"head-content mb-4\">\n<div class=\"my-3\"><\/div>\n<\/div>\n<\/div>\n<\/div>\n<\/div>\n<\/div>\n<div class=\"wrapper-editable-content\">\n<div>\n<div class=\"wrapper-editable-content\">\n<div class=\"container-md\">\n<div class=\"row\">\n<div class=\"col-md-12 speak\">\n<div class=\"paragraph\">\nEl partido se jugar\u00e1 desde las 21 en el estadio Monumental, con arbitraje del venezolano Jes\u00fas Valenzuela y transmisi\u00f3n de Fox Sports.<\/p>\n<p>La vuelta se jugar\u00e1 el pr\u00f3ximo martes 8 de agosto en Porto Alegre y el ganador de la serie enfrentar\u00e1 a Bol\u00edvar, de Bolivia, o Athletico Paranaense, de Brasil, en cuartos de final.<\/p>\n<p>El flamante campe\u00f3n del f\u00fatbol argentino iniciar\u00e1 la etapa eliminatoria de la Copa Libertadores contra un rival dirigido por un viejo conocido como el \u00abChacho\u00bb Coudet, quien asumi\u00f3 hace menos de dos semanas.<\/p>\n<p>Tras superar la fase de grupos con algunas dudas, el \u00abmillonario\u00bb asume este cruce como favorito.<\/p>\n<p>River termin\u00f3 segundo en el grupo D con 10 puntos y su actuaci\u00f3n en algunos partidos estuvo lejos del nivel mostrado durante las 27 fechas del torneo 2023 que conquist\u00f3 con holgura y antelaci\u00f3n.<\/p>\n<p>El Sport Club Internacional de Porto Alegre, campe\u00f3n de la Copa en 2006 y 2010, llega a este duelo luego de terminar primero e invicto en el grupo B con tres triunfos y tres empates.<\/p>\n<p>Sin embargo, cuando finaliz\u00f3 la fase de grupos, el club \u00abcolorado\u00bb despidi\u00f3 al experimentado DT Mano Menezes y se decidi\u00f3 por el regreso de Coudet.<\/p>\n<p>River e Internacional se enfrentaron dos veces en la Copa Libertadores y fue cuando coincidieron en la fase de grupos de la edici\u00f3n 2019: ambos cruces terminaron en empate 2-2.<\/p>\n<p><strong>Probables formaciones\u00a0<\/strong><\/p>\n<p><strong>River Plate<\/strong>: Franco Armani; Milton Casco, Leandro Gonz\u00e1lez P\u00edrez, Paulo D\u00edaz y Enzo D\u00edaz; Enzo P\u00e9rez y Rodrigo Aliendro; Nicol\u00e1s de la Cruz, Ignacio Fern\u00e1ndez y Esequiel Barco; Lucas Beltr\u00e1n. DT: Mart\u00edn Demichelis.<\/p>\n<p><strong>Inter de Porto Alegre<\/strong>: Sergio Rochet; Fabricio Bustos, Gabriel Mercado, Vitao y Rene; Johnny; Gustavo Campanharo, Carlos de Pena y Alan Patrick; Wanderson y Enner Valencia. DT: Eduardo Coudet.<\/p>\n<p>\u00c1rbitro: Jes\u00fas Valenzuela (Venezuela)<\/p>\n<p>Estadio: River Plate.<\/p>\n<p>Hora de inicio: 21.<\/p>\n<p>TV: Fox Sports.<\/p><\/div>\n<\/div>\n<\/div>\n<\/div>\n<\/div>\n<\/div>\n<\/div>\n<div><\/div>\n<div><\/div>\n<div><\/div>\n<div><\/div>\n<div><\/div>\n<div><\/div>\n<div><\/div>\n<div>T\u00e9lam<\/div>\n","protected":false},"excerpt":{"rendered":"<p>River Plate recibir\u00e1\u00a0este martes\u00a0a Inter de Porto Alegre, Brasil,\u00a0equipo dirigido por Eduardo \u00abChacho\u00bb Coudet, en el partido de ida de los octavos de final de la Copa Libertadores de Am\u00e9rica.<\/p>\n","protected":false},"author":3,"featured_media":10546,"comment_status":"open","ping_status":"open","sticky":false,"template":"","format":"standard","meta":{"_jetpack_memberships_contains_paid_content":false,"footnotes":""},"categories":[15,17],"tags":[],"class_list":["post-10548","post","type-post","status-publish","format-standard","has-post-thumbnail","hentry","category-deporte","category-nacional"],"jetpack_featured_media_url":"https:\/\/comunicartesanluis.com\/v1\/wp-content\/uploads\/2023\/08\/64c8ed5a4c077_1200.jpg","jetpack_sharing_enabled":true,"_links":{"self":[{"href":"https:\/\/comunicartesanluis.com\/index.php\/wp-json\/wp\/v2\/posts\/10548","targetHints":{"allow":["GET"]}}],"collection":[{"href":"https:\/\/comunicartesanluis.com\/index.php\/wp-json\/wp\/v2\/posts"}],"about":[{"href":"https:\/\/comunicartesanluis.com\/index.php\/wp-json\/wp\/v2\/types\/post"}],"author":[{"embeddable":true,"href":"https:\/\/comunicartesanluis.com\/index.php\/wp-json\/wp\/v2\/users\/3"}],"replies":[{"embeddable":true,"href":"https:\/\/comunicartesanluis.com\/index.php\/wp-json\/wp\/v2\/comments?post=10548"}],"version-history":[{"count":1,"href":"https:\/\/comunicartesanluis.com\/index.php\/wp-json\/wp\/v2\/posts\/10548\/revisions"}],"predecessor-version":[{"id":10549,"href":"https:\/\/comunicartesanluis.com\/index.php\/wp-json\/wp\/v2\/posts\/10548\/revisions\/10549"}],"wp:featuredmedia":[{"embeddable":true,"href":"https:\/\/comunicartesanluis.com\/index.php\/wp-json\/wp\/v2\/media\/10546"}],"wp:attachment":[{"href":"https:\/\/comunicartesanluis.com\/index.php\/wp-json\/wp\/v2\/media?parent=10548"}],"wp:term":[{"taxonomy":"category","embeddable":true,"href":"https:\/\/comunicartesanluis.com\/index.php\/wp-json\/wp\/v2\/categories?post=10548"},{"taxonomy":"post_tag","embeddable":true,"href":"https:\/\/comunicartesanluis.com\/index.php\/wp-json\/wp\/v2\/tags?post=10548"}],"curies":[{"name":"wp","href":"https:\/\/api.w.org\/{rel}","templated":true}]}}