{"id":10552,"date":"2023-08-01T11:01:15","date_gmt":"2023-08-01T14:01:15","guid":{"rendered":"https:\/\/comunicartesanluis.com\/?p=10552"},"modified":"2023-08-01T11:01:15","modified_gmt":"2023-08-01T14:01:15","slug":"cavani-entreno-por-primera-vez-con-sus-companeros-en-boca","status":"publish","type":"post","link":"https:\/\/comunicartesanluis.com\/index.php\/2023\/08\/01\/cavani-entreno-por-primera-vez-con-sus-companeros-en-boca\/","title":{"rendered":"Cavani entren\u00f3 por primera vez con sus compa\u00f1eros en Boca"},"content":{"rendered":"<div class=\"wrapper-header\">\n<div class=\"container-xl\">\n<div class=\"row\">\n<div class=\"col-12\">\n<div class=\"head-content mb-4\">\n<div class=\"my-3\"><\/div>\n<\/div>\n<\/div>\n<\/div>\n<\/div>\n<\/div>\n<div class=\"wrapper-editable-content\">\n<div>\n<div class=\"wrapper-editable-content\">\n<div>\n<div class=\"container-md\">\n<div class=\"row\">\n<div class=\"col-md-12 speak\">\n<div class=\"paragraph\">\n<figure class=\"mb-3\"><strong>El goleador <\/strong>Edinson Cavani, la\u00a0<strong>rutilante incorporaci\u00f3n de Boca<\/strong>\u00a0Juniors en el mercado de pases,<strong>\u00a0entren\u00f3<\/strong>\u00a0este martes\u00a0<strong>por primera vez junto al plantel que se apresta para viajar a Montevideo<\/strong>\u00a0para su partido de este mi\u00e9rcoles por los octavos de final de la Copa Libertadores ante Nacional, del que no tomar\u00e1 parte.<\/figure>\n<p>El \u00abMatador\u00bb Cavani, de 36 a\u00f1os y de reciente paso por el Valencia, de Espa\u00f1a, arrib\u00f3 al predio que Boca posee en Ezeiza poco antes de las 9 para tomar contacto con sus nuevos compa\u00f1eros y con el cuerpo t\u00e9cnico que encabeza Jorge Almir\u00f3n.<\/p>\n<blockquote class=\"twitter-tweet\">\n<p dir=\"ltr\" lang=\"es\">\u00a1Hola, Edi!\u00a0<a href=\"https:\/\/twitter.com\/hashtag\/Cavani?src=hash&amp;ref_src=twsrc%5Etfw\">#Cavani<\/a>\u00a0lleg\u00f3 al predio de\u00a0<a href=\"https:\/\/twitter.com\/hashtag\/Boca?src=hash&amp;ref_src=twsrc%5Etfw\">#Boca<\/a>\u00a0para tener su primer entrenamiento como jugador del Xeneize.\u00a0<a href=\"https:\/\/t.co\/6Ib2LEoVci\">pic.twitter.com\/6Ib2LEoVci<\/a><\/p>\n<p>\u2014 ESPN Uruguay (@ESPNUruguay)\u00a0<a href=\"https:\/\/twitter.com\/ESPNUruguay\/status\/1686348184258334720?ref_src=twsrc%5Etfw\">August 1, 2023<\/a><\/p><\/blockquote>\n<p><strong>El uruguayo baj\u00f3 de su auto y fue recibido por un excompa\u00f1ero suyo cuando coincidieron en el Manchester United, el arquero Sergio \u00abChiquito\u00bb Romero<\/strong>, con quien se dio un fuerte abrazo.<\/p>\n<p><strong>Otro excompa\u00f1ero de Cavani en el equipo ingl\u00e9s es el defensor Marcos Rojo<\/strong>, con quien tambi\u00e9n protagoniz\u00f3 un efusivo saludo.<\/p>\n<p>El plantel \u00abXeneize\u00bb se prepara para viajar a Uruguay, donde este mi\u00e9rcoles a partir de las 21 enfrentar\u00e1 a Nacional en el estadio Gran Parque Central, con el arbitraje del brasile\u00f1o Raphael Claus (BRA) y televisaci\u00f3n de ESPN y Fox Sports.<\/p><\/div>\n<\/div>\n<\/div>\n<\/div>\n<\/div>\n<\/div>\n<\/div>\n<\/div>\n<div><\/div>\n<div><\/div>\n<div><\/div>\n<div><\/div>\n<div><\/div>\n<div>T\u00e9lam.<\/div>\n","protected":false},"excerpt":{"rendered":"<p>El \u00abMatador\u00bb,\u00a0 de 36 a\u00f1os y de reciente paso por el Valencia, arrib\u00f3 al predio que el equipo de la Ribera posee en Ezeiza poco antes de las 9 para tomar contacto con sus nuevos compa\u00f1eros y con el cuerpo t\u00e9cnico que encabeza Jorge Almir\u00f3n.<\/p>\n","protected":false},"author":3,"featured_media":10553,"comment_status":"open","ping_status":"open","sticky":false,"template":"","format":"standard","meta":{"_jetpack_memberships_contains_paid_content":false,"footnotes":""},"categories":[8,15,17],"tags":[],"class_list":["post-10552","post","type-post","status-publish","format-standard","has-post-thumbnail","hentry","category-actualidad","category-deporte","category-nacional"],"jetpack_featured_media_url":"https:\/\/comunicartesanluis.com\/v1\/wp-content\/uploads\/2023\/08\/64c903bf43569_1200.jpg","jetpack_sharing_enabled":true,"_links":{"self":[{"href":"https:\/\/comunicartesanluis.com\/index.php\/wp-json\/wp\/v2\/posts\/10552","targetHints":{"allow":["GET"]}}],"collection":[{"href":"https:\/\/comunicartesanluis.com\/index.php\/wp-json\/wp\/v2\/posts"}],"about":[{"href":"https:\/\/comunicartesanluis.com\/index.php\/wp-json\/wp\/v2\/types\/post"}],"author":[{"embeddable":true,"href":"https:\/\/comunicartesanluis.com\/index.php\/wp-json\/wp\/v2\/users\/3"}],"replies":[{"embeddable":true,"href":"https:\/\/comunicartesanluis.com\/index.php\/wp-json\/wp\/v2\/comments?post=10552"}],"version-history":[{"count":1,"href":"https:\/\/comunicartesanluis.com\/index.php\/wp-json\/wp\/v2\/posts\/10552\/revisions"}],"predecessor-version":[{"id":10554,"href":"https:\/\/comunicartesanluis.com\/index.php\/wp-json\/wp\/v2\/posts\/10552\/revisions\/10554"}],"wp:featuredmedia":[{"embeddable":true,"href":"https:\/\/comunicartesanluis.com\/index.php\/wp-json\/wp\/v2\/media\/10553"}],"wp:attachment":[{"href":"https:\/\/comunicartesanluis.com\/index.php\/wp-json\/wp\/v2\/media?parent=10552"}],"wp:term":[{"taxonomy":"category","embeddable":true,"href":"https:\/\/comunicartesanluis.com\/index.php\/wp-json\/wp\/v2\/categories?post=10552"},{"taxonomy":"post_tag","embeddable":true,"href":"https:\/\/comunicartesanluis.com\/index.php\/wp-json\/wp\/v2\/tags?post=10552"}],"curies":[{"name":"wp","href":"https:\/\/api.w.org\/{rel}","templated":true}]}}