{"id":10569,"date":"2023-08-02T09:49:27","date_gmt":"2023-08-02T12:49:27","guid":{"rendered":"https:\/\/comunicartesanluis.com\/?p=10569"},"modified":"2023-08-02T09:49:27","modified_gmt":"2023-08-02T12:49:27","slug":"marcelo-vivi-un-momento-muy-dificil-lesione-a-un-companero-de-profesion","status":"publish","type":"post","link":"https:\/\/comunicartesanluis.com\/index.php\/2023\/08\/02\/marcelo-vivi-un-momento-muy-dificil-lesione-a-un-companero-de-profesion\/","title":{"rendered":"Marcelo: \u00abViv\u00ed un momento muy dif\u00edcil, lesion\u00e9 a un compa\u00f1ero de profesi\u00f3n\u00bb"},"content":{"rendered":"<div class=\"wrapper-header\">\n<div class=\"container-xl\">\n<div class=\"row\">\n<div class=\"col-12\">\n<div class=\"head-content mb-4\">\n<div class=\"my-3\"><\/div>\n<\/div>\n<\/div>\n<\/div>\n<\/div>\n<\/div>\n<div class=\"wrapper-editable-content\">\n<div class=\"wrapper-info-note\">\n<div class=\"col-md-12\">\n<div class=\"wrapper-author-social\">\n<div class=\"author-box mb-4\">\n<div class=\"info\"><\/div>\n<\/div>\n<\/div>\n<\/div>\n<\/div>\n<div>\n<div class=\"wrapper-editable-content\">\n<div>\n<div class=\"container-md\">\n<div class=\"row\">\n<div class=\"col-md-12 speak\">\n<div class=\"paragraph\">\n<figure class=\"mb-3\">El experimentado lateral izquierdo de Fluminense de Brasil, Marcelo, lament\u00f3 profundamente la lesi\u00f3n que le provoc\u00f3 al defensor de Argentinos Luciano S\u00e1nchez, de mucha gravedad, y luego de ser expulsado y mostrarse llorando por haber sido part\u00edcipe de esa acci\u00f3n involuntaria, se manifest\u00f3 en sus redes sociales \u00abmuy acongojado\u00bb.<\/figure>\n<p>\u00ab<strong>Hoy me ha tocado vivir un momento muy dif\u00edcil dentro del campo. Sin querer he lesionado a un compa\u00f1ero de profesi\u00f3n. Quiero desearte la mejor recuperaci\u00f3n posible Luciano S\u00e1nchez. Toda la fuerza del mundo!<\/strong>\u00ab, escribi\u00f3 Marcelo un par de horas despu\u00e9s de concluido\u00a0<a href=\"https:\/\/www.telam.com.ar\/notas\/202308\/635667-futbol-copa-libertadores-argentinos-juniors-fluminense-brasil-milito-silva.html\" target=\"_blank\" rel=\"noopener\">el cotejo de ida de los octavos de final de la Copa Libertadores en el que empataron 1 a 1 en La Paternal<\/a>.<\/p>\n<blockquote class=\"twitter-tweet\" data-twitter-extracted-i169098366392555616=\"true\">\n<p dir=\"ltr\" lang=\"es\">Hoy me ha tocado vivir un momento muy dif\u00edcil dentro del campo. Sin querer he lesionado a un compa\u00f1ero de profesi\u00f3n. Quiero desearte la mejor recuperaci\u00f3n posible, Luciano S\u00e1nchez. Toda la fuerza del mundo! \ud83d\udc9c\ud83d\ude4f\ud83c\udffe<a href=\"https:\/\/twitter.com\/hashtag\/M12?src=hash&amp;ref_src=twsrc%5Etfw\">#M12<\/a>\u00a0<a href=\"https:\/\/t.co\/vaG04hvioW\">pic.twitter.com\/vaG04hvioW<\/a><\/p>\n<p>\u2014 Marcelotwelve (@MarceloM12)\u00a0<a href=\"https:\/\/twitter.com\/MarceloM12\/status\/1686545090209083392?ref_src=twsrc%5Etfw\">August 2, 2023<\/a><\/p><\/blockquote>\n<p><strong>La lesi\u00f3n de S\u00e1nchez, que se confirm\u00f3 que se trata de luxaci\u00f3n completa de la rodilla izquierda<\/strong>, se produjo promediando el segundo tiempo, cuando luego de pisar el bal\u00f3n, Marcelo perdi\u00f3 la posesi\u00f3n del mismo y termin\u00f3 haciendo lo propio con la pierna del futbolista de Argentinos, en una imagen que dej\u00f3 impresionados a todos los presentes en el Diego Maradona.<\/p>\n<p>Marcelo, carioca de 35 a\u00f1os, surgi\u00f3 en Fluminense, pas\u00f3 luego a Real Madrid, donde desarroll\u00f3 la etapa m\u00e1s brillante de su carrera, luego fue al Olympiakos griego y finalmente retorn\u00f3 a su club brasile\u00f1o de origen.<\/p>\n<div class=\"jumbotron pt-4 mt-3\">\n<h3 class=\"module-title\">\u00abLA EXPULSI\u00d3N DE MARCELO ESTUVO EQUIVOCADA\u00bb, OPIN\u00d3 EL DT DE FLUMINENSE<\/h3>\n<p>El entrenador de Fluminense, Fernando Diniz Silva, reconoci\u00f3 que Argentinos es un equipo \u00abcomplicado\u00bb y asegur\u00f3 que el defensor Marcelo estuvo \u00abmal expulsado\u00bb tras el 1 a 1 en La Paternal, por la ida de los octavos de final de la Copa Libertadores.<\/p>\n<p>\u00abVivimos una noche complicada porque el rival lo es. Ser\u00e1 dif\u00edcil la vuelta para los dos\u00bb, afirm\u00f3 el DT en la conferencia de prensa en el estadio Diego Maradona<\/p>\n<p>\u00ab<strong>El \u00e1rbitro (Piero Maza) tuvo una falta de criterio absoluta todo el partido. Todos estamos triste por la lesi\u00f3n de Luciano S\u00e1nchez, pero Marcelo estuvo mal expulsado\u00bb<\/strong>, se quej\u00f3.<\/p>\n<p>Por otro lado, el DT analiz\u00f3 que Argentinos domin\u00f3 sobre todo en el primer tiempo, pero que luego lo igualaron en\u00a0<strong>\u00abel juego y el empate fue justo\u00bb.<\/strong><\/p>\n<p>La vuelta ser\u00e1 el martes 8 de agosto a las 19 (hora de Argentina), en el m\u00edtico estadio Maracan\u00e1 de R\u00edo de Janeiro.<\/p>\n<\/div>\n<\/div>\n<\/div>\n<\/div>\n<\/div>\n<\/div>\n<\/div>\n<p>T\u00e9lam.<\/p>\n<\/div>\n<\/div>\n","protected":false},"excerpt":{"rendered":"<p>El experimentado lateral brasile\u00f1o del Fluminense se mostr\u00f3 apenado con la luxaci\u00f3n completa de la rodilla izquierda del defensor de Argentinos Luciano S\u00e1nchez. \u00abToda la fuerza del mundo\u00bb, le dese\u00f3 en redes sociales.<\/p>\n","protected":false},"author":3,"featured_media":10570,"comment_status":"open","ping_status":"open","sticky":false,"template":"","format":"standard","meta":{"_jetpack_memberships_contains_paid_content":false,"footnotes":""},"categories":[8,15,18,17],"tags":[],"class_list":["post-10569","post","type-post","status-publish","format-standard","has-post-thumbnail","hentry","category-actualidad","category-deporte","category-internacional","category-nacional"],"jetpack_featured_media_url":"https:\/\/comunicartesanluis.com\/v1\/wp-content\/uploads\/2023\/08\/64c9bef50f3da_1200.jpg","jetpack_sharing_enabled":true,"_links":{"self":[{"href":"https:\/\/comunicartesanluis.com\/index.php\/wp-json\/wp\/v2\/posts\/10569","targetHints":{"allow":["GET"]}}],"collection":[{"href":"https:\/\/comunicartesanluis.com\/index.php\/wp-json\/wp\/v2\/posts"}],"about":[{"href":"https:\/\/comunicartesanluis.com\/index.php\/wp-json\/wp\/v2\/types\/post"}],"author":[{"embeddable":true,"href":"https:\/\/comunicartesanluis.com\/index.php\/wp-json\/wp\/v2\/users\/3"}],"replies":[{"embeddable":true,"href":"https:\/\/comunicartesanluis.com\/index.php\/wp-json\/wp\/v2\/comments?post=10569"}],"version-history":[{"count":1,"href":"https:\/\/comunicartesanluis.com\/index.php\/wp-json\/wp\/v2\/posts\/10569\/revisions"}],"predecessor-version":[{"id":10571,"href":"https:\/\/comunicartesanluis.com\/index.php\/wp-json\/wp\/v2\/posts\/10569\/revisions\/10571"}],"wp:featuredmedia":[{"embeddable":true,"href":"https:\/\/comunicartesanluis.com\/index.php\/wp-json\/wp\/v2\/media\/10570"}],"wp:attachment":[{"href":"https:\/\/comunicartesanluis.com\/index.php\/wp-json\/wp\/v2\/media?parent=10569"}],"wp:term":[{"taxonomy":"category","embeddable":true,"href":"https:\/\/comunicartesanluis.com\/index.php\/wp-json\/wp\/v2\/categories?post=10569"},{"taxonomy":"post_tag","embeddable":true,"href":"https:\/\/comunicartesanluis.com\/index.php\/wp-json\/wp\/v2\/tags?post=10569"}],"curies":[{"name":"wp","href":"https:\/\/api.w.org\/{rel}","templated":true}]}}