{"id":10576,"date":"2023-08-02T10:19:41","date_gmt":"2023-08-02T13:19:41","guid":{"rendered":"https:\/\/comunicartesanluis.com\/?p=10576"},"modified":"2023-08-02T10:19:41","modified_gmt":"2023-08-02T13:19:41","slug":"river-lucho-y-derroto-al-inter-de-brasil-en-nunez","status":"publish","type":"post","link":"https:\/\/comunicartesanluis.com\/index.php\/2023\/08\/02\/river-lucho-y-derroto-al-inter-de-brasil-en-nunez\/","title":{"rendered":"River luch\u00f3 y derrot\u00f3 al Inter de Brasil en N\u00fa\u00f1ez"},"content":{"rendered":"<div class=\"col-md-8\">\n<div class=\"row \">\n<div class=\"content_section wrapper-sections py-3\">\n<article class=\"note-content\">\n<div class=\"wrapper-header\">\n<div class=\"container-xl\">\n<div class=\"row\">\n<div class=\"col-12\">\n<div class=\"head-content mb-4\">\n<div class=\"my-3\"><\/div>\n<\/div>\n<\/div>\n<\/div>\n<\/div>\n<\/div>\n<div class=\"wrapper-editable-content\">\n<div class=\"wrapper-info-note\">\n<div class=\"col-md-12\">\n<div class=\"wrapper-author-social\">\n<div class=\"author-box mb-4\">\n<div class=\"info\"><\/div>\n<\/div>\n<\/div>\n<\/div>\n<\/div>\n<div>\n<div class=\"wrapper-editable-content\">\n<div class=\"container-md\">\n<div class=\"row\">\n<div class=\"col-md-12 speak\">\n<div class=\"paragraph\">\n<figure class=\"mb-3\"><\/figure>\n<p>Solari convirti\u00f3 un doblete para revertir el resultado, tras la apertura del ecuatoriano Enner Valencia, en el minuto de descuento del primer tiempo.<\/p>\n<p>Con este triunfo, River ir\u00e1 la pr\u00f3xima semana a Porto Alegre para jugar el desquite con dos resultados a favor: una nueva victoria o un empate.<\/p>\n<figure class=\"mb-3\"><img decoding=\"async\" class=\" lazy \" src=\"https:\/\/www.telam.com.ar\/thumbs\/bluesteel\/advf\/imagenes\/2023\/08\/64c9b32459d2d_1200.jpg\" alt=\"Foto Osvaldo Fantn\" width=\"100%\" height=\"100%\" \/><\/p>\n<div class=\"media-icons\"><\/div><figcaption>Foto: Osvaldo Fant\u00f3n<\/figcaption><\/figure>\n<p>El \u00faltimo campe\u00f3n del f\u00fatbol argentino celebr\u00f3 un \u00e9xito ajustado y luchado, que deja la serie abierta, pero con m\u00e1s posibilidades de avanzar a la siguiente instancia.<\/p>\n<p>El choque entre River e Inter, que perdi\u00f3 su invicto en la presente edici\u00f3n de la Copa Libertadores, fue atrapante desde el inicio y se jug\u00f3 con vigor en la noche que Solari fue clave y el verdugo del arquero uruguayo Sergio Rochet, una de las figuras del encuentro hasta el ingreso del delantero.<\/p>\n<p>La primera parte mostr\u00f3 a un River inc\u00f3modo ante el posicionamiento de Inter. El equipo de Coudet se adelant\u00f3 en el campo y superpobl\u00f3 el medio. As\u00ed, el \u00faltimo campe\u00f3n del f\u00fatbol argentino no encontr\u00f3 referencias porque Rodrigo Aliendro pr\u00e1cticamente no tuvo contacto con la pelota.<\/p>\n<figure class=\"mb-3\"><img decoding=\"async\" class=\" lazy \" src=\"https:\/\/www.telam.com.ar\/thumbs\/bluesteel\/advf\/imagenes\/2023\/08\/64c9acbfee79b_1200.jpg\" alt=\"Foto Osvaldo Fantn\" width=\"100%\" height=\"100%\" \/><\/p>\n<div class=\"media-icons\"><\/div><figcaption>Foto: Osvaldo Fant\u00f3n<\/figcaption><\/figure>\n<p>River gener\u00f3 ocasiones a trav\u00e9s de toques sucesivos, la clave para encontrar espacios. Un cabezazo de Nacho Fern\u00e1ndez, a los 5 minutos, pas\u00f3 por encima del travesa\u00f1o, y luego acumul\u00f3 aproximaciones que no terminaron en situaciones de peligro por resoluciones err\u00e1ticas del propio ex Gimnasia y Esgrima La Plata.<\/p>\n<p>Un solitario Lucas Beltr\u00e1n en ofensiva sac\u00f3 un remate que el uruguayo Rochet sac\u00f3 al c\u00f3rner. Se trat\u00f3 de un intento aislado que, a los 17 minutos denot\u00f3 un ataque s\u00f3lo por arrestos individuales.<\/p>\n<p>Valencia mand\u00f3 un aviso poco despu\u00e9s con una pirueta en el \u00e1rea que bien pudo haber sido la apertura del marcador, a pesar del esfuerzo de Franco Armani.<\/p>\n<p>Con escaso margen para jugar, River se top\u00f3 con otra situaci\u00f3n, alimentada por la pared entre Milton Casco, Beltr\u00e1n y De La Cruz. El uruguayo lleg\u00f3 con lo justo ante Rochet y su remate se fue desviado.<\/p>\n<figure class=\"mb-3\"><img decoding=\"async\" class=\" lazy \" src=\"https:\/\/www.telam.com.ar\/thumbs\/bluesteel\/advf\/imagenes\/2023\/08\/64c9a2954e6c8_1200.jpg\" alt=\"Foto Osvaldo Fantn\" width=\"100%\" height=\"100%\" \/><\/p>\n<div class=\"media-icons\"><\/div><figcaption>Foto: Osvaldo Fant\u00f3n<\/figcaption><\/figure>\n<p>El partido era intenso en la ins\u00f3lita noche primaveral del M\u00e1s Monumental. Lo mismo se viv\u00eda en las tribunas. Los hinchas manifestaron su enojo con el \u00e1rbitro Jes\u00fas Valenzuela, de flojo rendimiento.<\/p>\n<p>Cuando se dispon\u00eda a jugarse el \u00faltimo minuto del primer tiempo, Gonz\u00e1lez P\u00edrez le cometi\u00f3 infracci\u00f3n a Valencia, quien luego conect\u00f3 de cabeza el centro de Alan Patrick en la pelota detenida. Inter, que ten\u00eda \u00abviejos conocidos\u00bb como Gabriel Mercado y Fabricio Bustos, se puso 1-0 y el impacto fue tan grande como el estadio.<\/p>\n<p>S\u00f3lo se escuch\u00f3 el estadillo de m\u00e1s de 2 mil hinchas de Inter, apostados en un codo de la Centenario Alta, en una postal infrecuente para el f\u00fatbol argentino, a menos que se habiliten \u00abneutrales\u00bb.<\/p>\n<figure class=\"mb-3\"><img decoding=\"async\" class=\" lazy \" src=\"https:\/\/www.telam.com.ar\/thumbs\/bluesteel\/advf\/imagenes\/2023\/08\/64c9a29570ab7_1200.jpg\" alt=\"Foto Osvaldo Fantn\" width=\"100%\" height=\"100%\" \/><\/p>\n<div class=\"media-icons\"><\/div><figcaption>Foto: Osvaldo Fant\u00f3n<\/figcaption><\/figure>\n<p>River se levant\u00f3 en el segundo tiempo. Sali\u00f3 decidido en busca del empate, pero choc\u00f3 con la noche inspirada de Rochet. El uruguayo le neg\u00f3 el grito de gol a un incisivo Esequiel Barco en tres ocasiones y tambi\u00e9n lo hizo ante su compatriota Nicol\u00e1s De La Cruz.<\/p>\n<p>De repente, la soluci\u00f3n de River estaba en el banco. Solari, que inexplicablemente fue suplente, reemplaz\u00f3 al capit\u00e1n Enzo P\u00e9rez. River se acomod\u00f3 mejor y el ex Colo Colo fue letal ante Rochet, quien parec\u00eda imbatible.<\/p>\n<p>Sus goles vinieron de pases en profundidad. De La Cruz lo habilit\u00f3 por el sector derecho y defini\u00f3 cruzado al segundo palo, en su primera intervenci\u00f3n. En el segundo, Beltr\u00e1n, en su rol de pivot, lo dej\u00f3 de cara a Rochet para el 2-1.<\/p>\n<figure class=\"mb-3\"><img decoding=\"async\" class=\" lazy \" src=\"https:\/\/www.telam.com.ar\/thumbs\/bluesteel\/advf\/imagenes\/2023\/08\/64c9a295a052a_1200.jpg\" alt=\"Foto Osvaldo Fantn\" width=\"100%\" height=\"100%\" \/><\/p>\n<div class=\"media-icons\"><\/div><figcaption>Foto: Osvaldo Fant\u00f3n<\/figcaption><\/figure>\n<p>Solari lo grit\u00f3 con todo de cara a la tribuna Belgrano Baja Inferior, apunt\u00e1ndose con el pecho, ratific\u00f3 su gran momento y desat\u00f3 el delirio \u00abmonumental\u00bb de los hinchas de River, mientras en las plateas lo observaban el \u00abPity\u00bb Gonzalo Mart\u00ednez junto al \u00abChori\u00bb Alejandro Dom\u00ednguez y, un poco m\u00e1s all\u00e1, el ilustre Jorge Valdano,<\/p>\n<p>El club de N\u00fa\u00f1ez sac\u00f3 adelante un partido dif\u00edcil, renov\u00f3 su confianza para definir la serie en una semana y acumul\u00f3 su decimoquinto triunfo consecutivo en el M\u00e1s Monumental.<\/p>\n<p><iframe class=\"\" src=\"https:\/\/estdeportes.telam.com.ar\/html\/v3\/minapp\/modules\/futbol\/gamecast\/gamecast.html?channel=deportes.futbol.libertadores.648447&amp;lang=es_LA&amp;page=gamecast&amp;hidePagesMenu=true\" width=\"100%\" height=\"1150\" scrolling=\"auto\" data-mce-fragment=\"1\"><\/iframe><\/div>\n<div class=\"social mt-3\"><\/div>\n<\/div>\n<\/div>\n<\/div>\n<\/div>\n<div class=\"wrapper-tags\"><\/div>\n<div class=\"wrapper-more-news\"><\/div>\n<\/div>\n<\/div>\n<\/article>\n<\/div>\n<\/div>\n<\/div>\n<div class=\"col-md-4\">\n<div class=\"row\">\n<div class=\"wrapper-mininota pt-4 mt-3\">\n<div class=\"bg-mininota\">\n<h3>\u00abBasta de Racismo\u00bb: El mensaje de River para evitar una nueva sanci\u00f3n en la Copa Libertadores<\/h3>\n<p>El Millonario,\u00a0bajo el mensaje \u00abBasta de Racismo\u00bb, se aboc\u00f3 este martes a una campa\u00f1a contra los c\u00e1nticos y accionares xen\u00f3bofos en el f\u00fatbol, con el objetivo de evitar una nueva sanci\u00f3n en la Copa Libertadores, en la previa del compromiso ante Inter de Brasil por la ida de los octavos de final.<\/p>\n<p>El club de N\u00fa\u00f1ez sufri\u00f3 una reducci\u00f3n en su capacidad del M\u00e1s Monumental con 3 mil localidades menos ante el conjunto de Porto Alegre por expresiones y gestos xen\u00f3fobos de algunos de sus hinchas en el partido ante Fluminense de Brasil, por la fase de grupos.<\/p>\n<p>La tribuna Centenario Alta luci\u00f3 un sector vac\u00edo, s\u00f3lo acompa\u00f1ado por la bandera de la Conmebol con la leyenda \u00abBasta de Racismo\u00bb.<\/p>\n<p>La sanci\u00f3n de Conmebol implic\u00f3 para River una p\u00e9rdida de 12 millones de pesos que se sum\u00f3 a la multa econ\u00f3mica de 100 mil d\u00f3lares. La instituci\u00f3n de N\u00fa\u00f1ez inst\u00f3 a sus hinchas a evitar cualquier tipo de acto xen\u00f3fobo, el cual demandar\u00eda un severo castigo del ente que regula el f\u00fatbol sudamericano, con la posibilidad de que el Monumental sea clausurado en un pr\u00f3ximo partido.<\/p>\n<p>River tambi\u00e9n public\u00f3 un video en redes sociales, el d\u00eda previo al partido, que incluy\u00f3 im\u00e1genes de archivo con \u00eddolos del club como Marcelo Gallardo, Amadeo Carrizo, Enzo P\u00e9rez, Enzo Francescoli y Norberto Alonso, acompa\u00f1ado del mensaje: \u00abHay gestos que quedan en la historia. Y gestos que en esta historia no tienen lugar\u00bb.<\/p>\n<p>En las horas previas al choque con Inter, la cuenta de la red social X de River subi\u00f3 un nuevo flyer con el siguiente contenido: \u00abHoy no juega el racismo\u00bb.<\/p>\n<p>En tanto, el cartel electr\u00f3nico gigante ubicado en la tribuna S\u00edvori alta mantuvo el mensaje de la Conmebol \u00abBasta de Racismo\u00bb durante todo el encuentro.&nbsp;<\/p>\n<\/div>\n<\/div>\n<\/div>\n<\/div>\n<div class=\"d-flex justify-content-center\"><\/div>\n<div><\/div>\n<div><\/div>\n<div><\/div>\n<div><\/div>\n<div><\/div>\n<div><\/div>\n<div><\/div>\n<div><\/div>\n<div><\/div>\n<div><\/div>\n<div>T\u00e9lam.<\/div>\n","protected":false},"excerpt":{"rendered":"<p>River Plate, con los goles de Pablo Solari venci\u00f3 este martes a Internacional, de Brasil, por 2 a 1, en el partido v\u00e1lido por la ida de los octavos de final de la Copa Libertadores que se jug\u00f3 con intensidad de principio a fin en el M\u00e1s Monumental.<\/p>\n","protected":false},"author":3,"featured_media":10577,"comment_status":"open","ping_status":"open","sticky":false,"template":"","format":"standard","meta":{"_jetpack_memberships_contains_paid_content":false,"footnotes":""},"categories":[8,15,18,17],"tags":[],"class_list":["post-10576","post","type-post","status-publish","format-standard","has-post-thumbnail","hentry","category-actualidad","category-deporte","category-internacional","category-nacional"],"jetpack_featured_media_url":"https:\/\/comunicartesanluis.com\/v1\/wp-content\/uploads\/2023\/08\/64c9b77e280bd_1200.jpg","jetpack_sharing_enabled":true,"_links":{"self":[{"href":"https:\/\/comunicartesanluis.com\/index.php\/wp-json\/wp\/v2\/posts\/10576","targetHints":{"allow":["GET"]}}],"collection":[{"href":"https:\/\/comunicartesanluis.com\/index.php\/wp-json\/wp\/v2\/posts"}],"about":[{"href":"https:\/\/comunicartesanluis.com\/index.php\/wp-json\/wp\/v2\/types\/post"}],"author":[{"embeddable":true,"href":"https:\/\/comunicartesanluis.com\/index.php\/wp-json\/wp\/v2\/users\/3"}],"replies":[{"embeddable":true,"href":"https:\/\/comunicartesanluis.com\/index.php\/wp-json\/wp\/v2\/comments?post=10576"}],"version-history":[{"count":1,"href":"https:\/\/comunicartesanluis.com\/index.php\/wp-json\/wp\/v2\/posts\/10576\/revisions"}],"predecessor-version":[{"id":10578,"href":"https:\/\/comunicartesanluis.com\/index.php\/wp-json\/wp\/v2\/posts\/10576\/revisions\/10578"}],"wp:featuredmedia":[{"embeddable":true,"href":"https:\/\/comunicartesanluis.com\/index.php\/wp-json\/wp\/v2\/media\/10577"}],"wp:attachment":[{"href":"https:\/\/comunicartesanluis.com\/index.php\/wp-json\/wp\/v2\/media?parent=10576"}],"wp:term":[{"taxonomy":"category","embeddable":true,"href":"https:\/\/comunicartesanluis.com\/index.php\/wp-json\/wp\/v2\/categories?post=10576"},{"taxonomy":"post_tag","embeddable":true,"href":"https:\/\/comunicartesanluis.com\/index.php\/wp-json\/wp\/v2\/tags?post=10576"}],"curies":[{"name":"wp","href":"https:\/\/api.w.org\/{rel}","templated":true}]}}