{"id":10580,"date":"2023-08-02T10:24:47","date_gmt":"2023-08-02T13:24:47","guid":{"rendered":"https:\/\/comunicartesanluis.com\/?p=10580"},"modified":"2023-08-02T10:24:47","modified_gmt":"2023-08-02T13:24:47","slug":"la-scaloneta-ya-conoce-la-fecha-para-el-debut-en-eliminatorias","status":"publish","type":"post","link":"https:\/\/comunicartesanluis.com\/index.php\/2023\/08\/02\/la-scaloneta-ya-conoce-la-fecha-para-el-debut-en-eliminatorias\/","title":{"rendered":"La Scaloneta ya conoce la fecha para el debut en eliminatorias"},"content":{"rendered":"<div class=\"wrapper-header\">\n<div class=\"container-xl\">\n<div class=\"row\">\n<div class=\"col-12\">\n<div class=\"head-content mb-4\">\n<div class=\"my-3\"><\/div>\n<\/div>\n<\/div>\n<\/div>\n<\/div>\n<\/div>\n<div class=\"wrapper-editable-content\">\n<div>\n<div class=\"wrapper-editable-content\">\n<div class=\"container-md\">\n<div class=\"row\">\n<div class=\"col-md-12 speak\">\n<div class=\"paragraph\">\n<figure class=\"mb-3\">El seleccionado argentino campe\u00f3n del mundo iniciar\u00e1 su camino hacia el Mundial de Estados Unidos-M\u00e9xico-Canad\u00e1 2026 el pr\u00f3ximo jueves 7 de septiembre, cuando reciba a su par de Ecuador, desde las 21 en el estadio Mas Monumental de River Plate.<\/figure>\n<p>La confirmaci\u00f3n de este encuentro correspondiente a la primera fecha de las Eliminatorias Sudamericanas lleg\u00f3 este martes de parte de la Conmebol.<\/p>\n<p>Para la segunda fecha, que se realizar\u00e1 cinco d\u00edas despu\u00e9s, el 12 de septiembre en Bolivia frente al representativo local, est\u00e1 confirmado el horario de las 16 pero no as\u00ed el estadio, que se presume ser\u00eda el Hernando Siles, de La Paz.<\/p>\n<blockquote class=\"twitter-tweet\">\n<p dir=\"ltr\" lang=\"es\"><a href=\"https:\/\/twitter.com\/hashtag\/Eliminatorias?src=hash&amp;ref_src=twsrc%5Etfw\">#Eliminatorias<\/a>\u00a0<a href=\"https:\/\/twitter.com\/Argentina?ref_src=twsrc%5Etfw\">@Argentina<\/a>\u00a0recibir\u00e1 a Ecuador en el estadio Monumental, el 7 de septiembre a las 21.<\/p>\n<p>\ud83d\udcdd<a href=\"https:\/\/t.co\/9mxZC1ecEP\">https:\/\/t.co\/9mxZC1ecEP<\/a>\u00a0<a href=\"https:\/\/t.co\/tQ0ygw4b46\">pic.twitter.com\/tQ0ygw4b46<\/a><\/p>\n<p>\u2014 \ud83c\udde6\ud83c\uddf7 Selecci\u00f3n Argentina \u2b50\u2b50\u2b50 (@Argentina)\u00a0<a href=\"https:\/\/twitter.com\/Argentina\/status\/1686499792719945728?ref_src=twsrc%5Etfw\">August 1, 2023<\/a><\/p><\/blockquote>\n<p>Argentina jugar\u00eda las tercera y cuarta fechas en octubre recibiendo a Paraguay primero y visitando a Per\u00fa posteriormente.<\/p>\n<p>El equipo dirigido por Lionel Scaloni, que este martes fue agasajado por su ex club espa\u00f1ol, Deportivo La Coru\u00f1a, cerrar\u00e1 el a\u00f1o en noviembre con una muy exigente doble jornada en la que por la quinta fecha recibir\u00e1 a Uruguay y por la sexta ser\u00e1 visitante nada menos que de Brasil.<\/p><\/div>\n<\/div>\n<\/div>\n<\/div>\n<\/div>\n<\/div>\n<\/div>\n<div><\/div>\n<div><\/div>\n<div><\/div>\n<div><\/div>\n<div><\/div>\n<div>T\u00e9lam.<\/div>\n","protected":false},"excerpt":{"rendered":"<p>La primera fecha para los actuales Campeones del Mundo se disputar\u00e1 en el estadio Monumental de N\u00fa\u00f1ez contra Ecuador, mientras que luego viajar\u00e1 a La Paz para el choque ante Bolivia.<\/p>\n","protected":false},"author":3,"featured_media":10581,"comment_status":"open","ping_status":"open","sticky":false,"template":"","format":"standard","meta":{"_jetpack_memberships_contains_paid_content":false,"footnotes":""},"categories":[8,15,18],"tags":[],"class_list":["post-10580","post","type-post","status-publish","format-standard","has-post-thumbnail","hentry","category-actualidad","category-deporte","category-internacional"],"jetpack_featured_media_url":"https:\/\/comunicartesanluis.com\/v1\/wp-content\/uploads\/2023\/08\/6424644cebd64_1200.jpg","jetpack_sharing_enabled":true,"_links":{"self":[{"href":"https:\/\/comunicartesanluis.com\/index.php\/wp-json\/wp\/v2\/posts\/10580","targetHints":{"allow":["GET"]}}],"collection":[{"href":"https:\/\/comunicartesanluis.com\/index.php\/wp-json\/wp\/v2\/posts"}],"about":[{"href":"https:\/\/comunicartesanluis.com\/index.php\/wp-json\/wp\/v2\/types\/post"}],"author":[{"embeddable":true,"href":"https:\/\/comunicartesanluis.com\/index.php\/wp-json\/wp\/v2\/users\/3"}],"replies":[{"embeddable":true,"href":"https:\/\/comunicartesanluis.com\/index.php\/wp-json\/wp\/v2\/comments?post=10580"}],"version-history":[{"count":2,"href":"https:\/\/comunicartesanluis.com\/index.php\/wp-json\/wp\/v2\/posts\/10580\/revisions"}],"predecessor-version":[{"id":10583,"href":"https:\/\/comunicartesanluis.com\/index.php\/wp-json\/wp\/v2\/posts\/10580\/revisions\/10583"}],"wp:featuredmedia":[{"embeddable":true,"href":"https:\/\/comunicartesanluis.com\/index.php\/wp-json\/wp\/v2\/media\/10581"}],"wp:attachment":[{"href":"https:\/\/comunicartesanluis.com\/index.php\/wp-json\/wp\/v2\/media?parent=10580"}],"wp:term":[{"taxonomy":"category","embeddable":true,"href":"https:\/\/comunicartesanluis.com\/index.php\/wp-json\/wp\/v2\/categories?post=10580"},{"taxonomy":"post_tag","embeddable":true,"href":"https:\/\/comunicartesanluis.com\/index.php\/wp-json\/wp\/v2\/tags?post=10580"}],"curies":[{"name":"wp","href":"https:\/\/api.w.org\/{rel}","templated":true}]}}