{"id":10673,"date":"2023-08-07T10:36:32","date_gmt":"2023-08-07T13:36:32","guid":{"rendered":"https:\/\/comunicartesanluis.com\/?p=10673"},"modified":"2023-08-07T10:44:29","modified_gmt":"2023-08-07T13:44:29","slug":"el-dt-de-los-pumas-da-a-conocer-el-plantel-que-jugara-la-copa-mundial","status":"publish","type":"post","link":"https:\/\/comunicartesanluis.com\/index.php\/2023\/08\/07\/el-dt-de-los-pumas-da-a-conocer-el-plantel-que-jugara-la-copa-mundial\/","title":{"rendered":"El DT de Los Pumas da a conocer el plantel que jugar\u00e1 la Copa Mundial"},"content":{"rendered":"<div class=\"wrapper-header\">\n<div class=\"container-xl\">\n<div class=\"row\">\n<div class=\"col-12\">\n<div class=\"head-content mb-4\">\n<div class=\"my-3\"><\/div>\n<\/div>\n<\/div>\n<\/div>\n<\/div>\n<\/div>\n<div class=\"wrapper-editable-content\">\n<div class=\"wrapper-info-note\">\n<div class=\"col-md-12\">\n<div class=\"wrapper-author-social\">\n<div class=\"author-box mb-4\">\n<div class=\"info\"><\/div>\n<\/div>\n<\/div>\n<\/div>\n<\/div>\n<div>\n<div class=\"wrapper-editable-content\">\n<div class=\"container-md\">\n<div class=\"row\">\n<div class=\"col-md-12 speak\">\n<div class=\"paragraph\">\n<figure class=\"mb-3\">El entrenador del seleccionado argentino de rugby, <strong>el australiano Michael Cheika, confirmar\u00e1\u00a0<\/strong>este lunes\u00a0<strong>la lista definitiva de 33 jugadores para disputar el Mundial de Francia 2023, programado del 8 de septiembre al 28 de octubre.<\/strong><\/figure>\n<p>Cheika, junto a su staff t\u00e9cnico integrado por Juan Fern\u00e1ndez Lobbe, Andr\u00e9s Bordoy, Felipe Contepomi y el neozeland\u00e9s David Kidwell, anunciar\u00e1 los nombres en una conferencia de prensa estipulada a las 12.00 en Espacio Mendoza, en la localidad bonaerense de Ingeniero Maschwitz.<\/p>\n<p>El plantel de Los Pumas qued\u00f3 liberado hasta el pr\u00f3ximo lunes 14 despu\u00e9s de la derrota del s\u00e1bado ante el vigente campe\u00f3n mundial, Sud\u00e1frica, en el estadio de V\u00e9lez Sarsfield, donde la actuaci\u00f3n colectiva marc\u00f3 un retroceso despu\u00e9s de lo demostrado en el Rugby Championship.<\/p>\n<p>Ese lunes los jugadores se tomar\u00e1n la foto oficial para la Copa del Mundo y el martes viajar\u00e1n rumbo a Portugal para afrontar la \u00faltima etapa de la preparaci\u00f3n, con amistoso incluido.<\/p>\n<blockquote class=\"twitter-tweet\" data-twitter-extracted-i1691418582732404436=\"true\">\n<p dir=\"ltr\" lang=\"und\">Los 33 \ud83c\udde6\ud83c\uddf7<\/p>\n<p>\u23f3<a href=\"https:\/\/twitter.com\/hashtag\/SomosLosPumas?src=hash&amp;ref_src=twsrc%5Etfw\">#SomosLosPumas<\/a>\u00a0|\u00a0<a href=\"https:\/\/twitter.com\/hashtag\/M%C3%A1sPumasQueNunca?src=hash&amp;ref_src=twsrc%5Etfw\">#M\u00e1sPumasQueNunca<\/a>\u00a0<a href=\"https:\/\/t.co\/21vxFzOetX\">https:\/\/t.co\/21vxFzOetX<\/a><\/p>\n<p>\u2014 Los Pumas (@lospumas)\u00a0<a href=\"https:\/\/twitter.com\/lospumas\/status\/1688193797887311872?ref_src=twsrc%5Etfw\">August 6, 2023<\/a><\/p><\/blockquote>\n<p><strong>Argentina se enfrentar\u00e1 con Espa\u00f1a el s\u00e1bado 26 de agosto en un test match a disputarse en el estadio del Atl\u00e9tico de Madrid con motivo del centenario de la Federaci\u00f3n Espa\u00f1ola de Rugby<\/strong>.<\/p>\n<p>Despu\u00e9s de ese compromiso, el \u00faltimo antes del Mundial, la delegaci\u00f3n partir\u00e1 a la ciudad de Nantes para iniciar su concentraci\u00f3n.<\/p>\n<p>Los Pumas compartir\u00e1n el Grupo D junto a Chile, Jap\u00f3n, Samoa e Inglaterra -subcampe\u00f3n mundial-, que ser\u00e1 el rival del debut el 9 de septiembre en el Stade de Marsella.<\/p>\n<p>La agenda argentina en el Mundial continuar\u00e1 con el partido frente a Samoa, el viernes 22 en Saint-Etienne; luego con el cruce del s\u00e1bado 30 ante Chile en Nantes y finalmente, en la misma ciudad, con el encuentro frente a Jap\u00f3n, el domingo 8 de octubre.<\/p>\n<p>El seleccionado \u00abalbiceleste\u00bb, que debe quedar entre los dos primeros de la zona para acceder a la \u00faltima ronda, encarar\u00e1 en Francia su novena participaci\u00f3n en el m\u00e1ximo torneo de la World Rugby, en el que tiene asistencia perfecta y un tercer puesto como mejor resultado, justamente en la edici\u00f3n Francia 2007.<\/p>\n<\/div>\n<\/div>\n<\/div>\n<p>T\u00e9lam.<\/p>\n<\/div>\n<\/div>\n<\/div>\n<\/div>\n","protected":false},"excerpt":{"rendered":"<p>Este lunes Michael Cheika confirmar\u00e1 en una conferencia de prensa estipulada a las 12.00 en Espacio Mendoza,\u00a0la lista definitiva de los 33 jugadores que participar\u00e1n del mundial de rugby en Francia.<\/p>\n","protected":false},"author":3,"featured_media":10674,"comment_status":"open","ping_status":"open","sticky":false,"template":"","format":"standard","meta":{"_jetpack_memberships_contains_paid_content":false,"footnotes":""},"categories":[15,17],"tags":[],"class_list":["post-10673","post","type-post","status-publish","format-standard","has-post-thumbnail","hentry","category-deporte","category-nacional"],"jetpack_featured_media_url":"https:\/\/comunicartesanluis.com\/v1\/wp-content\/uploads\/2023\/08\/62c0c67b46ee0_1200.jpg","jetpack_sharing_enabled":true,"_links":{"self":[{"href":"https:\/\/comunicartesanluis.com\/index.php\/wp-json\/wp\/v2\/posts\/10673","targetHints":{"allow":["GET"]}}],"collection":[{"href":"https:\/\/comunicartesanluis.com\/index.php\/wp-json\/wp\/v2\/posts"}],"about":[{"href":"https:\/\/comunicartesanluis.com\/index.php\/wp-json\/wp\/v2\/types\/post"}],"author":[{"embeddable":true,"href":"https:\/\/comunicartesanluis.com\/index.php\/wp-json\/wp\/v2\/users\/3"}],"replies":[{"embeddable":true,"href":"https:\/\/comunicartesanluis.com\/index.php\/wp-json\/wp\/v2\/comments?post=10673"}],"version-history":[{"count":3,"href":"https:\/\/comunicartesanluis.com\/index.php\/wp-json\/wp\/v2\/posts\/10673\/revisions"}],"predecessor-version":[{"id":10677,"href":"https:\/\/comunicartesanluis.com\/index.php\/wp-json\/wp\/v2\/posts\/10673\/revisions\/10677"}],"wp:featuredmedia":[{"embeddable":true,"href":"https:\/\/comunicartesanluis.com\/index.php\/wp-json\/wp\/v2\/media\/10674"}],"wp:attachment":[{"href":"https:\/\/comunicartesanluis.com\/index.php\/wp-json\/wp\/v2\/media?parent=10673"}],"wp:term":[{"taxonomy":"category","embeddable":true,"href":"https:\/\/comunicartesanluis.com\/index.php\/wp-json\/wp\/v2\/categories?post=10673"},{"taxonomy":"post_tag","embeddable":true,"href":"https:\/\/comunicartesanluis.com\/index.php\/wp-json\/wp\/v2\/tags?post=10673"}],"curies":[{"name":"wp","href":"https:\/\/api.w.org\/{rel}","templated":true}]}}