{"id":10724,"date":"2023-08-07T14:59:06","date_gmt":"2023-08-07T17:59:06","guid":{"rendered":"https:\/\/comunicartesanluis.com\/?p=10724"},"modified":"2023-08-07T14:59:06","modified_gmt":"2023-08-07T17:59:06","slug":"los-33-pumas-que-representaran-a-la-argentina-en-el-mundial","status":"publish","type":"post","link":"https:\/\/comunicartesanluis.com\/index.php\/2023\/08\/07\/los-33-pumas-que-representaran-a-la-argentina-en-el-mundial\/","title":{"rendered":"Los 33 Pumas que representar\u00e1n a la Argentina en el Mundial"},"content":{"rendered":"<div class=\"wrapper-header\">\n<div class=\"container-xl\">\n<div class=\"row\">\n<div class=\"col-12\">\n<div class=\"head-content mb-4\">\n<div class=\"my-3\"><\/div>\n<\/div>\n<\/div>\n<\/div>\n<\/div>\n<\/div>\n<div class=\"wrapper-editable-content\">\n<div>\n<div class=\"wrapper-editable-content\">\n<div class=\"container-md\">\n<div class=\"row\">\n<div class=\"col-md-12 speak\">\n<div class=\"paragraph\">El entrenador del seleccionado argentino de rugby,\u00a0<strong>el australiano Michael Cheika, confirm\u00f3\u00a0<\/strong>este lunes<strong>\u00a0el plantel<\/strong>\u00a0<strong>definitivo de 33 jugadores para disputar el Mundial de Francia 2023, programado del 8 de septiembre al 28 de octubre.<\/p>\n<p>Los elegidos son los siguientes<\/strong>: Mat\u00edas Alemanno, Eduardo Bello, Rodrigo Bruni, Agust\u00edn Creevy, Thomas Gallo, Francisco G\u00f3mez Kodela, Juan Mart\u00edn Gonz\u00e1lez, Santiago Grondona, Facundo Isa, Marcos Kremer, Tom\u00e1s Lavanini, Pablo Matera, Juli\u00e1n Montoya, Guido Petti, Pedro Rubiolo, Ignacio Ruiz, Joel Sclavi, Nahuel Tetaz Chaparro (fowards).\u00a0 Lautaro Baz\u00e1n V\u00e9lez, Gonzalo Bertranou, Emiliano Boffelli, Mart\u00edn Bogado, Mateo Carreras, Santiago Carreras, Santiago Chocobares, Lucio Cinti, Tom\u00e1s Cubelli, Jer\u00f3nimo De la Fuente, Juan Imhoff, Rodrigo Isgro, Juan Cruz Mall\u00eda, Mat\u00edas Moroni y Nicol\u00e1s S\u00e1nchez (backs).<\/p>\n<p>Estos jugadores se reunir\u00e1n el pr\u00f3ximo lunes para tomarse la foto oficial de la delegaci\u00f3n y el martes viajar\u00e1n rumbo a Portugal para afrontar la \u00faltima etapa de la preparaci\u00f3n, con amistoso incluido.<\/p>\n<p>Argentina se enfrentar\u00e1 con Espa\u00f1a el s\u00e1bado 26 de agosto en un test match a disputarse en el estadio del Atl\u00e9tico de Madrid con motivo del centenario de la Federaci\u00f3n Espa\u00f1ola de Rugby.<\/p>\n<p>Despu\u00e9s de ese compromiso, el \u00faltimo antes del Mundial, el plantel argentino partir\u00e1 a la ciudad de Nantes para encarar la recta final.<\/p>\n<p><strong>Los Pumas compartir\u00e1n el Grupo D junto a Chile, Jap\u00f3n, Samoa e Inglaterra -subcampe\u00f3n mundial-, que ser\u00e1 el rival del debut el 9 de septiembre en el Stade de Marsella.<\/strong><\/p>\n<figure class=\"mb-3\"><img decoding=\"async\" class=\" lazy \" src=\"https:\/\/www.telam.com.ar\/thumbs\/bluesteel\/advf\/imagenes\/2023\/08\/64d1292357df2.08.2023%20foto%20lara%20sartor_1200.jpg\" alt=\"Foto Lara Sartor \" width=\"100%\" height=\"100%\" \/><\/p>\n<div class=\"media-icons\"><\/div><figcaption>Foto Lara Sartor.<\/figcaption><\/figure>\n<p>La agenda mundialista de Argentina continuar\u00e1 con el partido frente a Samoa, el viernes 22 en Saint-Etienne; luego con el cruce del s\u00e1bado 30 ante Chile en Nantes y finalmente, en la misma ciudad, con el encuentro frente a Jap\u00f3n, el domingo 8 de octubre.<\/p>\n<p>El seleccionado \u00abalbiceleste\u00bb, que debe quedar entre los dos primeros de la zona para acceder a la \u00faltima ronda, encarar\u00e1 en Francia su novena participaci\u00f3n en el m\u00e1ximo torneo de la World Rugby, en el que tiene asistencia perfecta y un tercer puesto como mejor resultado, justamente en la edici\u00f3n Francia 2007.<\/p><\/div>\n<\/div>\n<\/div>\n<\/div>\n<\/div>\n<\/div>\n<\/div>\n<div><\/div>\n<div><\/div>\n<div><\/div>\n<div><\/div>\n<div><\/div>\n<div><\/div>\n<div><\/div>\n<div><\/div>\n<div><\/div>\n<div>T\u00e9lam.<\/div>\n","protected":false},"excerpt":{"rendered":"<p>El DT Michael Cheika confirm\u00f3 en conferencia de prensa la lista definitiva del seleccionado albiceleste, que participar\u00e1 en la Copa del Mundo de rugby desde el pr\u00f3ximo 8 de septiembre al 28 de octubre.<\/p>\n","protected":false},"author":3,"featured_media":10725,"comment_status":"open","ping_status":"open","sticky":false,"template":"","format":"standard","meta":{"_jetpack_memberships_contains_paid_content":false,"footnotes":""},"categories":[15,17],"tags":[],"class_list":["post-10724","post","type-post","status-publish","format-standard","has-post-thumbnail","hentry","category-deporte","category-nacional"],"jetpack_featured_media_url":"https:\/\/comunicartesanluis.com\/v1\/wp-content\/uploads\/2023\/08\/64d129236ff45_1200.jpg","jetpack_sharing_enabled":true,"_links":{"self":[{"href":"https:\/\/comunicartesanluis.com\/index.php\/wp-json\/wp\/v2\/posts\/10724","targetHints":{"allow":["GET"]}}],"collection":[{"href":"https:\/\/comunicartesanluis.com\/index.php\/wp-json\/wp\/v2\/posts"}],"about":[{"href":"https:\/\/comunicartesanluis.com\/index.php\/wp-json\/wp\/v2\/types\/post"}],"author":[{"embeddable":true,"href":"https:\/\/comunicartesanluis.com\/index.php\/wp-json\/wp\/v2\/users\/3"}],"replies":[{"embeddable":true,"href":"https:\/\/comunicartesanluis.com\/index.php\/wp-json\/wp\/v2\/comments?post=10724"}],"version-history":[{"count":1,"href":"https:\/\/comunicartesanluis.com\/index.php\/wp-json\/wp\/v2\/posts\/10724\/revisions"}],"predecessor-version":[{"id":10726,"href":"https:\/\/comunicartesanluis.com\/index.php\/wp-json\/wp\/v2\/posts\/10724\/revisions\/10726"}],"wp:featuredmedia":[{"embeddable":true,"href":"https:\/\/comunicartesanluis.com\/index.php\/wp-json\/wp\/v2\/media\/10725"}],"wp:attachment":[{"href":"https:\/\/comunicartesanluis.com\/index.php\/wp-json\/wp\/v2\/media?parent=10724"}],"wp:term":[{"taxonomy":"category","embeddable":true,"href":"https:\/\/comunicartesanluis.com\/index.php\/wp-json\/wp\/v2\/categories?post=10724"},{"taxonomy":"post_tag","embeddable":true,"href":"https:\/\/comunicartesanluis.com\/index.php\/wp-json\/wp\/v2\/tags?post=10724"}],"curies":[{"name":"wp","href":"https:\/\/api.w.org\/{rel}","templated":true}]}}