{"id":10768,"date":"2023-08-09T10:36:06","date_gmt":"2023-08-09T13:36:06","guid":{"rendered":"https:\/\/comunicartesanluis.com\/?p=10768"},"modified":"2023-08-09T10:40:38","modified_gmt":"2023-08-09T13:40:38","slug":"el-mercado-de-pases-de-primera-equipo-por-equipo-todos-los-refuerzos-y-las-bajas","status":"publish","type":"post","link":"https:\/\/comunicartesanluis.com\/index.php\/2023\/08\/09\/el-mercado-de-pases-de-primera-equipo-por-equipo-todos-los-refuerzos-y-las-bajas\/","title":{"rendered":"El mercado de pases de Primera: equipo por equipo, todos los refuerzos y las bajas"},"content":{"rendered":"<div class=\"sc-8ac06f2-1 fJyQFn\">\n<div class=\"sc-8ac06f2-2 crcYvp\">\n<div class=\"sc-b8ac1e67-0 gvhrJJ\"><\/div>\n<\/div>\n<div class=\"sc-8ac06f2-3 OONVe\"><\/div>\n<\/div>\n<section class=\"sc-e441548f-2 cnfARC\">\n<section class=\"sc-e441548f-1 frElZC\">\n<div class=\"sc-e441548f-10 bGAFVG\">En medio de los octavos de final de la Libertadores y la Sudamericana y con la <a class=\"slug\" title=\"Copa Liga Profesional\" href=\"https:\/\/www.ole.com.ar\/tema\/copa-liga-profesional.html\">Copa de la Liga<\/a>\u00a0en el horizonte (comienza el fin de semana del 20 de agosto), los equipos de Primera Divisi\u00f3n se mueven con todo para reforzar sus planteles en un mercado que abri\u00f3 formalmente este 31 de julio y que ya tuvo impactos muy fuertes como Edinson Cavani en Boca,\u00a0<a href=\"https:\/\/www.ole.com.ar\/futbol-primera\/racing-juanfer-quintero-gago_0_AU1bAWA53X.html\" target=\"_blank\" rel=\"noopener\">Juan Fernando Quintero en Racing<\/a>\u00a0y Manuel Lanzini en River. Ac\u00e1, el movimiento en los 28 equipos.<\/div>\n<article id=\"storyBody\" class=\"sc-e441548f-11 iKXemG\">\n<div class=\"sc-7b11397a-5 kIFfNI\">\n<div>\n<div id=\"div-gpt-ad-inread\">\n<div id=\"google_ads_iframe_\/242767168\/ole\/futbol-primera\/nota\/inread_0__container__\"><\/div>\n<\/div>\n<\/div>\n<\/div>\n<div class=\"custom-text \">\n<h2><strong>Argentinos<\/strong><\/h2>\n<\/div>\n<div class=\"custom-text \">\n<p><strong>Llegaron<\/strong>: Luciano Gondou (compra a Sarmiento), Rom\u00e1n Vega (volvi\u00f3 de Barcelona B) y Alan Lescano (compra a Gimnasia LP).<\/p>\n<\/div>\n<div id=\"aa510b8e-4b42-4f99-b253-ed1cd436020b\"><\/div>\n<div class=\"custom-text \">\n<p><strong>Interesan<\/strong>: Jherson Mosquera (Newell&#8217;s) y Franco Calder\u00f3n (Uni\u00f3n).<\/p>\n<\/div>\n<div class=\"custom-text \">\n<p><strong>Bajas<\/strong>: Kevin Mac Allister (venta a Union Saint Gilloise de B\u00e9lgica).<\/p>\n<\/div>\n<div class=\"custom-text \">\n<p><strong>Volvi\u00f3 y fue cedido nuevamente:<\/strong>\u00a0Dami\u00e1n Batallini (Necaxa de M\u00e9xico(Col\u00f3n).<\/p>\n<\/div>\n<div class=\"custom-text \">\n<p><strong>DT:<\/strong>\u00a0Gabriel Milito<\/p>\n<\/div>\n<div class=\"custom-text \">\n<h2><strong>Arsenal<\/strong><\/h2>\n<\/div>\n<div class=\"custom-text \">\n<p><strong>Llegaron<\/strong>: Juan Cavallaro (libre de La Serena de Chile) y Juan Cejas (libre de Montevideo City Torque).<\/p>\n<\/div>\n<div class=\"custom-text \">\n<p><strong>Interesan<\/strong>: &#8211;<\/p>\n<\/div>\n<div class=\"custom-text \">\n<p><strong>Bajas<\/strong>: Luis Leal (libre), Juan Cuesta (volvi\u00f3 al DIM de Colombia), Felipe Pe\u00f1a Biafore (volvi\u00f3 a River\/pas\u00f3 a Lan\u00fas), Tob\u00edas Z\u00e1rate (volvi\u00f3 a V\u00e9lez) y Santiago Paiva (libre a Godoy Cruz\/Plaza Colonia de Uruguay).<\/p>\n<\/div>\n<div class=\"custom-text \">\n<p><strong>Pueden irse<\/strong>: Lautaro Guzm\u00e1n y Santiago Toloza.<\/p>\n<\/div>\n<div class=\"custom-text \">\n<p><strong>Deben volver<\/strong>: &#8211;<\/p>\n<\/div>\n<div class=\"custom-text \">\n<p><strong>DT:<\/strong>\u00a0Federico Vilar.<\/p>\n<\/div>\n<div class=\"custom-text \">\n<h2><strong>Atl\u00e9tico Tucum\u00e1n<\/strong><\/h2>\n<\/div>\n<div class=\"custom-text \">\n<p><strong>Llegaron<\/strong>: Ramiro Carrera (a pr\u00e9stamo de Cruz Azul de M\u00e9xico) y Tom\u00e1s Castro Ponce (a pr\u00e9stamo de River).<\/p>\n<\/div>\n<div class=\"custom-text \">\n<p><strong>Interesan<\/strong>:.<\/p>\n<\/div>\n<div class=\"custom-text \">\n<p><strong>Bajas<\/strong>: Franco Coman (pr\u00e9stamo a Liniers de Bah\u00eda Blanca) y Kevin Isa Luna (pr\u00e9stamo a Celaya de M\u00e9xico).<\/p>\n<\/div>\n<div class=\"custom-text \">\n<p><strong>Pueden irse:<\/strong>\u00a0Joaqu\u00edn Pereyra.<\/p>\n<\/div>\n<div class=\"custom-text \">\n<p><strong>DT:\u00a0<\/strong>Favio Orsi y Sergio G\u00f3mez.<\/p>\n<\/div>\n<div class=\"custom-text \">\n<h2><strong>Banfield<\/strong><\/h2>\n<\/div>\n<div class=\"custom-text \">\n<p><strong>Llegaron:<\/strong>\u00a0Juan Pablo Alvarez (volvi\u00f3 de Col\u00f3n), Franco Quinteros (volvi\u00f3 de Sarmiento) y Mat\u00edas Ram\u00edrez (a pr\u00e9stamo de Godoy Cruz).<\/p>\n<\/div>\n<div class=\"custom-text \">\n<p><strong>Interesan<\/strong>: &#8212;<\/p>\n<\/div>\n<div class=\"custom-text \">\n<p><strong>Bajas<\/strong>: Emmanuel Olivera (Junior de Barranquilla), Andr\u00e9s Ch\u00e1vez (Nasaf Qarshi de Uzbekist\u00e1n), Leonardo Flores (a pr\u00e9stamo a Estudiantes de R\u00edo Cuarto), Nicol\u00e1s Bertolo (libre) y Alejandro Piedrahita (volvi\u00f3 a Deportivo Pereira de Colombia).<\/p>\n<\/div>\n<div class=\"custom-text \">\n<p><strong>Pueden irse:\u00a0<\/strong>Juan Manuel Cruz, Brahian Alem\u00e1n y Emanuel Coronel.<\/p>\n<\/div>\n<div class=\"custom-text \">\n<p><strong>DT:<\/strong>\u00a0Julio C\u00e9sar Falcioni.<\/p>\n<\/div>\n<div class=\"custom-text \">\n<h2><strong>Barracas Central<\/strong><\/h2>\n<\/div>\n<div class=\"custom-text \">\n<p><strong>Llegaron<\/strong>: Joaqu\u00edn Susvielles (libre de Belgrano) y Mat\u00edas Laba (libre de Central C\u00f3rdoba).<\/p>\n<\/div>\n<div class=\"custom-text \">\n<p><strong>Interesan<\/strong>: Siro Rosan\u00e9 (San Lorenzo).<\/p>\n<\/div>\n<div class=\"custom-text \">\n<p><strong>Bajas<\/strong>: Agust\u00edn D\u00e1ttola (volvi\u00f3 a Almirante Brown) y Juli\u00e1n Viollaz (a pr\u00e9stamo a Colegiales).<\/p>\n<\/div>\n<div class=\"custom-text \">\n<p><strong>Pueden irse<\/strong>:<\/p>\n<\/div>\n<div class=\"custom-text \">\n<p><strong>DT:\u00a0<\/strong>Sergio Rondina.<\/p>\n<\/div>\n<div class=\"custom-text \">\n<h2><strong>Belgrano<\/strong><\/h2>\n<\/div>\n<div class=\"custom-text \">\n<p><strong>Llegaron<\/strong>: Pablo Chavarr\u00eda (libre del M\u00e1laga de Espa\u00f1a), Mat\u00edas Mar\u00edn (compra a O&#8217;Higgins de Chile) y Lautaro Pastr\u00e1n (compra a Everton de Chile).<\/p>\n<\/div>\n<div class=\"custom-text \">\n<p><strong>Interesan:<\/strong>\u00a0Lucas Passerini (Uni\u00f3n La Calera de Chile), Nicol\u00e1s Schiappacasse (La Luz de Uruguay) y Valent\u00edn Burgoa (Hurac\u00e1n).<\/p>\n<\/div>\n<div class=\"custom-text \">\n<p><strong>Bajas<\/strong>: Pablo Vegetti (venta a Vasco de Gama de Brasil), Bruno Zapelli (venta a Athletico Paranaense), Gabriel Compagnucci (libre a Craiova de Rumania), Iv\u00e1n Ram\u00edrez (a pr\u00e9stamo a Quilmes), Joaqu\u00edn Susvielles (libre a Barracas Central), Ger\u00f3nimo Tomasetti (a pr\u00e9stamo a All Boys), Guillermo Pereira, Iv\u00e1n Ortigoza y Fabi\u00e1n Bordagaray.<\/p>\n<\/div>\n<div class=\"custom-text \">\n<p><strong>Pueden irse:<\/strong>\u00a0Erik Godoy, Franco Jara y Andr\u00e9s Amaya.<\/p>\n<\/div>\n<div class=\"custom-text \">\n<p><strong>Deb\u00eda volver y fue cedido nuevamente:<\/strong>\u00a0Gonzalo Lencina (A. Bucaramanga\/Junior de Colombia).<\/p>\n<\/div>\n<div class=\"custom-text \">\n<p><strong>Volvi\u00f3 y qued\u00f3 libre:<\/strong>\u00a0Juan Salas (G\u00fcemes de Santiago del Estero\/All Boys).<\/p>\n<\/div>\n<div class=\"custom-text \">\n<p><strong>DT:<\/strong>\u00a0Guillermo Farr\u00e9.<\/p>\n<\/div>\n<div class=\"custom-text \">\n<h2><strong>Boca<\/strong><\/h2>\n<\/div>\n<div class=\"sc-e7b891c4-0 jPbnQF\"><img decoding=\"async\" src=\"https:\/\/www.ole.com.ar\/images\/2023\/08\/01\/BtMFHurQJ_720x0__1.jpg\" alt=\"Edinson Cavani, en su primer entrenamiento en Boca. Foto: Prensa Boca\" width=\"720\" height=\"100\" data-nimg=\"future\" \/><span class=\"epigraphe\">Edinson Cavani, en su primer entrenamiento en Boca. Foto: Prensa Boca<\/span><\/div>\n<div class=\"custom-text \">\n<p><strong>Llegaron:<\/strong>\u00a0Edinson Cavani (libre de Valencia de Espa\u00f1a), Lucas Janson (compra a V\u00e9lez), Lucas Blondel (compra a Tigre), Marcelo Saracchi (compra a Levante de Espa\u00f1a), Jorman Campuzano (volvi\u00f3 de Giresunspor de Turqu\u00eda), Ezequiel Bullaude (a pr\u00e9stamo de Feyenoord de Pa\u00edses Bajos) y Vicente Taborda (volvi\u00f3 de Platense).<\/p>\n<\/div>\n<div class=\"custom-text \">\n<p><strong>Interesan<\/strong>: Andr\u00e9s Cubas (Vancouver Whitecaps de la MLS), Gast\u00f3n Gim\u00e9nez (Chicago Fire de la MLS) y Guido Pizarro (Tigre de M\u00e9xico).<\/p>\n<\/div>\n<div class=\"custom-text \">\n<p><strong>Bajas<\/strong>: Alan Varela (venta al Porto de Portugal), Luis V\u00e1zquez (venta a Anderlecht de B\u00e9lgica), Mart\u00edn Payero (volvi\u00f3 a Middlesbrough de Inglaterra), Sebasti\u00e1n Villa, Oscar Romero (libre a Pendikspor de Turqu\u00eda) y Agust\u00edn Almendra (libre a Racing).<\/p>\n<\/div>\n<div class=\"custom-text \">\n<p><strong>Pueden irse:<\/strong>\u00a0Esteban Rol\u00f3n, Nicol\u00e1s Orsini, Dar\u00edo Benedetto, Juan Ram\u00edrez, Gonzalo Morales, Agust\u00edn Sandez, Lautaro Di Lollo y Gabriel Aranda.<\/p>\n<\/div>\n<div class=\"custom-text \">\n<p><strong>Volvi\u00f3 y fue cedido nuevamente:<\/strong>\u00a0Jan Hurtado (Bragantino de Brasil\/Liga de Quito de Ecuador).<\/p>\n<\/div>\n<div class=\"custom-text \">\n<p><strong>DT:\u00a0<\/strong>Jorge Almir\u00f3n.<\/p>\n<\/div>\n<div class=\"custom-text \">\n<h2><strong>Central C\u00f3rdoba<\/strong><\/h2>\n<\/div>\n<div class=\"custom-text \">\n<p><strong>Llegaron<\/strong>: Andr\u00e9s Ferro (a pr\u00e9stamo de Metropolitanos de Venezuela), Mateo Sanabria (a pr\u00e9stamo de Lan\u00fas), Gonzalo Alvez (a pr\u00e9stamo de Talleres), Dardo Milco (libre de Alajuelense de Costa Rica) y Lucas Angelini (libre de Tempereley).<\/p>\n<\/div>\n<div class=\"custom-text \">\n<p><strong>Interesan<\/strong>: Lautaro Di Lollo (Boca).<\/p>\n<\/div>\n<div class=\"custom-text \">\n<p><strong>Bajas<\/strong>: Facundo Castelli (volvi\u00f3 a Estudiantes BA\/Delf\u00edn de Ecuador), Lucas Besozzi (Lan\u00fas\/Gremio de Brasil), Mauricio Duarte (libre a C\u00facuta Deportivo de Colombia), Mat\u00edas Laba (libre de Barracas Central) y Abel Bustos (libre a Racing de C\u00f3rdoba).<\/p>\n<\/div>\n<div class=\"custom-text \">\n<p><strong>Puede irse:<\/strong>\u00a0Luis Miguel Rodr\u00edguez, Favio Pereyra y Bruno Farioli.<\/p>\n<\/div>\n<div class=\"custom-text \">\n<p><strong>Volvi\u00f3 y fue cedido nuevamente:<\/strong>\u00a0Leandro Ciccolini (Gimnasia de Mendoza\/San Mart\u00edn T).<\/p>\n<\/div>\n<div class=\"custom-text \">\n<p><strong>DT<\/strong>: Omar De Felippe (en reemplazo de Leonardo Madel\u00f3n).<\/p>\n<\/div>\n<div class=\"custom-text \">\n<h2><strong>Col\u00f3n<\/strong><\/h2>\n<\/div>\n<div class=\"sc-e7b891c4-0 jPbnQF\"><img decoding=\"async\" src=\"https:\/\/www.ole.com.ar\/images\/2023\/08\/06\/xzbuaZZqG_720x0__1.jpg\" alt=\"Botta, con la 10 de Col\u00f3n.\" width=\"720\" height=\"100\" data-nimg=\"future\" \/><span class=\"epigraphe\">Botta, con la 10 de Col\u00f3n.<\/span><\/div>\n<div class=\"custom-text \">\n<p><strong>Llegaron:\u00a0<\/strong>Alberto Esp\u00ednola (libre de Cerro Porte\u00f1o de Paraguay), Rub\u00e9n Botta (libre del Bari de Italia), Dami\u00e1n Batallini (a pr\u00e9stamo de Argentinos), Favio Alvarez (a pr\u00e9stamo de Pumas de M\u00e9xico -Talleres-) y Axel Rodr\u00edguez (a pr\u00e9stamo de Olimpo -Instituto-).<\/p>\n<\/div>\n<div class=\"custom-text \">\n<p><strong>Interesan<\/strong>: Juan Pati\u00f1o (libre de Cerro Porte\u00f1o), Bruno Farioli (Central C\u00f3rdoba), Germ\u00e1n Conti (Lokomotiv de Mosc\u00fa), Sebasti\u00e1n Sandez (Boca) y Sebasti\u00e1n Prediger (Tigre).<\/p>\n<\/div>\n<div class=\"custom-text \">\n<p><strong>Bajas<\/strong>: Juan Pablo \u00c1lvarez (volvi\u00f3 a Banfield), Juli\u00e1n Chicco (libre a Legan\u00e9s de Espa\u00f1a), Facundo Far\u00edas (venta a Inter Miami de la MLS), Jos\u00e9 Neris (a pr\u00e9stamo a Pe\u00f1arol), Augusto Schott (volvi\u00f3 a Talleres\/pas\u00f3 a Newell&#8217;s) y Lucas Acevedo (libre a Atromitos de Grecia).<\/p>\n<\/div>\n<div class=\"custom-text \">\n<p><strong>Pueden irse:<\/strong>\u00a0Facundo Garc\u00e9s, Eric Meza, Ram\u00f3n \u00c1bila, Andrew Teuten y Santiago Pierotti.<\/p>\n<\/div>\n<div class=\"custom-text \">\n<p><strong>Volvi\u00f3 y fue cedido nuevamente:<\/strong>\u00a0Franco D\u00e9boli (Deportivo Madryn\/B\u00fahos ULVR de Ecuador).<\/p>\n<\/div>\n<div class=\"custom-text \">\n<p><strong>DT:<\/strong>\u00a0N\u00e9stor Gorosito.<\/p>\n<\/div>\n<div class=\"custom-text \">\n<h2><strong>Defensa y Justicia<\/strong><\/h2>\n<\/div>\n<div class=\"sc-e7b891c4-0 jPbnQF\"><img decoding=\"async\" src=\"https:\/\/www.ole.com.ar\/images\/2023\/08\/02\/0MU6naw58_720x0__1.jpg\" alt=\"Pratto y ya debut\u00f3 en Defensa y Justicia. (@gaboharper)\" width=\"720\" height=\"100\" data-nimg=\"future\" \/><span class=\"epigraphe\">Pratto y ya debut\u00f3 en Defensa y Justicia. (@gaboharper)<\/span><\/div>\n<div class=\"custom-text \">\n<p><strong>Llegaron<\/strong>: Lucas Pratto (libre de V\u00e9lez), Cristopher Fiermar\u00edn (a pr\u00e9stamo de Montevideo City Torque), Jonhatan Ber\u00f3n (a pr\u00e9stamo de V\u00e9lez) y Manuel Duarte (volvi\u00f3 de Quer\u00e9taro de M\u00e9xico).<\/p>\n<\/div>\n<div class=\"custom-text \">\n<p><strong>Interesan:\u00a0<\/strong>Sasha Marcich (Platense).<\/p>\n<\/div>\n<div class=\"custom-text \">\n<p><strong>Bajas:<\/strong>\u00a0Ezequiel Unsain (venta a Necaxa de M\u00e9xico), Nazareno Colombo (venta a Racing), Leandro Espejo (pr\u00e9stamo a San Mart\u00edn de San Juan), Edwin Mosquera (volvi\u00f3 a Atlanta United de la MLS) y Juan Miritello (a pr\u00e9stamo a Asteras Tripolis de Grecia).<\/p>\n<\/div>\n<div class=\"custom-text \">\n<p><strong>DT:<\/strong>\u00a0Julio Vaccari.<\/p>\n<\/div>\n<div class=\"custom-text \">\n<h2><strong>Estudiantes<\/strong><\/h2>\n<\/div>\n<div class=\"custom-text \">\n<p><strong>Llegaron<\/strong>:<\/p>\n<\/div>\n<div class=\"custom-text \">\n<p><strong>Interesan<\/strong>: Alex Arce (Independiente Rivadavia), Alexis Manyoma (Cortulu\u00e1 de Colombia) y Javier Altamirano (Huachipato de Chile).<\/p>\n<\/div>\n<div class=\"custom-text \">\n<p><strong>Bajas<\/strong>: Mateo Pellegrino (volvi\u00f3 a V\u00e9lez).<\/p>\n<\/div>\n<div class=\"custom-text \">\n<p><strong>Pueden irse<\/strong>: Leonardo Godoy.<\/p>\n<\/div>\n<div class=\"custom-text \">\n<p><strong>DT:<\/strong>\u00a0Eduardo Dom\u00ednguez.<\/p>\n<\/div>\n<div class=\"custom-text \">\n<h2><strong>Gimnasia<\/strong><\/h2>\n<\/div>\n<div class=\"sc-e7b891c4-0 jPbnQF\"><img decoding=\"async\" src=\"https:\/\/www.ole.com.ar\/images\/2023\/08\/08\/ccaaA4BLJ_720x0__1.jpg\" alt=\"El Pata Castro usar\u00e1 la 89 en su vuelta a Gimnasia\" width=\"720\" height=\"100\" data-nimg=\"future\" \/><span class=\"epigraphe\">El Pata Castro usar\u00e1 la 89 en su vuelta a Gimnasia<\/span><\/div>\n<div class=\"custom-text \">\n<p><strong>Llegaron:<\/strong>\u00a0Pablo de Blasis (libre de FC Cartagena de Espa\u00f1a), Lucas Castro (libre de Hurac\u00e1n) y Estanislao Jara (volvi\u00f3 de Deportivo Madryn).<\/p>\n<\/div>\n<div class=\"custom-text \">\n<p><strong>Interesan:<\/strong>\u00a0Manuel Guill\u00e9n (River).<\/p>\n<\/div>\n<div class=\"custom-text \">\n<p><strong>Bajas:<\/strong>\u00a0Ignacio Miram\u00f3n (venta al Lille de Francia), Tom\u00e1s Muro (venta Orenburg FC de Rusia), Nicol\u00e1s Cont\u00edn (libre de Sport Boys de Per\u00fa), Tom\u00e1s Fern\u00e1ndez (libre a Atlanta), Mat\u00edas Melluso (libre al Pafos de Chipre), Alan Lescano (venta a Argentinos) y Maximiliano Comba (libre a Volos de Grecia).<\/p>\n<\/div>\n<div class=\"custom-text \">\n<p><strong>Pueden irse<\/strong>: Guillermo Enrique.<\/p>\n<\/div>\n<div class=\"custom-text \">\n<p><strong>DT<\/strong>: Sebasti\u00e1n Romero.<\/p>\n<\/div>\n<div class=\"custom-text \">\n<h2><strong>Godoy Cruz<\/strong><\/h2>\n<\/div>\n<div class=\"custom-text \">\n<p>Llegaron: -.<\/p>\n<\/div>\n<div class=\"custom-text \">\n<p><strong>Interesan<\/strong>: El\u00edas L\u00f3pez (River), Manuel Guill\u00e9n (River) y Nahuel Gallardo (River\/Once Caldas).<\/p>\n<\/div>\n<div class=\"custom-text \">\n<p><strong>Bajas:\u00a0<\/strong>Gonzalo Abrego (a pr\u00e9stamo a Sampdoria de Italia)y Mat\u00edas Ram\u00edrez (a pr\u00e9stamo a Banfield).<\/p>\n<\/div>\n<div class=\"custom-text \">\n<p><strong>Pueden irse:\u00a0<\/strong>Tadeo Allende.<\/p>\n<\/div>\n<div class=\"custom-text \">\n<p><strong>Deb\u00eda volver y qued\u00f3 libre:<\/strong>\u00a0Santiago Paiva (Arsenal\/Plaza Colonia de Uruguay).<\/p>\n<\/div>\n<div class=\"custom-text \">\n<p><strong>DT:<\/strong>\u00a0Daniel Oldr\u00e1.<\/p>\n<\/div>\n<div class=\"custom-text \">\n<h2><strong>Hurac\u00e1n<\/strong><\/h2>\n<\/div>\n<div class=\"sc-e7b891c4-0 jPbnQF\"><img decoding=\"async\" src=\"https:\/\/www.ole.com.ar\/images\/2023\/07\/27\/7PdgGaO8R_720x0__1.jpg\" alt=\"Josel So\u00f1ora en el Globo.\" width=\"720\" height=\"100\" data-nimg=\"future\" \/><span class=\"epigraphe\">Josel So\u00f1ora en el Globo.<\/span><\/div>\n<div class=\"custom-text \">\n<p><strong>Llegaron:<\/strong>\u00a0Sebasti\u00e1n Meza (volvi\u00f3 de Sarmiento), Josel So\u00f1ora (libre de Ju\u00e1rez de M\u00e9xico), H\u00e9ctor F\u00e9rtoli (a pr\u00e9stamo de Racing) y Rodrigo Echeverr\u00eda (a pr\u00e9stamo de Everton de Chile).<\/p>\n<\/div>\n<div class=\"custom-text \">\n<p><strong>Interesan<\/strong>: Tom\u00e1s Molina (Ju\u00e1rez de M\u00e9xico), Favio Pereyra (Central C\u00f3rdoba), Franco Alfonso (River) y Nicol\u00e1s Orsini (Boca).<\/p>\n<\/div>\n<div class=\"custom-text \">\n<p><strong>Bajas:<\/strong>\u00a0Lucas Merolla (libre a Mazatl\u00e1n de M\u00e9xico), Nicol\u00e1s Campisi (volvi\u00f3 a Sol de Am\u00e9rica de Paraguay), Lucas Castro (libre a Gimnasia LP), Gast\u00f3n Sauro (libre), Gabriel Gudi\u00f1o (libre a Platense), Rodrigo Lugo (libre a 9 de Octubre de Paraguay) y Juan Garro (libre).<\/p>\n<\/div>\n<div class=\"custom-text \">\n<p><strong>Pueden irse:<\/strong>\u00a0Guillermo Ben\u00edtez, Valent\u00edn Burgoa, Joaqu\u00edn Novillo, Juan Manuel Garc\u00eda, Santiago Hezze y Juan Gauto.<\/p>\n<\/div>\n<div class=\"custom-text \">\n<p><strong>DT:\u00a0<\/strong>Diego Mart\u00ednez.<\/p>\n<\/div>\n<div class=\"custom-text \">\n<h2><strong>Independiente<\/strong><\/h2>\n<\/div>\n<div class=\"custom-text \">\n<p><strong>Altas:<\/strong>\u00a0-.<\/p>\n<\/div>\n<div class=\"custom-text \">\n<p><strong>Interesan:<\/strong>\u00a0Fernando Zampedri (U. Cat\u00f3lica), Federico Fern\u00e1ndez (libre de al Duhail de Qatar), Juan Sebasti\u00e1n Quintero (D. Pereira), Federico Mancuello (Puebla), Lucas Gonz\u00e1lez (Santos Laguna) y Guillermo Varela (Flamengo).<\/p>\n<\/div>\n<div class=\"custom-text \">\n<p><strong>Bajas:\u00a0<\/strong>Sergio Barreto (venta a Pachuca de M\u00e9xico), Mauricio Cuero (libre), Santiago Ayala (a pr\u00e9stamo a Trist\u00e1n Su\u00e1rez) y Juan Cazares (libre).<\/p>\n<\/div>\n<div class=\"custom-text \">\n<p><strong>Podr\u00edan irse:<\/strong>\u00a0Luciano G\u00f3mez, Lazo, Dami\u00e1n P\u00e9rez y Agust\u00edn Mulet.<\/p>\n<\/div>\n<div class=\"custom-text \">\n<p><strong>DT:\u00a0<\/strong>Ricardo Zielinski.<\/p>\n<\/div>\n<div class=\"custom-text \">\n<h2><strong>Instituto<\/strong><\/h2>\n<\/div>\n<div class=\"custom-text \">\n<p><strong>Llegaron<\/strong>: Luciano Aued (libre de Instituto) y Lucas Rodr\u00edguez (libre de Rosario Central).<\/p>\n<\/div>\n<div class=\"custom-text \">\n<p><strong>Interesan<\/strong>:-.<\/p>\n<\/div>\n<div class=\"custom-text \">\n<p><strong>Bajas:<\/strong>\u00a0Joaqu\u00edn Varela (a pr\u00e9stamo al DIM de Colombia).<\/p>\n<\/div>\n<div class=\"custom-text \">\n<p><strong>Puede irse<\/strong>: Franco Watson.<\/p>\n<\/div>\n<div class=\"custom-text \">\n<p><strong>Debe volver<\/strong>: &#8211;<\/p>\n<\/div>\n<div class=\"custom-text \">\n<p><strong>DT:\u00a0<\/strong>Diego Dabove.<\/p>\n<\/div>\n<div class=\"custom-text \">\n<h2><strong>Lan\u00fas<\/strong><\/h2>\n<\/div>\n<div class=\"custom-text \">\n<p><strong>Llegaron<\/strong>: Felipe Pe\u00f1a Biafore (a pr\u00e9stamo de River), Gonzalo P\u00e9rez (compra a Liverpool de Uruguay) y Alan Aguerre (libre de Talleres).<\/p>\n<\/div>\n<div class=\"custom-text \">\n<p><strong>Interesan:\u00a0<\/strong>Augusto Lotti (Cruz Azul de M\u00e9xico).<\/p>\n<\/div>\n<div class=\"custom-text \">\n<p><strong>Bajas<\/strong>: Tom\u00e1s Belmonte (venta a Toluca de M\u00e9xico), Iv\u00e1n Cazal (libre a Guaire\u00f1a de Paraguay), Felipe Aguilar (volvi\u00f3 a A. Paranaense), Brian Blando (a pr\u00e9stamo a O\u2019Higgins de Chile), Mateo Sanabria (a pr\u00e9stamo a Central C\u00f3rdoba) y Samuel Careaga (a pr\u00e9stamo a Memphis de EE.UU.)<\/p>\n<\/div>\n<div class=\"custom-text \">\n<p><strong>Pueden irse:<\/strong>\u00a0Mat\u00edas Esquivel, Lautaro Morales y Leandro D\u00edaz.<\/p>\n<\/div>\n<div class=\"custom-text \">\n<p><strong>Deb\u00edan volver y fueron cedidos nuevamente:<\/strong>\u00a0Guillermo De Amores (Sporting de Gij\u00f3n de Espa\u00f1a\/Pe\u00f1arol, libre) y Lucas Besozzi (Central C\u00f3rdoba\/Gremio de Brasil, a pr\u00e9stamo)<\/p>\n<\/div>\n<div class=\"custom-text \">\n<p><strong>DT:\u00a0<\/strong>Frank Kudelka<\/p>\n<\/div>\n<div class=\"custom-text \">\n<h2><strong>Newell&#8217;s<\/strong><\/h2>\n<\/div>\n<div class=\"sc-e7b891c4-0 jPbnQF\"><img decoding=\"async\" src=\"https:\/\/www.ole.com.ar\/images\/2023\/07\/30\/FfjIF4t_S_720x0__1.jpg\" alt=\"Ord\u00f3\u00f1ez, colombiano para Newell's\" width=\"720\" height=\"100\" data-nimg=\"future\" \/><span class=\"epigraphe\">Ord\u00f3\u00f1ez, colombiano para Newell&#8217;s<\/span><\/div>\n<div class=\"custom-text \">\n<p><strong>Llegaron<\/strong>: Carlos Ord\u00f3\u00f1ez (compra a Envigado de Colombia) y Augusto Schott (a pr\u00e9stamo de Talleres).<\/p>\n<\/div>\n<div class=\"custom-text \">\n<p><strong>Interesan:\u00a0<\/strong>Juan Ignacio M\u00e9ndez (V\u00e9lez).<\/p>\n<\/div>\n<div class=\"custom-text \">\n<p><strong>Bajas:\u00a0<\/strong>Willer Ditta (venta a Cruz Azul de M\u00e9xico), Nazareno F\u00fanez (pr\u00e9stamo a Atl\u00e9tico Rafaela), Jonathan Men\u00e9ndez (rescisi\u00f3n de contrato) y Fabi\u00e1n \u00c1ngel (regres\u00f3 a Junior de Colombia).<\/p>\n<\/div>\n<div class=\"custom-text \">\n<p><strong>Puede irse<\/strong>: Juan Sforza y Jherson Mosquera.<\/p>\n<\/div>\n<div class=\"custom-text \">\n<p><strong>Volvi\u00f3 y fue cedido nuevamente:\u00a0<\/strong>Enzo Cabrera (Birkirkara de Malta\/Ethnikos Achnas FC de Chipre).<\/p>\n<\/div>\n<div class=\"custom-text \">\n<p><strong>DT:<\/strong>\u00a0Gabriel Heinze.<\/p>\n<\/div>\n<div class=\"custom-text \">\n<h2><strong>Platense<\/strong><\/h2>\n<\/div>\n<div class=\"custom-text \">\n<p><strong>Llegaron<\/strong>: Ra\u00fal Lozano (a pr\u00e9stamo de Quilmes), Facundo Russo (volvi\u00f3 de All Boys), Gabriel Gudi\u00f1o (libre de Hurac\u00e1n y Luciano Ferreyra (a pr\u00e9stamo de Rosario Central).<\/p>\n<\/div>\n<div class=\"custom-text \">\n<p><strong>Interesan<\/strong>: Gonzalo Morales (Boca), Valent\u00edn Burgoa (Hurac\u00e1n), Nicol\u00e1s Campisi (Sol de Am\u00e9rica de Paraguay) y Agust\u00edn Ocampo (F\u00e9nix\/Antofagasta).<\/p>\n<\/div>\n<div class=\"custom-text \">\n<p><strong>Bajas<\/strong>: Vicente Taborda (volvi\u00f3 a Boca), Franco Baldasarra (a pr\u00e9stamo a Panetolikos de Grecia) y Alexis Sabella (vuelve a San Lorenzo).<\/p>\n<\/div>\n<div class=\"custom-text \">\n<p><strong>Pueden irse:<\/strong>\u00a0Mauro Quiroga, Sasha Marcich y Marco Pellegrino.<\/p>\n<\/div>\n<div class=\"custom-text \">\n<p><strong>DT:<\/strong>\u00a0Mart\u00edn Palermo.<\/p>\n<\/div>\n<div class=\"custom-text \">\n<h2><strong>Racing<\/strong><\/h2>\n<\/div>\n<div class=\"sc-e7b891c4-0 jPbnQF\"><img decoding=\"async\" src=\"https:\/\/www.ole.com.ar\/images\/2023\/08\/02\/Hgpnl3uPs_720x0__1.jpg\" alt=\"Juanfer Quintero junto a V\u00edctor Blanco. (Foto: Prensa Racing)\" width=\"720\" height=\"100\" data-nimg=\"future\" \/><span class=\"epigraphe\">Juanfer Quintero junto a V\u00edctor Blanco. (Foto: Prensa Racing)<\/span><\/div>\n<div class=\"custom-text \">\n<p><strong>Lleg\u00f3<\/strong>: Agust\u00edn Almendra (libre de Boca), Roger Mart\u00ednez (libre del Am\u00e9rica de M\u00e9xico), Juan Fernando Quintero (libre de Junior de Colombia), Gast\u00f3n Martirena (compra a Liverpool de Uruguay) y Nazareno Colombo (compra a Defensa y Justicia).<\/p>\n<\/div>\n<div class=\"custom-text \">\n<p><strong>Bajas<\/strong>: Tom\u00e1s Avil\u00e9s (venta a Inter Miami de la MLS), \u00d3scar Opazo (volvi\u00f3 a Colo Colo), Mat\u00edas Rojas (libre a Corinthians de Brasil), Edwin Cardona (libre a Am\u00e9rica de Cali), Maximiliano Moralez (libre a New York City de la MLS), H\u00e9ctor F\u00e9rtoli (a pr\u00e9stamo a Hurac\u00e1n) y Paolo Guerrero (libre a Liga de Quito).<\/p>\n<\/div>\n<div class=\"custom-text \">\n<p><strong>Pueden irse<\/strong>: Jonathan Galv\u00e1n, Jonatan G\u00f3mez y Emiliano Ins\u00faa.<\/p>\n<\/div>\n<div class=\"custom-text \">\n<p><strong>Deb\u00eda volver y fue cedido nuevamente:\u00a0<\/strong>Tom\u00e1s Chancalay (Al Wasl de Emiratos \u00c1rabes Unidos\/New England Revolution de la MLS).<\/p>\n<\/div>\n<div class=\"custom-text \">\n<p><strong>DT:<\/strong>\u00a0Fernando Gago<\/p>\n<\/div>\n<div class=\"custom-text \">\n<h2><strong>River<\/strong><\/h2>\n<\/div>\n<div class=\"custom-text \">\n<p><strong>Lleg\u00f3:\u00a0<\/strong>Ramiro Funes Mori (libre de Cruz Azul), Facundo Colidio (compra a Inter de Italia) y Manuel Lanzini (libre de West Ham de Inglaterra).<\/p>\n<\/div>\n<div class=\"sc-e7b891c4-0 jPbnQF\"><img decoding=\"async\" src=\"https:\/\/www.ole.com.ar\/images\/2023\/08\/04\/8_gHfcLZL_720x0__1.jpg\" alt=\"La vuelta de Lanzini a River.\" width=\"720\" height=\"100\" data-nimg=\"future\" \/><span class=\"epigraphe\">La vuelta de Lanzini a River.<\/span><\/div>\n<div class=\"custom-text \">\n<p><strong>Interesan:<\/strong>\u00a0Gonzalo Mart\u00ednez (Al Nassr de Arabia Saudita) y Sebasti\u00e1n Boselli (Defensor de Uruguay).<\/p>\n<\/div>\n<div class=\"custom-text \">\n<p><strong>Bajas:<\/strong>\u00a0Felipe Salomoni (venta a Guaran\u00ed de Paraguay), Tom\u00e1s Castro Ponce (a pr\u00e9stamo a Atl\u00e9tico Tucum\u00e1n) y Franco Petroli (a pr\u00e9stamo a Estudiantes de R\u00edo Cuarto).<\/p>\n<\/div>\n<div class=\"custom-text \">\n<p><strong>Pueden irse:<\/strong>\u00a0Robert Rojas, Franco Alfonso, El\u00edas G\u00f3mez, Jos\u00e9 Paradela, Jonatan Maidana, Nicol\u00e1s De la Cruz, Agust\u00edn Fontana, El\u00edas L\u00f3pez y Tom\u00e1s Lecanda.<\/p>\n<\/div>\n<div class=\"custom-text \">\n<p><strong>Volvi\u00f3 y debe definir su futuro:<\/strong>\u00a0Nahuel Gallardo (Once Caldas de Colombia).<\/p>\n<\/div>\n<div class=\"custom-text \">\n<p><strong>Volvi\u00f3 y fue cedido nuevamente:\u00a0<\/strong>Felipe Pe\u00f1a Biafore (Arsenal\/Lan\u00fas).<\/p>\n<\/div>\n<div class=\"custom-text \">\n<p><strong>DT:\u00a0<\/strong>Mart\u00edn Demichelis.<\/p>\n<\/div>\n<div class=\"custom-text \">\n<h2><strong>Rosario Central<\/strong><\/h2>\n<\/div>\n<div class=\"custom-text \">\n<p><strong>Llegaron<\/strong>:<\/p>\n<\/div>\n<div class=\"custom-text \">\n<p><strong>Interesan<\/strong>: Esteban Rol\u00f3n (Boca), Jonatan Gomez (Racing) y Axel Werner (libre de Elche de Espa\u00f1a).<\/p>\n<\/div>\n<div class=\"custom-text \">\n<p><strong>Bajas<\/strong>: Alejo Veliz (venta a Tottenham de Inglaterra), Gino Infantino (venta a Fiorentina de Italia), Joan Mazzaco (libre a Guillermo Brown), Jonathan Candia (a pr\u00e9stamo a Audax Italiano de Chile), Lucas Rodr\u00edguez (libre a Instituto), Luciano Ferreyra (a pr\u00e9stamo a Platense) y Gaspar Servio (libre a Tacuary de Paraguay).<\/p>\n<\/div>\n<div class=\"custom-text \">\n<p><strong>Pueden irse:<\/strong>\u00a0Luca Mart\u00ednez Dupuy, Luciano Ferreyra, Ignacio Malcorra y Juan Cruz Komar.<\/p>\n<\/div>\n<div class=\"custom-text \">\n<p><strong>Deb\u00eda volver y fue cedido nuevamente:<\/strong>\u00a0Rafael Sangiovani (Independiente Rivadavia\/Brown de Adrogu\u00e9).<\/p>\n<\/div>\n<div class=\"custom-text \">\n<p><strong>DT:<\/strong>\u00a0Miguel \u00c1ngel Russo.<\/p>\n<\/div>\n<div class=\"custom-text \">\n<h2><strong>San Lorenzo<\/strong><\/h2>\n<\/div>\n<div class=\"custom-text \">\n<p><strong>Llegaron<\/strong>: Carlos Auzqui (libre de Ferencvaros de Hungr\u00eda), Federico Girotti (a pr\u00e9stamo de Talleres) y Gast\u00f3n Ram\u00edrez (libre de Virtus Entella de Italia).<\/p>\n<\/div>\n<div class=\"sc-e7b891c4-0 jPbnQF\"><img decoding=\"async\" src=\"https:\/\/www.ole.com.ar\/images\/2023\/08\/02\/RcDPEdpAY_720x0__1.jpg\" alt=\"Federico Girotti en San Lorenzo.\" width=\"720\" height=\"100\" data-nimg=\"future\" \/><span class=\"epigraphe\">Federico Girotti en San Lorenzo.<\/span><\/div>\n<div class=\"custom-text \">\n<p><strong>Interesan:\u00a0<\/strong>Walter Kannemann y Luis Z\u00e1rate .<\/p>\n<\/div>\n<div class=\"custom-text \">\n<p><strong>Bajas:<\/strong>\u00a0Andr\u00e9s Vombergar (libre de Ittihad Kalba de Emiratos Arabes Unidos) y Federico Gattoni (venta a Sevilla de Espa\u00f1a).<\/p>\n<\/div>\n<div class=\"custom-text \">\n<p><strong>Puede Irse:<\/strong>\u00a0Augusto Batalla, Siro Rosan\u00e9 y Agust\u00edn Martegani.<\/p>\n<\/div>\n<div class=\"custom-text \">\n<p><strong>Volvi\u00f3 y debe definir continuidad:<\/strong>\u00a0Alexis Sabella (Platense).<\/p>\n<\/div>\n<div class=\"custom-text \">\n<p><strong>DT:\u00a0<\/strong>Ruben Insua.<\/p>\n<\/div>\n<div class=\"custom-text \">\n<h2><strong>Sarmiento<\/strong><\/h2>\n<\/div>\n<div class=\"custom-text \">\n<p><strong>Llegaron<\/strong>: Fernando Monetti (libre).<\/p>\n<\/div>\n<div class=\"custom-text \">\n<p><strong>Interesan<\/strong>:.<\/p>\n<\/div>\n<div class=\"custom-text \">\n<p><strong>Bajas:<\/strong>\u00a0Sebasti\u00e1n Meza (volvi\u00f3 a Hurac\u00e1n), Luciano Gondou (venta a Argentinos), Nicol\u00e1s Femia (libre a Racing de C\u00f3rdoba), Franco Quinteros (volvi\u00f3 a Banfield) y David Gallardo (pr\u00e9stamo a Guaran\u00ed, Paraguay).<\/p>\n<\/div>\n<div class=\"custom-text \">\n<p><strong>Puede irse:<\/strong>\u00a0Javier Toledo<\/p>\n<\/div>\n<div class=\"custom-text \">\n<p><strong>DT:<\/strong>\u00a0Pablo Lavall\u00e9n (por Israel Damonte).<\/p>\n<\/div>\n<div class=\"custom-text \">\n<h2><strong>Talleres<\/strong><\/h2>\n<\/div>\n<div class=\"custom-text \">\n<p><strong>Llegaron<\/strong>: Kevin Mantilla (compra a Independiente Santa Fe de Colombia), Luis Angulo (compra a Alianza Petrolera de Colombia), Ramiro Enriquez (compra a Central Norte de Salta) y Francisco Pozzo (a pr\u00e9stamo de V\u00e9lez).<\/p>\n<\/div>\n<div class=\"custom-text \">\n<p><strong>Interesan:\u00a0<\/strong>Bruno Barticciotto (Palestino de Chile), Lautaro Morales (Lan\u00fas), Guillermo Enrique (Gimnasia LP), Santiago Moreno (Portland Timbers de la MLS), Mateo Seoane (V\u00e9lez) y Facundo Zabala (Olimpia de Paraguay).<\/p>\n<\/div>\n<div class=\"custom-text \">\n<p><strong>Bajas<\/strong>: Alan Franco (volvi\u00f3 a Atl\u00e9tico Mineiro de Brasil), Nicol\u00e1s Pasquini (libre a Sporting Cristal de Per\u00fa), Vicente Fern\u00e1ndez (a pr\u00e9stamo a la U. de Chile), Favio Alvarez (libre, Pumas\/Col\u00f3n), Alan Aguerre (libre a Lan\u00fas), Francisco Pizzini (venta a V\u00e9lez), Gonzalo Alvez (a pr\u00e9stamo a Central C\u00f3rdoba) y Federico Girotti (a pr\u00e9stamo a San Lorenzo).<\/p>\n<\/div>\n<div class=\"custom-text \">\n<p><strong>Pueden irse:<\/strong>\u00a0Diego Valoyes, Michael Santos, Julio Buffarini, Mat\u00edas Catal\u00e1n y Christian Oliva.<\/p>\n<\/div>\n<div class=\"custom-text \">\n<p><strong>Volvieron y deben definir continuidad:\u00a0<\/strong>Joaqu\u00edn Bl\u00e1zquez (Brest de Francia), Fernando Bersano (Gimnasia de Mendoza), y Nahuel Tenaglia (Alav\u00e9s de Espa\u00f1a).<\/p>\n<\/div>\n<div class=\"custom-text \">\n<p><strong>Deb\u00edan volver y fueron cedidos nuevamente:<\/strong>\u00a0Gast\u00f3n Torres (Almagro\/Crucero del Norte), Mat\u00edas Sosa (G\u00fcemes\/Temperley), Exequiel Beltramone (Gimnasia de Jujuy\/Chacarita) y Augusto Schott (Col\u00f3n\/Newell&#8217;s).<\/p>\n<\/div>\n<div class=\"custom-text \">\n<p><strong>Volvi\u00f3 y fue vendido:<\/strong>\u00a0Juan Cruz Esquivel (Patronato\/Tigre).<\/p>\n<\/div>\n<div class=\"custom-text \">\n<p><strong>DT:<\/strong>\u00a0Javier Gandolfi.<\/p>\n<\/div>\n<div class=\"custom-text \">\n<h2><strong>Tigre<\/strong><\/h2>\n<\/div>\n<div class=\"custom-text \">\n<p><strong>Llegaron<\/strong>: Kevin Lom\u00f3naco (a pr\u00e9stamo de Bragantino de Brasil), Renzo L\u00f3pez (libre de Al Batin de Arabia Saudita) y Juan Cruz Esquivel (compra a Talleres).<\/p>\n<\/div>\n<div class=\"custom-text \">\n<p><strong>Interesan:\u00a0<\/strong>Camilo Mayada (Libertad de Paraguay).<\/p>\n<\/div>\n<div class=\"custom-text \">\n<p><strong>Bajas:\u00a0<\/strong>Mateo Retegui (venta al Genoa de Italia), Lucas Blondel (venta a Boca) y Facundo Colidio (volvi\u00f3 a Inter de Italia\/River),<\/p>\n<\/div>\n<div class=\"custom-text \">\n<p><strong>Pueden irse:<\/strong>\u00a0Sebasti\u00e1n Prediger, Agust\u00edn Cardozo y Sebasti\u00e1n Rojas.<\/p>\n<\/div>\n<div class=\"custom-text \">\n<p><strong>Deb\u00eda volver y fue cedido nuevamente<\/strong>: Ivo Kestler (Envigado\/Real Cartagena<\/p>\n<\/div>\n<div class=\"custom-text \">\n<p><strong>DT:<\/strong>\u00a0Juan Manuel Sara.<\/p>\n<\/div>\n<div class=\"custom-text \">\n<h2><strong>Uni\u00f3n<\/strong><\/h2>\n<\/div>\n<div class=\"custom-text \">\n<p><strong>Llegaron:<\/strong>\u00a0Jairo O&#8217;Neill (volvi\u00f3 de F\u00e9nix de Uruguay).<\/p>\n<\/div>\n<div class=\"custom-text \">\n<p><strong>Interesan:\u00a0<\/strong>Ignacio Malcorra (Rosario Central), Gonzalo Morales (Boca) y Luca Mart\u00ednez Dupuy (Rosario Central).<\/p>\n<\/div>\n<div class=\"custom-text \">\n<p><strong>Bajas:<\/strong>\u00a0Imanol Machuca (venta a Fortaleza de Brasil), Lucas Esquivel (venta a Athletico Paranaense de Brasil), Junior Marabel (a pr\u00e9stamo a General Caballero de Paraguay), Luciano Aued (libre a Instituto) y Santiago Mele (volvi\u00f3 a Plaza Colonia\/pr\u00e9stamo a Junior de Barranquilla).<\/p>\n<\/div>\n<div class=\"custom-text \">\n<p><strong>Pueden irse:<\/strong>\u00a0Franco Calder\u00f3n.<\/p>\n<\/div>\n<div class=\"custom-text \">\n<p><strong>DT:<\/strong>\u00a0Cristian Gonz\u00e1lez.<\/p>\n<\/div>\n<div class=\"custom-text \">\n<h2><strong>V\u00e9lez<\/strong><\/h2>\n<\/div>\n<div class=\"sc-e7b891c4-0 jPbnQF\"><img decoding=\"async\" src=\"https:\/\/www.ole.com.ar\/images\/2023\/08\/08\/0jnuNdmXG_720x0__1.jpg\" alt=\"Braian Romero en el Fort\u00edn.\" width=\"720\" height=\"100\" data-nimg=\"future\" \/><span class=\"epigraphe\">Braian Romero en el Fort\u00edn.<\/span><\/div>\n<div class=\"custom-text \">\n<p><strong>Llegaron:<\/strong>\u00a0Mateo Pellegrino (volvi\u00f3 de Estudiantes LP), Braian Romero (compra a Tijuana de M\u00e9xico), Francisco Pizzini (compra a Talleres) y Claudio Aquino (libre de Cerro Porte\u00f1o).<\/p>\n<\/div>\n<div class=\"custom-text \">\n<p><strong>Interesan:<\/strong>\u00a0Carlos Izquierdoz (S. Gij\u00f3n de Espa\u00f1a), Leonardo Morales (Gimnasia), Robert Rojas (River) y Eric Meza y Facundo Garc\u00e9s (Col\u00f3n).<\/p>\n<\/div>\n<div class=\"custom-text \">\n<p><strong>Bajas:\u00a0<\/strong>Lucas Pratto (libre a Defensa y Justicia), Diego God\u00edn (retiro), Juli\u00e1n Fern\u00e1ndez (venta a New York City de la MLS), Franciaso Pozzo (a pr\u00e9stamo a Talleres) y Lucas Janson (venta a Boca).<\/p>\n<\/div>\n<div class=\"custom-text \">\n<p><strong>Pueden irse:<\/strong>\u00a0Gianluca Prestianni, Mateo Seoane, Juan Ignacio M\u00e9ndez, Francisco Ortega, Leonardo Jara, Gast\u00f3n G\u00f3mez, Tom\u00e1s Guidara, Joaqu\u00edn Garc\u00eda y Lautaro Gianetti.<\/p>\n<\/div>\n<div class=\"custom-text \">\n<p><strong>Volvi\u00f3 y debe definir continuidad:\u00a0<\/strong>Tob\u00edas Z\u00e1rate (Arsenal).<\/p>\n<\/div>\n<div class=\"custom-text \">\n<p><strong>DT:\u00a0<\/strong>Sebasti\u00e1n M\u00e9ndez<\/p>\n<\/div>\n<\/article>\n<\/section>\n<\/section>\n<p>&nbsp;<\/p>\n<p>Diario Ol\u00e9.<\/p>\n","protected":false},"excerpt":{"rendered":"<p>Cavani en Boca, Quintero en Racing, Lanzini en River, Girotti en San Lorenzo y mucho ruido m\u00e1s&#8230;<\/p>\n","protected":false},"author":3,"featured_media":10769,"comment_status":"open","ping_status":"open","sticky":false,"template":"","format":"standard","meta":{"_jetpack_memberships_contains_paid_content":false,"footnotes":""},"categories":[8,15,17],"tags":[],"class_list":["post-10768","post","type-post","status-publish","format-standard","has-post-thumbnail","hentry","category-actualidad","category-deporte","category-nacional"],"jetpack_featured_media_url":"https:\/\/comunicartesanluis.com\/v1\/wp-content\/uploads\/2023\/08\/3zjHTT-Rc_1290x760__1.webp","jetpack_sharing_enabled":true,"_links":{"self":[{"href":"https:\/\/comunicartesanluis.com\/index.php\/wp-json\/wp\/v2\/posts\/10768","targetHints":{"allow":["GET"]}}],"collection":[{"href":"https:\/\/comunicartesanluis.com\/index.php\/wp-json\/wp\/v2\/posts"}],"about":[{"href":"https:\/\/comunicartesanluis.com\/index.php\/wp-json\/wp\/v2\/types\/post"}],"author":[{"embeddable":true,"href":"https:\/\/comunicartesanluis.com\/index.php\/wp-json\/wp\/v2\/users\/3"}],"replies":[{"embeddable":true,"href":"https:\/\/comunicartesanluis.com\/index.php\/wp-json\/wp\/v2\/comments?post=10768"}],"version-history":[{"count":3,"href":"https:\/\/comunicartesanluis.com\/index.php\/wp-json\/wp\/v2\/posts\/10768\/revisions"}],"predecessor-version":[{"id":10772,"href":"https:\/\/comunicartesanluis.com\/index.php\/wp-json\/wp\/v2\/posts\/10768\/revisions\/10772"}],"wp:featuredmedia":[{"embeddable":true,"href":"https:\/\/comunicartesanluis.com\/index.php\/wp-json\/wp\/v2\/media\/10769"}],"wp:attachment":[{"href":"https:\/\/comunicartesanluis.com\/index.php\/wp-json\/wp\/v2\/media?parent=10768"}],"wp:term":[{"taxonomy":"category","embeddable":true,"href":"https:\/\/comunicartesanluis.com\/index.php\/wp-json\/wp\/v2\/categories?post=10768"},{"taxonomy":"post_tag","embeddable":true,"href":"https:\/\/comunicartesanluis.com\/index.php\/wp-json\/wp\/v2\/tags?post=10768"}],"curies":[{"name":"wp","href":"https:\/\/api.w.org\/{rel}","templated":true}]}}