{"id":10780,"date":"2023-08-10T11:22:50","date_gmt":"2023-08-10T14:22:50","guid":{"rendered":"https:\/\/comunicartesanluis.com\/?p=10780"},"modified":"2023-08-10T11:22:50","modified_gmt":"2023-08-10T14:22:50","slug":"otamendi-resalto-la-tarea-de-di-maria-en-la-final-de-la-supercopa-de-portugal","status":"publish","type":"post","link":"https:\/\/comunicartesanluis.com\/index.php\/2023\/08\/10\/otamendi-resalto-la-tarea-de-di-maria-en-la-final-de-la-supercopa-de-portugal\/","title":{"rendered":"Otamendi resalt\u00f3 la tarea de Di Mar\u00eda en la final de la Supercopa de Portugal"},"content":{"rendered":"<div class=\"wrapper-header\">\n<div class=\"container-xl\">\n<div class=\"row\">\n<div class=\"col-12\">\n<div class=\"head-content mb-4\">\n<div class=\"my-3\"><\/div>\n<\/div>\n<\/div>\n<\/div>\n<\/div>\n<\/div>\n<div class=\"wrapper-editable-content\">\n<div>\n<div class=\"wrapper-editable-content\">\n<div class=\"container-md\">\n<div class=\"row\">\n<div class=\"col-md-12 speak\">\n<div class=\"paragraph\"><strong>El zaguero argentino<\/strong>\u00a0Nicol\u00e1s Otamendi<strong>\u00a0resalt\u00f3 el desempe\u00f1o de su compa\u00f1ero<\/strong>\u00a0Angel Di Mar\u00eda, ambos campeones del Mundo en Qatar 2022, tras la victoria que logr\u00f3 Benfica ante Porto por 2 a 0, obteniendo la Supercopa portuguesa de f\u00fatbol.<\/p>\n<p>El ex zaguero de V\u00e9lez le escribi\u00f3 a Di Mar\u00eda en su cuenta de la red Instagram: \u00abY bueno&#8230;.el de los goles importantes. Una sana costumbre. Te quiero amigo\u00bb.<\/p>\n<p>Otamendi ya tiene acostumbrados a los hinchas a ser uno de los m\u00e1s activos en las redes sociales y no desaprovech\u00f3 la oportunidad de mostrar c\u00f3mo transcurri\u00f3 el post partido en donde aparece brindando por Di Mar\u00eda, quien respondi\u00f3 el mensaje.<\/p>\n<blockquote class=\"twitter-tweet\" data-twitter-extracted-i1691680532167402366=\"true\">\n<p dir=\"ltr\" lang=\"qme\">\ud83c\udf7b<br \/>\n<a href=\"https:\/\/t.co\/fn1IDGtcxG\">pic.twitter.com\/fn1IDGtcxG<\/a><\/p>\n<p>\u2014 PLUS Benfica \ud83c\uddee\ud83c\udde9 (@plusbenfica)\u00a0<a href=\"https:\/\/twitter.com\/plusbenfica\/status\/1689408647476981760?ref_src=twsrc%5Etfw\">August 9, 2023<\/a><\/p><\/blockquote>\n<p>\u00abFelices de empezar el a\u00f1o as\u00ed. Fue un partido duro, pero merecimos ganar. Felicidades a todo el equipo\u00bb, respondi\u00f3 el rosarino autor de goles con la casaca argentina en la final de los Juegos Ol\u00edmpicos de Beijing 2008, definici\u00f3n de la Copa Am\u00e9rica 2021, la Finalissima ante Italia y la final del Mundial de Qatar 2022.<\/p><\/div>\n<\/div>\n<\/div>\n<\/div>\n<\/div>\n<\/div>\n<\/div>\n<div><\/div>\n<div><\/div>\n<div><\/div>\n<div><\/div>\n<div>T\u00e9lam.<\/div>\n","protected":false},"excerpt":{"rendered":"<p>El ex zaguero de V\u00e9lez, luego del triunfo por 2 a 0 ante Porto, le escribi\u00f3 a \u00abFideo\u00bb en su cuenta de la red Instagram: \u00abY bueno&#8230;.el de los goles importantes. Una sana costumbre. Te quiero amigo\u00bb.<\/p>\n","protected":false},"author":3,"featured_media":10781,"comment_status":"open","ping_status":"open","sticky":false,"template":"","format":"standard","meta":{"_jetpack_memberships_contains_paid_content":false,"footnotes":""},"categories":[8,15,18],"tags":[],"class_list":["post-10780","post","type-post","status-publish","format-standard","has-post-thumbnail","hentry","category-actualidad","category-deporte","category-internacional"],"jetpack_featured_media_url":"https:\/\/comunicartesanluis.com\/v1\/wp-content\/uploads\/2023\/08\/64d4c3380ffcb_1200.jpg","jetpack_sharing_enabled":true,"_links":{"self":[{"href":"https:\/\/comunicartesanluis.com\/index.php\/wp-json\/wp\/v2\/posts\/10780","targetHints":{"allow":["GET"]}}],"collection":[{"href":"https:\/\/comunicartesanluis.com\/index.php\/wp-json\/wp\/v2\/posts"}],"about":[{"href":"https:\/\/comunicartesanluis.com\/index.php\/wp-json\/wp\/v2\/types\/post"}],"author":[{"embeddable":true,"href":"https:\/\/comunicartesanluis.com\/index.php\/wp-json\/wp\/v2\/users\/3"}],"replies":[{"embeddable":true,"href":"https:\/\/comunicartesanluis.com\/index.php\/wp-json\/wp\/v2\/comments?post=10780"}],"version-history":[{"count":1,"href":"https:\/\/comunicartesanluis.com\/index.php\/wp-json\/wp\/v2\/posts\/10780\/revisions"}],"predecessor-version":[{"id":10782,"href":"https:\/\/comunicartesanluis.com\/index.php\/wp-json\/wp\/v2\/posts\/10780\/revisions\/10782"}],"wp:featuredmedia":[{"embeddable":true,"href":"https:\/\/comunicartesanluis.com\/index.php\/wp-json\/wp\/v2\/media\/10781"}],"wp:attachment":[{"href":"https:\/\/comunicartesanluis.com\/index.php\/wp-json\/wp\/v2\/media?parent=10780"}],"wp:term":[{"taxonomy":"category","embeddable":true,"href":"https:\/\/comunicartesanluis.com\/index.php\/wp-json\/wp\/v2\/categories?post=10780"},{"taxonomy":"post_tag","embeddable":true,"href":"https:\/\/comunicartesanluis.com\/index.php\/wp-json\/wp\/v2\/tags?post=10780"}],"curies":[{"name":"wp","href":"https:\/\/api.w.org\/{rel}","templated":true}]}}