{"id":10789,"date":"2023-08-10T14:33:04","date_gmt":"2023-08-10T17:33:04","guid":{"rendered":"https:\/\/comunicartesanluis.com\/?p=10789"},"modified":"2023-08-10T14:33:04","modified_gmt":"2023-08-10T17:33:04","slug":"la-federacion-ecuatoriana-debera-afrontar-una-deuda-millonaria-con-gustavo-alfaro","status":"publish","type":"post","link":"https:\/\/comunicartesanluis.com\/index.php\/2023\/08\/10\/la-federacion-ecuatoriana-debera-afrontar-una-deuda-millonaria-con-gustavo-alfaro\/","title":{"rendered":"La Federaci\u00f3n Ecuatoriana deber\u00e1 afrontar una deuda millonaria con Gustavo Alfaro"},"content":{"rendered":"<div class=\"wrapper-header\">\n<div class=\"container-xl\">\n<div class=\"row\">\n<div class=\"col-12\">\n<div class=\"head-content mb-4\">\n<div class=\"my-3\"><\/div>\n<\/div>\n<\/div>\n<\/div>\n<\/div>\n<\/div>\n<div class=\"wrapper-editable-content\">\n<div>\n<div class=\"wrapper-editable-content\">\n<div class=\"container-md\">\n<div class=\"row\">\n<div class=\"col-md-12 speak\">\n<div class=\"paragraph\"><strong>La Federaci\u00f3n Ecuatoriana de F\u00fatbol<\/strong>\u00a0(FEF)\u00a0<strong>deber\u00e1 abonarle alrededor de 2 millones de d\u00f3lares<\/strong>, m\u00e1s intereses,\u00a0<strong>al entrenador<\/strong>\u00a0<strong>argentino\u00a0<\/strong>Gustavo Alfaro y su cuerpo t\u00e9cnico\u00a0<strong>a causa de incumplimientos laborales y retraso en pagos, seg\u00fan lo determin\u00f3 la FIFA.<\/strong><\/p>\n<p>Alfaro y sus ayudantes trabajaron con el seleccionado de Ecuador entre septiembre del 2020 y el Mundial de Qatar 2022, en donde fue eliminado en fase de grupos.<\/p>\n<p>L<strong>a FIFA le da 45 d\u00edas para cancelar esta deuda a la FEF\u00a0<\/strong>y de no hacerlo no recibir\u00e1 el dinero correspondiente al 20 por ciento de la cuota por participaci\u00f3n en el Mundial, se\u00f1al\u00f3 el diario El Universo.<\/p>\n<p>En el informe econ\u00f3mico del 2022, en enero pasado, el presidente de la FEF Francisco Egas se\u00f1al\u00f3 que a Alfaro le deb\u00edan 290.000 d\u00f3lares, monto correspondiente al pago por los servicios del DT y su cuerpo t\u00e9cnico, pero el DT reclama una cifra muy superior.<\/p>\n<p>Posteriormente,\u00a0<strong>Egas se\u00f1al\u00f3 que lo pedido por Alfaro no era lo que correspond\u00eda y que el entrenador recamaba \u201cotras cosas\u201d<\/strong>\u00a0y que \u201csi el tema tiene que irse a lo legal, pues, se ir\u00e1 a lo legal. Nosotros defendemos nuestros recursos, el dinero de la Federaci\u00f3n y que es del f\u00fatbol del pa\u00eds\u00bb..<\/p>\n<p>El caso sigui\u00f3 el curso legal y FIFA obliga a la FEF a cancelar esta deuda con el obvio perjuicio econ\u00f3mico y, si el incumplimiento de pago persiste, el caso pasar\u00eda a la Comisi\u00f3n Disciplinaria de la FIFA.<\/p>\n<p>El seleccionado de Ecuador, dirigido por el espa\u00f1ol F\u00e9lix S\u00e1nchez Bas, ser\u00e1 el pr\u00f3ximo 7 de septiembre desde las 21 en el Estadio Monumental el primer rival de Argentina en la eliminatoria para la Copa del Mundo de 2026, a celebrarse en M\u00e9xico, Estados Unidos y Canad\u00e1.<\/p><\/div>\n<\/div>\n<\/div>\n<\/div>\n<\/div>\n<\/div>\n<\/div>\n<div><\/div>\n<div><\/div>\n<div>T\u00e9lam.<\/div>\n","protected":false},"excerpt":{"rendered":"<p>La FIFA intim\u00f3 a la FEF a\u00a0abonar alrededor de 2 millones de d\u00f3lares, m\u00e1s intereses,\u00a0al DT\u00a0argentino\u00a0y a su cuerpo t\u00e9cnico por incumplimientos laborales y retraso en pagos.\u00a0<\/p>\n","protected":false},"author":3,"featured_media":10790,"comment_status":"open","ping_status":"open","sticky":false,"template":"","format":"standard","meta":{"_jetpack_memberships_contains_paid_content":false,"footnotes":""},"categories":[8,15,18],"tags":[],"class_list":["post-10789","post","type-post","status-publish","format-standard","has-post-thumbnail","hentry","category-actualidad","category-deporte","category-internacional"],"jetpack_featured_media_url":"https:\/\/comunicartesanluis.com\/v1\/wp-content\/uploads\/2023\/08\/6356b3db568b3_1200.jpg","jetpack_sharing_enabled":true,"_links":{"self":[{"href":"https:\/\/comunicartesanluis.com\/index.php\/wp-json\/wp\/v2\/posts\/10789","targetHints":{"allow":["GET"]}}],"collection":[{"href":"https:\/\/comunicartesanluis.com\/index.php\/wp-json\/wp\/v2\/posts"}],"about":[{"href":"https:\/\/comunicartesanluis.com\/index.php\/wp-json\/wp\/v2\/types\/post"}],"author":[{"embeddable":true,"href":"https:\/\/comunicartesanluis.com\/index.php\/wp-json\/wp\/v2\/users\/3"}],"replies":[{"embeddable":true,"href":"https:\/\/comunicartesanluis.com\/index.php\/wp-json\/wp\/v2\/comments?post=10789"}],"version-history":[{"count":1,"href":"https:\/\/comunicartesanluis.com\/index.php\/wp-json\/wp\/v2\/posts\/10789\/revisions"}],"predecessor-version":[{"id":10791,"href":"https:\/\/comunicartesanluis.com\/index.php\/wp-json\/wp\/v2\/posts\/10789\/revisions\/10791"}],"wp:featuredmedia":[{"embeddable":true,"href":"https:\/\/comunicartesanluis.com\/index.php\/wp-json\/wp\/v2\/media\/10790"}],"wp:attachment":[{"href":"https:\/\/comunicartesanluis.com\/index.php\/wp-json\/wp\/v2\/media?parent=10789"}],"wp:term":[{"taxonomy":"category","embeddable":true,"href":"https:\/\/comunicartesanluis.com\/index.php\/wp-json\/wp\/v2\/categories?post=10789"},{"taxonomy":"post_tag","embeddable":true,"href":"https:\/\/comunicartesanluis.com\/index.php\/wp-json\/wp\/v2\/tags?post=10789"}],"curies":[{"name":"wp","href":"https:\/\/api.w.org\/{rel}","templated":true}]}}