{"id":10792,"date":"2023-08-10T14:42:00","date_gmt":"2023-08-10T17:42:00","guid":{"rendered":"https:\/\/comunicartesanluis.com\/?p=10792"},"modified":"2023-08-10T14:42:00","modified_gmt":"2023-08-10T17:42:00","slug":"la-temprana-eliminacion-de-river-en-la-copa-acelera-las-salidas-de-beltran-y-de-la-cruz","status":"publish","type":"post","link":"https:\/\/comunicartesanluis.com\/index.php\/2023\/08\/10\/la-temprana-eliminacion-de-river-en-la-copa-acelera-las-salidas-de-beltran-y-de-la-cruz\/","title":{"rendered":"La temprana eliminaci\u00f3n de River en la Copa acelera las salidas de Beltr\u00e1n y De la Cruz"},"content":{"rendered":"<div class=\"wrapper-header\">\n<div class=\"container-xl\">\n<div class=\"row\">\n<div class=\"col-12\">\n<div class=\"head-content mb-4\">\n<div class=\"my-3\"><\/div>\n<\/div>\n<\/div>\n<\/div>\n<\/div>\n<\/div>\n<div class=\"wrapper-editable-content\">\n<div>\n<div class=\"wrapper-editable-content\">\n<div class=\"container-md\">\n<div class=\"row\">\n<div class=\"col-md-12 speak\">\n<div class=\"paragraph\">La temprana eliminaci\u00f3n de River Plate en octavos de final de la Copa Libertadores de Am\u00e9rica ante Inter, de Brasil, aceler\u00f3 las posibles salidas del volante uruguayo Nicol\u00e1s de la Cruz, y de Lucas Beltr\u00e1n, delantero y goleador del equipo.<\/p>\n<p><strong>La dirigencia de River hab\u00eda postergado todas las negociaciones ante la posibilidad de retener a los jugadores para la fase de cuartos de final<\/strong>, programada para finales de agosto,\u00a0<strong>pero la eliminaci\u00f3n ante Inter de Porto Alegre cambi\u00f3 el panorama.<\/strong><\/p>\n<p>De la Cruz tiene una oferta del equipo del DT Hern\u00e1n Crespo en Qatar, Al-Duhail SC, cercana a los 16 millones de d\u00f3lares, mientras que a Beltr\u00e1n, Fiorentina, de Italia, le ofreci\u00f3 cinco a\u00f1os de contrato y pretende acercarse a la cl\u00e1usula de salida de veinte millones de d\u00f3lares.<\/p>\n<p>El caso de De la Cruz ya fue anunciado la semana pasada por las autoridades de Liverpool, de Uruguay, que es el due\u00f1o del cincuenta por ciento de los derechos federativos pero a\u00fan restaban detalles del contrato del jugador para que los qatar\u00edes activen la cl\u00e1usula de 16 millones de d\u00f3lares.<\/p>\n<p><strong>El volante firm\u00f3 la renovaci\u00f3n de su contrato el a\u00f1o pasado a pocas semanas de quedar libre con la promesa de una venta en este mercado de pases<\/strong>; por esa raz\u00f3n la cl\u00e1usula gatillo baj\u00f3 de los 22 a los 16 millones en diciembre del 2022.<\/p>\n<figure class=\"mb-3\"><img decoding=\"async\" class=\" lazy \" src=\"https:\/\/www.telam.com.ar\/thumbs\/bluesteel\/advf\/imagenes\/2023\/07\/64c4766b892f4_1200.jpg\" alt=\"Foto Fernando Gens \" width=\"100%\" height=\"100%\" \/><\/p>\n<div class=\"media-icons\"><\/div><figcaption>Foto Fernando Gens.<\/figcaption><\/figure>\n<p><strong>Por el lado de Beltr\u00e1n, el jugador pidi\u00f3 a inicios de esta temporada la posibilidad de ser transferido<\/strong>. Incluso River tuvo que rechazar una oferta de Friburgo, de Alemania, por diez millones de d\u00f3lares que el jugador ve\u00eda con buenos ojos.<\/p>\n<p>Luego, con la explosi\u00f3n en su rendimiento anotando 17 goles en 35 partidos, el valor de mercado trep\u00f3 a los veinte millones que firm\u00f3 como cl\u00e1usula y luego de una disputa entre Fiorentina y Benfica, de Portugal, el equipo italiano gan\u00f3 la pulseada.<\/p>\n<p><strong>Los derechos econ\u00f3micos del \u00abVikingo\u00bb corresponden en un noventa por ciento a River y el resto es de Instituto\u00a0<\/strong>desde donde lleg\u00f3 en 2015 con s\u00f3lo catorce a\u00f1os para sumarse a la cuarta divisi\u00f3n a cambio de un mill\u00f3n de d\u00f3lares.<\/p>\n<p>Las salidas de ambos jugadores titulares ya estaban en los planes del entrenador y la dirigencia por eso el club apur\u00f3 las contrataciones de Manuel Lanzini y Facundo Colidio y est\u00e1 por anunciar la de Gonzalo \u00abPity\u00bb Mart\u00ednez.<\/p>\n<p>De todos modos, con el mercado de pases abierto hasta el 30 de agosto y con una sola competencia por jugar en lo que resta del semestre, el entrenador Mart\u00edn Demichelis ya anunci\u00f3 que habr\u00e1 \u00abreplanteos\u00bb junto a los dirigentes.<\/p>\n<p>Es que\u00a0<strong>el plantel tiene 37 jugadores y se arm\u00f3 para una triple competencia<\/strong>\u00a0y tras la eliminaci\u00f3n tanto en Copa Argentina como en la Libertadores, hay muchos jugadores que no van a tener continuidad en lo que resta del 2023.<\/p>\n<p>River ya cedi\u00f3 a Franco Alfonso a Hurac\u00e1n y a Tom\u00e1s Castro Ponce a Atl\u00e9tico Tucum\u00e1n, ambos a pr\u00e9stamo con posibilidad de repesca, y en la lista de jugadores que no son tenidos en cuenta y que tambi\u00e9n se van a ir siguen Tom\u00e1s Lecanda, El\u00edas L\u00f3pez y Agust\u00edn Fontana.<\/p>\n<figure class=\"mb-3\"><img decoding=\"async\" class=\" lazy \" src=\"https:\/\/www.telam.com.ar\/thumbs\/bluesteel\/advf\/imagenes\/2023\/07\/64b328a1a89f3_1200.jpg\" alt=\"Foto Fernando Gens \" width=\"100%\" height=\"100%\" \/><\/p>\n<div class=\"media-icons\"><\/div><figcaption>Foto Fernando Gens.<\/figcaption><\/figure>\n<p><strong>Despu\u00e9s el DT debe resolver qu\u00e9 sucede con jugadores hist\u00f3ricos<\/strong>\u00a0como Jonatan Maidana que a fin de a\u00f1o termina su contrato y s\u00f3lo jug\u00f3 siete partidos o Enzo P\u00e9rez que est\u00e1 en la misma situaci\u00f3n podr\u00eda salir en este mercado de pases.<\/p>\n<p>Tambi\u00e9n con algunos defensores como Emanuel Mammana, El\u00edas G\u00f3mez, Andr\u00e9s Herrera o David Mart\u00ednez que vienen jugando poco y ahora tendr\u00e1n menos chances ya que a los sumo el equipo podr\u00e1 jugar entre 17 y 18 partidos hasta diciembre.<\/p>\n<p>En la zona de volantes sucede lo mismo con el agregado de que\u00a0<strong>se suman \u00abPity\u00bb Mart\u00ednez y \u00abManu\u00bb Lanzini, y hay un plan para que tenga rodaje Claudio Echeverri<\/strong>, rest\u00e1ndole m\u00e1s chances a jugadores como Jos\u00e9 Paradela, Bruno Zuculini y Santiago Sim\u00f3n, entre otros.<\/p>\n<p>Mientras que\u00a0<strong>en la ofensiva, el ingreso de Colidio deja al DT con la chance de elegir entre media docena de delanteros<\/strong>\u00a0ya que tiene tambi\u00e9n a Miguel Borja, Mat\u00edas Su\u00e1rez, Salom\u00f3n Rond\u00f3n y el propio Pablo Solari.<\/p>\n<p>Con este panorama, el equipo que regres\u00f3 este mi\u00e9rcoles a la madrugada desde Porto Alegre, tendr\u00e1 licencia hasta el lunes que viene cuando regresen al trabajo de cara al inicio de la Copa de la Liga ante Argentinos Juniors.<\/p><\/div>\n<\/div>\n<\/div>\n<\/div>\n<\/div>\n<\/div>\n<\/div>\n<div><\/div>\n<div><\/div>\n<div><\/div>\n<div><\/div>\n<div><\/div>\n<div><\/div>\n<div><\/div>\n<div>T\u00e9lam<\/div>\n","protected":false},"excerpt":{"rendered":"<p>El uruguayo tiene una oferta del Al-Duhail SC de Qatar, cercana a los 16 millones de d\u00f3lares, mientras que al delantero, Fiorentina, de Italia, le ofreci\u00f3 cinco a\u00f1os de contrato y pretende acercarse a la cl\u00e1usula de salida de veinte millones de d\u00f3lares.<\/p>\n","protected":false},"author":3,"featured_media":10793,"comment_status":"open","ping_status":"open","sticky":false,"template":"","format":"standard","meta":{"_jetpack_memberships_contains_paid_content":false,"footnotes":""},"categories":[15,17],"tags":[],"class_list":["post-10792","post","type-post","status-publish","format-standard","has-post-thumbnail","hentry","category-deporte","category-nacional"],"jetpack_featured_media_url":"https:\/\/comunicartesanluis.com\/v1\/wp-content\/uploads\/2023\/08\/64d3cfac80f12_1200.jpg","jetpack_sharing_enabled":true,"_links":{"self":[{"href":"https:\/\/comunicartesanluis.com\/index.php\/wp-json\/wp\/v2\/posts\/10792","targetHints":{"allow":["GET"]}}],"collection":[{"href":"https:\/\/comunicartesanluis.com\/index.php\/wp-json\/wp\/v2\/posts"}],"about":[{"href":"https:\/\/comunicartesanluis.com\/index.php\/wp-json\/wp\/v2\/types\/post"}],"author":[{"embeddable":true,"href":"https:\/\/comunicartesanluis.com\/index.php\/wp-json\/wp\/v2\/users\/3"}],"replies":[{"embeddable":true,"href":"https:\/\/comunicartesanluis.com\/index.php\/wp-json\/wp\/v2\/comments?post=10792"}],"version-history":[{"count":1,"href":"https:\/\/comunicartesanluis.com\/index.php\/wp-json\/wp\/v2\/posts\/10792\/revisions"}],"predecessor-version":[{"id":10794,"href":"https:\/\/comunicartesanluis.com\/index.php\/wp-json\/wp\/v2\/posts\/10792\/revisions\/10794"}],"wp:featuredmedia":[{"embeddable":true,"href":"https:\/\/comunicartesanluis.com\/index.php\/wp-json\/wp\/v2\/media\/10793"}],"wp:attachment":[{"href":"https:\/\/comunicartesanluis.com\/index.php\/wp-json\/wp\/v2\/media?parent=10792"}],"wp:term":[{"taxonomy":"category","embeddable":true,"href":"https:\/\/comunicartesanluis.com\/index.php\/wp-json\/wp\/v2\/categories?post=10792"},{"taxonomy":"post_tag","embeddable":true,"href":"https:\/\/comunicartesanluis.com\/index.php\/wp-json\/wp\/v2\/tags?post=10792"}],"curies":[{"name":"wp","href":"https:\/\/api.w.org\/{rel}","templated":true}]}}