{"id":10884,"date":"2023-08-14T10:53:39","date_gmt":"2023-08-14T13:53:39","guid":{"rendered":"https:\/\/comunicartesanluis.com\/?p=10884"},"modified":"2023-08-14T10:53:39","modified_gmt":"2023-08-14T13:53:39","slug":"geronimo-rulli-sera-baja-hasta-2024-por-una-lesion-en-el-hombro-derecho","status":"publish","type":"post","link":"https:\/\/comunicartesanluis.com\/index.php\/2023\/08\/14\/geronimo-rulli-sera-baja-hasta-2024-por-una-lesion-en-el-hombro-derecho\/","title":{"rendered":"Ger\u00f3nimo Rulli ser\u00e1 baja hasta 2024 por una lesi\u00f3n en el hombro derecho"},"content":{"rendered":"<div class=\"wrapper-editable-content\">\n<div>\n<div class=\"wrapper-editable-content\">\n<div class=\"container-md\">\n<div class=\"row\">\n<div class=\"col-md-12 speak\">\n<div class=\"paragraph\">\n<figure class=\"mb-3\">El club de \u00c1msterdam public\u00f3 este lunes el parte m\u00e9dico del arquero platense luego de su preocupante salida del campo de juego durante el partido ante Heracles en la primera fecha de la liga neerlandesa.<\/figure>\n<p>Rulli choc\u00f3 con un rival y por el fuerte golpe que sufri\u00f3 en el hombro derecho tendr\u00e1 que pasar por el quir\u00f3fano. Reci\u00e9n podr\u00eda reaparecer para la segunda parte de la temporada 2023\/24.<\/p>\n<blockquote class=\"twitter-tweet\" data-twitter-extracted-i1692024604558608066=\"true\">\n<p dir=\"ltr\" lang=\"en\">Gero Rulli sustained an injury on his right shoulder during the match against Heracles and cannot play until at least the winter break.<\/p>\n<p>Get well soon, Gero \u2764\ufe0f<\/p>\n<p>\u2014 AFC Ajax (@AFCAjax)\u00a0<a href=\"https:\/\/twitter.com\/AFCAjax\/status\/1691042039587119104?ref_src=twsrc%5Etfw\">August 14, 2023<\/a><\/p><\/blockquote>\n<p>El ex Estudiantes de La Plata se perder\u00e1 as\u00ed el inicio de las Eliminatorias Sudamericanas para el Mundial 2026 programado para el pr\u00f3ximo mes. Argentina tiene agendado este a\u00f1o seis compromisos por esa competencia: Ecuador\u00a0<span class=\"badge badge-primary\">y Bolivia (V) en septiembre; Paraguay (L) y Per\u00fa (V) en octubre y Uruguay<\/span>\u00a0m\u00e1s Brasil (V) en noviembre.<\/p>\n<p>\u00abNo es la manera con la que imaginaba arrancar la temporada, sin duda es el golpe m\u00e1s duro que tuve en mi carrera pero prometo volver m\u00e1s fuerte que nunca\u00bb, expres\u00f3 el jugador en su cuenta de Instagram.<\/p><\/div>\n<\/div>\n<\/div>\n<\/div>\n<\/div>\n<\/div>\n<\/div>\n<div><\/div>\n<div><\/div>\n<div><\/div>\n<div><\/div>\n<div>T\u00e9lam.<\/div>\n","protected":false},"excerpt":{"rendered":"<p>El arquero argentino Ger\u00f3nimo Rulli, campe\u00f3n del mundo en Qatar 2022, sufri\u00f3 una lesi\u00f3n en el hombro derecho con su equipo, Ajax de Pa\u00edses Bajos, por la que deber\u00e1 ser operado y no jugar\u00e1 hasta el a\u00f1o que viene.<\/p>\n","protected":false},"author":3,"featured_media":10885,"comment_status":"open","ping_status":"open","sticky":false,"template":"","format":"standard","meta":{"_jetpack_memberships_contains_paid_content":false,"footnotes":""},"categories":[8,15,18],"tags":[],"class_list":["post-10884","post","type-post","status-publish","format-standard","has-post-thumbnail","hentry","category-actualidad","category-deporte","category-internacional"],"jetpack_featured_media_url":"https:\/\/comunicartesanluis.com\/v1\/wp-content\/uploads\/2023\/08\/64da2b73225b2_1200.jpg","jetpack_sharing_enabled":true,"_links":{"self":[{"href":"https:\/\/comunicartesanluis.com\/index.php\/wp-json\/wp\/v2\/posts\/10884","targetHints":{"allow":["GET"]}}],"collection":[{"href":"https:\/\/comunicartesanluis.com\/index.php\/wp-json\/wp\/v2\/posts"}],"about":[{"href":"https:\/\/comunicartesanluis.com\/index.php\/wp-json\/wp\/v2\/types\/post"}],"author":[{"embeddable":true,"href":"https:\/\/comunicartesanluis.com\/index.php\/wp-json\/wp\/v2\/users\/3"}],"replies":[{"embeddable":true,"href":"https:\/\/comunicartesanluis.com\/index.php\/wp-json\/wp\/v2\/comments?post=10884"}],"version-history":[{"count":1,"href":"https:\/\/comunicartesanluis.com\/index.php\/wp-json\/wp\/v2\/posts\/10884\/revisions"}],"predecessor-version":[{"id":10886,"href":"https:\/\/comunicartesanluis.com\/index.php\/wp-json\/wp\/v2\/posts\/10884\/revisions\/10886"}],"wp:featuredmedia":[{"embeddable":true,"href":"https:\/\/comunicartesanluis.com\/index.php\/wp-json\/wp\/v2\/media\/10885"}],"wp:attachment":[{"href":"https:\/\/comunicartesanluis.com\/index.php\/wp-json\/wp\/v2\/media?parent=10884"}],"wp:term":[{"taxonomy":"category","embeddable":true,"href":"https:\/\/comunicartesanluis.com\/index.php\/wp-json\/wp\/v2\/categories?post=10884"},{"taxonomy":"post_tag","embeddable":true,"href":"https:\/\/comunicartesanluis.com\/index.php\/wp-json\/wp\/v2\/tags?post=10884"}],"curies":[{"name":"wp","href":"https:\/\/api.w.org\/{rel}","templated":true}]}}