{"id":10899,"date":"2023-08-15T11:15:50","date_gmt":"2023-08-15T14:15:50","guid":{"rendered":"https:\/\/comunicartesanluis.com\/?p=10899"},"modified":"2023-08-15T11:15:50","modified_gmt":"2023-08-15T14:15:50","slug":"verstappen-no-se-quedara-mucho-tiempo-en-la-formula-1-dicen-en-red-bull","status":"publish","type":"post","link":"https:\/\/comunicartesanluis.com\/index.php\/2023\/08\/15\/verstappen-no-se-quedara-mucho-tiempo-en-la-formula-1-dicen-en-red-bull\/","title":{"rendered":"\u00abVerstappen no se quedar\u00e1 mucho tiempo en la F\u00f3rmula 1\u00bb, dicen en Red Bull"},"content":{"rendered":"<div class=\"wrapper-header\">\n<div class=\"container-xl\">\n<div class=\"row\">\n<div class=\"col-12\">\n<div class=\"head-content mb-4\">\n<div class=\"my-3\"><\/div>\n<\/div>\n<\/div>\n<\/div>\n<\/div>\n<\/div>\n<div class=\"wrapper-editable-content\">\n<div class=\"wrapper-editable-content\">\n<div class=\"container-md\">\n<div class=\"row\">\n<div class=\"col-md-12 speak\">\n<div class=\"paragraph\">\n<figure class=\"mb-3\">El neerland\u00e9s Max Verstappen, bicampe\u00f3n de la F\u00f3rmula 1, \u00abno se quedar\u00e1 mucho tiempo m\u00e1s\u00bb, seg\u00fan lo adelant\u00f3 hoy el austr\u00edaco Helmut Marko, principal asesor de la escuder\u00eda Red Bull.<\/figure>\n<p>\u00abNo creo que Verstappen se quede mucho tiempo m\u00e1s en la F\u00f3rmula 1. No se quedar\u00e1 a buscar conseguir los siete t\u00edtulos mundiales que ganaron el alem\u00e1n Michael Schumacher y el brit\u00e1nico Lewis Hamilton\u00bb, anticip\u00f3 Helmut Marko en declaraciones publicadas por el peri\u00f3dico deportivo espa\u00f1ol Marca.<\/p>\n<div class=\"twitter-tweet twitter-tweet-rendered\"><iframe id=\"twitter-widget-0\" class=\"\" title=\"Twitter Tweet\" src=\"https:\/\/platform.twitter.com\/embed\/Tweet.html?creatorScreenName=agenciatelam&amp;dnt=false&amp;embedId=twitter-widget-0&amp;features=eyJ0ZndfdGltZWxpbmVfbGlzdCI6eyJidWNrZXQiOltdLCJ2ZXJzaW9uIjpudWxsfSwidGZ3X2ZvbGxvd2VyX2NvdW50X3N1bnNldCI6eyJidWNrZXQiOnRydWUsInZlcnNpb24iOm51bGx9LCJ0ZndfdHdlZXRfZWRpdF9iYWNrZW5kIjp7ImJ1Y2tldCI6Im9uIiwidmVyc2lvbiI6bnVsbH0sInRmd19yZWZzcmNfc2Vzc2lvbiI6eyJidWNrZXQiOiJvbiIsInZlcnNpb24iOm51bGx9LCJ0ZndfZm9zbnJfc29mdF9pbnRlcnZlbnRpb25zX2VuYWJsZWQiOnsiYnVja2V0Ijoib24iLCJ2ZXJzaW9uIjpudWxsfSwidGZ3X21peGVkX21lZGlhXzE1ODk3Ijp7ImJ1Y2tldCI6InRyZWF0bWVudCIsInZlcnNpb24iOm51bGx9LCJ0ZndfZXhwZXJpbWVudHNfY29va2llX2V4cGlyYXRpb24iOnsiYnVja2V0IjoxMjA5NjAwLCJ2ZXJzaW9uIjpudWxsfSwidGZ3X3Nob3dfYmlyZHdhdGNoX3Bpdm90c19lbmFibGVkIjp7ImJ1Y2tldCI6Im9uIiwidmVyc2lvbiI6bnVsbH0sInRmd19kdXBsaWNhdGVfc2NyaWJlc190b19zZXR0aW5ncyI6eyJidWNrZXQiOiJvbiIsInZlcnNpb24iOm51bGx9LCJ0ZndfdXNlX3Byb2ZpbGVfaW1hZ2Vfc2hhcGVfZW5hYmxlZCI6eyJidWNrZXQiOiJvbiIsInZlcnNpb24iOm51bGx9LCJ0ZndfdmlkZW9faGxzX2R5bmFtaWNfbWFuaWZlc3RzXzE1MDgyIjp7ImJ1Y2tldCI6InRydWVfYml0cmF0ZSIsInZlcnNpb24iOm51bGx9LCJ0ZndfbGVnYWN5X3RpbWVsaW5lX3N1bnNldCI6eyJidWNrZXQiOnRydWUsInZlcnNpb24iOm51bGx9LCJ0ZndfdHdlZXRfZWRpdF9mcm9udGVuZCI6eyJidWNrZXQiOiJvbiIsInZlcnNpb24iOm51bGx9fQ%3D%3D&amp;frame=false&amp;hideCard=false&amp;hideThread=false&amp;id=1691381733722103808&amp;lang=es&amp;origin=https%3A%2F%2Fwww.telam.com.ar%2Fnotas%2F202308%2F637077-verstappen-formula-1-red-bull-automovilismo.html&amp;sessionId=43402daac573fadfbf2e9e74047367d52de7affa&amp;siteScreenName=agenciatelam&amp;theme=light&amp;widgetsVersion=aaf4084522e3a%3A1674595607486&amp;width=550px\" frameborder=\"0\" scrolling=\"no\" allowfullscreen=\"allowfullscreen\" data-mce-fragment=\"1\"><\/iframe><\/div>\n<blockquote class=\"twitter-tweet\" data-twitter-extracted-i1692112311183111886=\"true\">\n<p dir=\"ltr\" lang=\"qme\">\ud83d\udd35\u26aa\ufe0f\ud83d\udd34\u00a0<a href=\"https:\/\/twitter.com\/Max33Verstappen?ref_src=twsrc%5Etfw\">@Max33Verstappen<\/a>\u00a0\ud83e\udd81\u00a0<a href=\"https:\/\/t.co\/Eh2svLlLND\">pic.twitter.com\/Eh2svLlLND<\/a><\/p>\n<p>\u2014 Oracle Red Bull Racing (@redbullracing)\u00a0<a href=\"https:\/\/twitter.com\/redbullracing\/status\/1691381733722103808?ref_src=twsrc%5Etfw\">August 15, 2023<\/a><\/p><\/blockquote>\n<p>\u00abNo veo que dure tanto tiempo como Fernando Alonso (42 a\u00f1os, en Aston Martin), y cuando se deje de divertir o la presi\u00f3n haya desaparecido se ir\u00e1 a su casa\u00bb, a\u00f1adi\u00f3 el directivo de Red Bull.<\/p>\n<p>Verstappen, de 25 a\u00f1os, gan\u00f3 los dos \u00faltimos campeonatos de la F\u00f3rmula 1 y adem\u00e1s lidera muy c\u00f3modo en la temporada actual, donde los Red Bull marcan notorias diferencias con las dem\u00e1s escuder\u00edas, ya que el segundo en las posiciones es el otro piloto del equipo, el mexicano Sergio \u00abCheco\u00bb P\u00e9rez.<\/p>\n<figure class=\"mb-3\"><img decoding=\"async\" class=\" lazy \" src=\"https:\/\/www.telam.com.ar\/thumbs\/bluesteel\/advf\/imagenes\/2023\/07\/64c679a0511e4_1200.jpg\" alt=\"Foto AFP \" width=\"100%\" height=\"100%\" \/><\/p>\n<div class=\"media-icons\"><\/div><figcaption>Foto AFP.<\/p>\n<p>T\u00e9lam.<\/figcaption><\/figure>\n<\/div>\n<\/div>\n<\/div>\n<\/div>\n<\/div>\n<\/div>\n","protected":false},"excerpt":{"rendered":"<p>El neerland\u00e9s gan\u00f3 los dos \u00faltimos campeonatos de la m\u00e1xima categor\u00eda y adem\u00e1s lidera muy c\u00f3modo en la temporada actual, donde su escuder\u00eda marca notorias diferencias con las dem\u00e1s marcas.<\/p>\n","protected":false},"author":3,"featured_media":10900,"comment_status":"open","ping_status":"open","sticky":false,"template":"","format":"standard","meta":{"_jetpack_memberships_contains_paid_content":false,"footnotes":""},"categories":[8,15,18],"tags":[832],"class_list":["post-10899","post","type-post","status-publish","format-standard","has-post-thumbnail","hentry","category-actualidad","category-deporte","category-internacional","tag-automovilismo-max-verstappen-formula-1-red-bull"],"jetpack_featured_media_url":"https:\/\/comunicartesanluis.com\/v1\/wp-content\/uploads\/2023\/08\/64a19fc825b67_1200.jpg","jetpack_sharing_enabled":true,"_links":{"self":[{"href":"https:\/\/comunicartesanluis.com\/index.php\/wp-json\/wp\/v2\/posts\/10899","targetHints":{"allow":["GET"]}}],"collection":[{"href":"https:\/\/comunicartesanluis.com\/index.php\/wp-json\/wp\/v2\/posts"}],"about":[{"href":"https:\/\/comunicartesanluis.com\/index.php\/wp-json\/wp\/v2\/types\/post"}],"author":[{"embeddable":true,"href":"https:\/\/comunicartesanluis.com\/index.php\/wp-json\/wp\/v2\/users\/3"}],"replies":[{"embeddable":true,"href":"https:\/\/comunicartesanluis.com\/index.php\/wp-json\/wp\/v2\/comments?post=10899"}],"version-history":[{"count":1,"href":"https:\/\/comunicartesanluis.com\/index.php\/wp-json\/wp\/v2\/posts\/10899\/revisions"}],"predecessor-version":[{"id":10901,"href":"https:\/\/comunicartesanluis.com\/index.php\/wp-json\/wp\/v2\/posts\/10899\/revisions\/10901"}],"wp:featuredmedia":[{"embeddable":true,"href":"https:\/\/comunicartesanluis.com\/index.php\/wp-json\/wp\/v2\/media\/10900"}],"wp:attachment":[{"href":"https:\/\/comunicartesanluis.com\/index.php\/wp-json\/wp\/v2\/media?parent=10899"}],"wp:term":[{"taxonomy":"category","embeddable":true,"href":"https:\/\/comunicartesanluis.com\/index.php\/wp-json\/wp\/v2\/categories?post=10899"},{"taxonomy":"post_tag","embeddable":true,"href":"https:\/\/comunicartesanluis.com\/index.php\/wp-json\/wp\/v2\/tags?post=10899"}],"curies":[{"name":"wp","href":"https:\/\/api.w.org\/{rel}","templated":true}]}}