{"id":10905,"date":"2023-08-15T11:39:29","date_gmt":"2023-08-15T14:39:29","guid":{"rendered":"https:\/\/comunicartesanluis.com\/?p=10905"},"modified":"2023-08-15T11:39:29","modified_gmt":"2023-08-15T14:39:29","slug":"los-pumas-foto-oficial-viaje-pretemporada-y-al-mundial","status":"publish","type":"post","link":"https:\/\/comunicartesanluis.com\/index.php\/2023\/08\/15\/los-pumas-foto-oficial-viaje-pretemporada-y-al-mundial\/","title":{"rendered":"Los Pumas: foto oficial, viaje, pretemporada y al Mundial"},"content":{"rendered":"<div class=\"sc-8ac06f2-1 fJyQFn\">\n<div class=\"sc-8ac06f2-2 crcYvp\">\n<div class=\"sc-b8ac1e67-0 gvhrJJ\"><\/div>\n<\/div>\n<div class=\"sc-8ac06f2-3 fItWle\"><\/div>\n<\/div>\n<section class=\"sc-e441548f-2 cnfARC\">\n<section class=\"sc-e441548f-1 frElZC\">\n<div class=\"sc-e441548f-10 bGAFVG\">Despu\u00e9s de terminar unas mini vacaciones que el plantel se tom\u00f3 tras jugar el s\u00e1bado 5 <a href=\"https:\/\/www.ole.com.ar\/tema\/http:\/\/TqUAPwuOm9\">contra Sud\u00e1frica en V\u00e9lez<\/a>, los rugbiers de\u00a0<a class=\"slug\" title=\"Los Pumas\" href=\"https:\/\/www.ole.com.ar\/tema\/los-pumas.html\">Los Pumas<\/a>\u00a0ya volvieron a poner el modo-Copa en sus chips. Este lunes 14 de agosto volvieron a Casa Pumas para que les tomaran la foto oficial (se abandon\u00f3 la c\u00e1bala de hacerla en Belgrano) y este martes viajar\u00e1n a las 16.30 desde Ezeiza a Europa, para encarar el objetivo m\u00e1ximo de este a\u00f1o: el Mundial.<\/div>\n<article id=\"storyBody\" class=\"sc-e441548f-11 iKXemG\">\n<div class=\"sc-7b11397a-5 kIFfNI\">\n<div>\n<div id=\"div-gpt-ad-inread\">\n<div id=\"google_ads_iframe_\/242767168\/ole\/rugby\/nota\/inread_0__container__\"><\/div>\n<\/div>\n<\/div>\n<\/div>\n<div class=\"custom-text \">\n<p>Ya la delegaci\u00f3n es de 33 jugadores, los cuales realizar\u00e1n una corta pretemporada en Portugal, que incluir\u00e1 un amistoso vs. Espa\u00f1a en Madrid el 26 y, tras unos d\u00edas m\u00e1s en la regi\u00f3n de El Faro, el plantel viajar\u00e1 el 1\u00b0 de septiembre a Francia,\u00a0<a href=\"https:\/\/www.ole.com.ar\/tema\/http:\/\/lxUli4zgZd\">donde el 9 debutar\u00e1 ante Inglaterra en Marsella<\/a>. El australiano\u00a0<a class=\"slug\" title=\"Michael Cheika\" href=\"https:\/\/www.ole.com.ar\/tema\/michael-cheika.html\">Michael Cheika<\/a>\u00a0est\u00e1 al frente de la movida.<\/p>\n<\/div>\n<div class=\"custom-text \">\n<p>Los Pumas no se quedar\u00e1n ni un d\u00eda en Par\u00eds al principio, si no que volar\u00e1n hacia Nantes, para instalarse en una localidad que queda en las afueras de la conocida ciudad del oeste del pa\u00eds, a unos 80 kil\u00f3metros.\u00a0<strong>Ser\u00e1 en la comuna costera La Baule-Escoublac, ba\u00f1ada por el fr\u00edo Oc\u00e9ano Atl\u00e1ntico Norte,<\/strong>\u00a0con playas que son de las m\u00e1s recomendadas de Europa por su extensi\u00f3n, pero no por su temperatura, que en septiembre se asemeja a Mar del Plata en abril.<\/p>\n<\/div>\n<div id=\"aa510b8e-4b42-4f99-b253-ed1cd436020b\" class=\"pbs\" data-pbs-root=\"true\" data-pbs-position=\"static\" data-pbs-device=\"desktop\" data-pbs-video-title=\"true\" data-pbs-pagination=\"true\" data-pbs-size=\"large\" data-pbs-content=\"loading\" data-pbs-player=\"content\">\n<div id=\"exp_075df8f8-7df7-4286-aaab-e8b13e9a1c51\" class=\"pbs__player shown\">\n<div id=\"video1691875972b8c78565-3f56-4ecc-b8fd-3f2d0306d2d9\" class=\"pb-stream\">\n<div id=\"__exco_root_container\" class=\" __exco_root_container __exco_desktop\">\n<div class=\" __exco_content_container\"><\/div>\n<div id=\"__exco_ad_container_996696121_22\" class=\"__exco_ad_container\"><video preload=\"auto\" width=\"300\" height=\"150\" data-mce-fragment=\"1\"><\/video><\/div>\n<div id=\"__exco_ad_container_473983819_18\" class=\"__exco_ad_container\"><video preload=\"auto\" width=\"300\" height=\"150\" data-mce-fragment=\"1\"><\/video><\/div>\n<\/div>\n<\/div>\n<div class=\"exp-ui\">\n<div class=\"exp-ui__wrapper exp-ui__permanent_title\">\n<div class=\"exp-ui__progressive-pagination\">\n<div class=\"exp-ui__progressive-pagination-bar\">\n<div class=\"exp-ui__progressive-pagination-bar-progress exp-ui__pagination-bar_animated\"><\/div>\n<div class=\"exp-ui__progressive-pagination-bar-background\"><\/div>\n<\/div>\n<div class=\"exp-ui__progressive-pagination-bar\">\n<div class=\"exp-ui__progressive-pagination-bar-progress\"><\/div>\n<div class=\"exp-ui__progressive-pagination-bar-background\"><\/div>\n<\/div>\n<div class=\"exp-ui__progressive-pagination-bar\">\n<div class=\"exp-ui__progressive-pagination-bar-progress\"><\/div>\n<div class=\"exp-ui__progressive-pagination-bar-background\"><\/div>\n<\/div>\n<div class=\"exp-ui__progressive-pagination-bar\">\n<div class=\"exp-ui__progressive-pagination-bar-progress\"><\/div>\n<div class=\"exp-ui__progressive-pagination-bar-background\"><\/div>\n<\/div>\n<div class=\"exp-ui__progressive-pagination-bar\">\n<div class=\"exp-ui__progressive-pagination-bar-progress\"><\/div>\n<div class=\"exp-ui__progressive-pagination-bar-background\"><\/div>\n<\/div>\n<\/div>\n<div class=\"exp-ui__loader--three-bounce\">\n<div class=\"exp-ui__loader__circle--one\"><\/div>\n<div class=\"exp-ui__loader__circle--two\"><\/div>\n<div class=\"exp-ui__loader__circle--three\"><\/div>\n<\/div>\n<div class=\"exp-ui__poster exp-ui__state__shown\"><\/div>\n<div class=\"exp-ui__controls\">\n<div class=\"exp-ui__play-button\"><\/div>\n<\/div>\n<div class=\"exp-ui__progress-wrapper\"><\/div>\n<div class=\"exp-ui__meta-title-wrapper exp-ui__state__permanent\">\n<div class=\"exp-ui__title-wrapper\">\n<div class=\"exp-ui__title exp-ui__state__permanent\">\n<div class=\"exp-ui__animated-text\">\n<div class=\"exp-ui__animated-text__line-wrapper\">\n<div class=\"exp-ui__animated-text__line\">Debut\u00f3 en Arabia Saudita y un periodista, de onda, le regal\u00f3 un lujoso reloj<\/div>\n<\/div>\n<div class=\"exp-ui__animated-text__line-wrapper\">\n<div class=\"exp-ui__animated-text__line\"><\/div>\n<\/div>\n<\/div>\n<\/div>\n<\/div>\n<\/div>\n<\/div>\n<\/div>\n<div class=\"pbs__ui\"><\/div>\n<\/div>\n<div class=\"exp-ui__static\"><\/div>\n<\/div>\n<div class=\"sc-e7b891c4-0 jPbnQF\"><img decoding=\"async\" src=\"https:\/\/www.ole.com.ar\/images\/2023\/08\/14\/PPyMvlWDs_720x0__1.jpg\" alt=\"Los Pumas y el staff.\" width=\"720\" height=\"100\" data-nimg=\"future\" \/><span class=\"epigraphe\">Los Pumas y el staff.<\/span><\/div>\n<div class=\"custom-text \">\n<h2>\u00bfQu\u00e9 es el Faro?<\/h2>\n<\/div>\n<div class=\"custom-text \">\n<p>Los Pumas eligieron el mismo complejo en el que estuvo Irlanda en estos d\u00edas y\u00a0<strong>fue el plantel que dirigi\u00f3 Daniel Hourcade en el Mundial de Inglaterra 2015\u00a0<\/strong>y termin\u00f3 en el cuarto lugar. Es el Browns Sports, un lugar con todo a mano -cancha, hotel, gimnasio, pileta-, lejos de los flashes, la familia, los hinchas y la prensa, ya que el acceso estar\u00e1 vedado a los periodistas.\u00a0<strong>Adem\u00e1s del plantel viajar\u00e1 un jugador reserva: el apertura tucumano Tom\u00e1s Albornoz.<\/strong><\/p>\n<\/div>\n<div class=\"sc-e7b891c4-0 jPbnQF\"><img decoding=\"async\" src=\"https:\/\/www.ole.com.ar\/images\/2023\/08\/14\/Ig9TxCh13_720x0__1.jpg\" alt=\"Los Pumas, de traje.\" width=\"720\" height=\"100\" data-nimg=\"future\" \/><span class=\"epigraphe\">Los Pumas, de traje.<\/span><\/div>\n<div class=\"custom-text \">\n<p>Para lo \u00fanico que se abandonar\u00e1 ese b\u00fanker\u00a0<strong>ser\u00e1 para el \u00faltimo amistoso que le queda al equipo, ante Espa\u00f1a<\/strong>. Por lo que adelant\u00f3 Cheika, ese partido ser\u00e1 de ajuste y para darles minutos a jugadores que no los tuvieron, caso\u00a0<strong>Tom\u00e1s Cubelli<\/strong>, as\u00ed que los titulares reci\u00e9n se van a poder ver en Marsella ante los ingleses.<\/p>\n<\/div>\n<div class=\"sc-e7b891c4-0 jPbnQF\"><img decoding=\"async\" src=\"https:\/\/www.ole.com.ar\/images\/2023\/08\/14\/JddMQGB6E_720x0__1.jpg\" alt=\"Santiago Carreras, este lunes en Casa Pumas.\" width=\"720\" height=\"100\" data-nimg=\"future\" \/><span class=\"epigraphe\">Santiago Carreras, este lunes en Casa Pumas.<\/span><\/div>\n<div class=\"custom-text \">\n<p>Para llegar bien a ese partido, Los Pumas, en La Baule-Escobulac se entrenar\u00e1n dentro del\u00a0<strong>Complejo deportivo Jean-Gaillardon-Les Salines<\/strong>, ubicado a las afueras de la ciudad. Este lugar cuenta con numerosas instalaciones, como una cancha de rugby al exterior con c\u00e9sped natural, gimnasio de 140 m\u00b2, una sala de entrenamiento de 640 m\u00b2 con c\u00e9sped sint\u00e9tico y una cancha de competencia de 1.060 m\u00b2 con piso de parqu\u00e9.<\/p>\n<\/div>\n<div class=\"sc-e7b891c4-0 jPbnQF\"><img decoding=\"async\" src=\"https:\/\/www.ole.com.ar\/images\/2023\/08\/14\/UklP7XoXv_720x0__1.jpg\" alt=\"Isa, Isgr\u00f3 y Bogado.\" width=\"720\" height=\"100\" data-nimg=\"future\" \/><span class=\"epigraphe\">Isa, Isgr\u00f3 y Bogado.<\/span><\/div>\n<div class=\"custom-text \">\n<p>El equipo\u00a0<strong>se quedar\u00e1 lo m\u00ednimo indispensable en cada sede a la que tenga que viajar<\/strong>. Por reglamento de la Copa del Mundo, debe llegar dos d\u00edas antes de cada partido. As\u00ed, a Marsella (Inglaterra) y para enfrentar a Samoa (el 22) en St. Etienne, se trasladar\u00e1 en viajes rel\u00e1mpagos ida y vuelta en avi\u00f3n.<\/p>\n<\/div>\n<div class=\"custom-text \">\n<p>Ya para los \u00faltimos dos partidos,\u00a0<strong>el 30 vs. Chile y el cierre del 8 de octubre ante Jap\u00f3n,<\/strong>\u00a0el viaje ser\u00e1 m\u00ednimo, en bus, porque jugar\u00e1n en el Stade de la Beaujoire de Nantes. Si pasan a cuartos, ya tendr\u00e1n que moverse a Marsella, y si siguen en pie, a Par\u00eds para las semi y la final o el duelo por el tercer puesto.<\/p>\n<\/div>\n<div class=\"custom-text \">\n<h2>La lista de Los Pumas<\/h2>\n<\/div>\n<div class=\"custom-text \">\n<h3><strong>Pilares<\/strong><\/h3>\n<\/div>\n<div class=\"custom-text \">\n<p><strong>Tom\u00e1s Gallo y Nahuel Tetaz Chaparro\u00a0<\/strong>de izquierdos y\u00a0<strong>Francisco G\u00f3mez Kodela, Joel Sclavi y Eduardo Bello\u00a0<\/strong>de derechos. Tetaz y Sclavi pueden forman en ambos lados.<\/p>\n<\/div>\n<div class=\"custom-text \">\n<h3>Hookers<\/h3>\n<\/div>\n<div class=\"custom-text \">\n<p><strong>Juli\u00e1n Montoya<\/strong>, el capit\u00e1n, y\u00a0<strong>Agust\u00edn Creevy<\/strong>,\u00a0<a href=\"http:\/\/kjcg5j6ldz\/\" target=\"_blank\" rel=\"noopener\">el \u00fanico Puma Centenario.<\/a>\u00a0Como tercero aparece\u00a0<strong>Ignacio Ruiz.<\/strong><\/p>\n<\/div>\n<div class=\"custom-text \">\n<h3><strong>Segunda l\u00edneas<\/strong><\/h3>\n<\/div>\n<div class=\"custom-text \">\n<p><strong>Tom\u00e1s Lavanini y Mat\u00edas Alemanno<\/strong>\u00a0son los titulares, aunque \u00e9ste \u00faltimo se lesion\u00f3, pero viajar\u00e1 igual porque se cree que llega al debut. Despu\u00e9s hay dos lugares m\u00e1s.\u00a0<strong>Pedro Rubiolo\u00a0<\/strong>(20 a\u00f1os) la rompi\u00f3 en Johannesburgo para sorprender a muchos, y\u00a0<strong>Guido Petti\u00a0<\/strong>volvi\u00f3 ante Sudafrica tras 10 meses por lesi\u00f3n y dej\u00f3 en claro que tiene calidad.\u00a0<strong>Adem\u00e1s, estos dos \u00faltimos pueden jugar en la tercera l\u00ednea.<\/strong><\/p>\n<\/div>\n<div class=\"custom-text \">\n<h3><strong>Tercera l\u00edneas<\/strong><\/h3>\n<\/div>\n<div class=\"custom-text \">\n<p>Los de memoria son\u00a0<strong>Pablo Matera, Santiago Grondona y Juan Mart\u00edn Gonz\u00e1lez. Marcos Kremer,<\/strong>\u00a0quien no pudo jugar este a\u00f1o por una suspensi\u00f3n, tambi\u00e9n sol\u00eda ser titular y adem\u00e1s puede jugar de segunda. Otro que se pone solo es el octavo\u00a0<strong>Rodrigo Bruni.<\/strong>\u00a0El sexto es\u00a0<strong>Facundo Isa.<\/strong><\/p>\n<\/div>\n<div class=\"custom-text \">\n<h3><strong>Medio scrums<\/strong><\/h3>\n<\/div>\n<div class=\"custom-text \">\n<p><strong>Gonzalo Bertranou, Lautaro Baz\u00e1n V\u00e9lez y Tom\u00e1s Cubelli.<\/strong><\/p>\n<\/div>\n<div class=\"custom-text \">\n<h3><strong>Aperturas<\/strong><\/h3>\n<\/div>\n<div class=\"custom-text \">\n<p><strong>Santiago Carreras\u00a0<\/strong>(tambi\u00e9n como opci\u00f3n a fullback) y<strong>\u00a0Nicol\u00e1s S\u00e1nchez.<\/strong><\/p>\n<\/div>\n<div class=\"custom-text \">\n<h3><strong>Centros<\/strong><\/h3>\n<\/div>\n<div class=\"custom-text \">\n<p>La idea de Cheika ser\u00eda que jueguen\u00a0<strong>Santiago Chocobares y Lucio Cinti\u00a0<\/strong>de titulares.\u00a0<strong>Jer\u00f3nimo De la Fuente<\/strong>\u00a0es la clara tercera opci\u00f3n junto con\u00a0<strong>Mat\u00edas Moroni,<\/strong>\u00a0que indistintamente puede jugar de wing.<\/p>\n<\/div>\n<div class=\"custom-text \">\n<h3><strong>Wines<\/strong><\/h3>\n<\/div>\n<div class=\"custom-text \">\n<p><strong>Mateo Carreras y Emiliano Boffelli\u00a0<\/strong>(puede ser fullback e incluso apertura de auxilio) m\u00e1s el nombrado Moroni.\u00a0<strong>Rodrigo Isgr\u00f3\u00a0<\/strong>(viene del seven), al estilo Rubiolo, impact\u00f3 en su primera vez vs. All Blacks, por eso se meti\u00f3, Adem\u00e1s, Cheika se inclin\u00f3 por la experiencia de\u00a0<strong>Juan Imhoff<\/strong>.<\/p>\n<\/div>\n<div class=\"custom-text \">\n<h3><strong>Fullback<\/strong><\/h3>\n<\/div>\n<div class=\"custom-text \">\n<p><strong>Juan Cruz Mall\u00eda y Mart\u00edn Bogado<\/strong>, pese a que el misionero solo jug\u00f3 un partido<strong>.<\/strong>\u00a0Adem\u00e1s de las opciones mencionadas en Boffelli, Imfoff y Santi Carreras.<\/p>\n<\/div>\n<div class=\"custom-text \">\n<h2>El XV titular<\/h2>\n<\/div>\n<div class=\"custom-text \">\n<p>Con todos sanos,\u00a0<strong>hoy, los titulares vs. Inglaterra ser\u00edan:<\/strong>\u00a0Gallo, Montoya, G\u00f3mez Kodela; Alemanno, Lavanini; Matera, Grondona, Gonz\u00e1lez; Bertranou, S. Carreras; Boffelli, Chocobares, Cinti, M. Carreras; Mall\u00eda.<\/p>\n<\/div>\n<\/article>\n<\/section>\n<\/section>\n<p>&nbsp;<\/p>\n<p>&nbsp;<\/p>\n<p>&nbsp;<\/p>\n<p>&nbsp;<\/p>\n<p>Diario Ol\u00e9.<\/p>\n","protected":false},"excerpt":{"rendered":"<p>Terminaron las mini vacaciones y el equipo ya est\u00e1 en modo-Copa, con un pie en el avi\u00f3n para dirigirse a Europa y poner foco en el debut.<\/p>\n","protected":false},"author":3,"featured_media":10906,"comment_status":"open","ping_status":"open","sticky":false,"template":"","format":"standard","meta":{"_jetpack_memberships_contains_paid_content":false,"footnotes":""},"categories":[8,15,18,17],"tags":[],"class_list":["post-10905","post","type-post","status-publish","format-standard","has-post-thumbnail","hentry","category-actualidad","category-deporte","category-internacional","category-nacional"],"jetpack_featured_media_url":"https:\/\/comunicartesanluis.com\/v1\/wp-content\/uploads\/2023\/08\/JiWCcHWYn_1290x760__1.jpg","jetpack_sharing_enabled":true,"_links":{"self":[{"href":"https:\/\/comunicartesanluis.com\/index.php\/wp-json\/wp\/v2\/posts\/10905","targetHints":{"allow":["GET"]}}],"collection":[{"href":"https:\/\/comunicartesanluis.com\/index.php\/wp-json\/wp\/v2\/posts"}],"about":[{"href":"https:\/\/comunicartesanluis.com\/index.php\/wp-json\/wp\/v2\/types\/post"}],"author":[{"embeddable":true,"href":"https:\/\/comunicartesanluis.com\/index.php\/wp-json\/wp\/v2\/users\/3"}],"replies":[{"embeddable":true,"href":"https:\/\/comunicartesanluis.com\/index.php\/wp-json\/wp\/v2\/comments?post=10905"}],"version-history":[{"count":1,"href":"https:\/\/comunicartesanluis.com\/index.php\/wp-json\/wp\/v2\/posts\/10905\/revisions"}],"predecessor-version":[{"id":10907,"href":"https:\/\/comunicartesanluis.com\/index.php\/wp-json\/wp\/v2\/posts\/10905\/revisions\/10907"}],"wp:featuredmedia":[{"embeddable":true,"href":"https:\/\/comunicartesanluis.com\/index.php\/wp-json\/wp\/v2\/media\/10906"}],"wp:attachment":[{"href":"https:\/\/comunicartesanluis.com\/index.php\/wp-json\/wp\/v2\/media?parent=10905"}],"wp:term":[{"taxonomy":"category","embeddable":true,"href":"https:\/\/comunicartesanluis.com\/index.php\/wp-json\/wp\/v2\/categories?post=10905"},{"taxonomy":"post_tag","embeddable":true,"href":"https:\/\/comunicartesanluis.com\/index.php\/wp-json\/wp\/v2\/tags?post=10905"}],"curies":[{"name":"wp","href":"https:\/\/api.w.org\/{rel}","templated":true}]}}