{"id":10913,"date":"2023-08-16T11:07:12","date_gmt":"2023-08-16T14:07:12","guid":{"rendered":"https:\/\/comunicartesanluis.com\/?p=10913"},"modified":"2023-08-16T11:07:12","modified_gmt":"2023-08-16T14:07:12","slug":"gabriel-deck-trabaje-mucho-para-estar-bien","status":"publish","type":"post","link":"https:\/\/comunicartesanluis.com\/index.php\/2023\/08\/16\/gabriel-deck-trabaje-mucho-para-estar-bien\/","title":{"rendered":"Gabriel Deck : \u00abTrabaj\u00e9 mucho para estar bien\u00bb"},"content":{"rendered":"<p><strong>El alero del seleccionado argentino<\/strong>, Gabriel Deck,\u00a0<strong>avis\u00f3 que hizo todo para \u00abestar bien\u00bb de cara al debut del mi\u00e9rcoles en el Preclasificatorio Ol\u00edmpico contra Bahamas.<\/strong><\/p>\n<p>\u201c<strong>Dolor de rodilla no tengo, me falta un poco de ritmo pero estoy bien f\u00edsicamente.<\/strong>\u00a0Estuve trabajando mucho estos d\u00edas para ponerme de la mejor forma. Voy a estar para aportar lo que m\u00e1s pueda para el equipo y para la Selecci\u00f3n, como siempre\u201d, apunt\u00f3 Deck, hombre de Real Madrid de Espa\u00f1a.<\/p>\n<p>Deck se mejor\u00f3 de una lesi\u00f3n en la rodilla izquierda en mayo pasado durante un partido de Euroliga.<\/p>\n<p>\u201c<strong>Estoy muy contento de estar aqu\u00ed, de ver a los chicos nuevamente.\u00a0<\/strong>Estoy feliz de\u00a0<a href=\"https:\/\/www.telam.com.ar\/notas\/202308\/636965-prigioni-cerro-lista-12-seleccionados-preclasificatorio-preolimpico-basquetbol.html\" target=\"_blank\" rel=\"noopener\">ser parte de los 12<\/a>, de disfrutar y seguir poni\u00e9ndome bien para sumar en todo lo que pueda\u201d, agreg\u00f3 Deck en di\u00e1logo con la CAB.<\/p>\n<div class=\"twitter-tweet twitter-tweet-rendered\"><iframe id=\"twitter-widget-0\" class=\"\" title=\"Twitter Tweet\" src=\"https:\/\/platform.twitter.com\/embed\/Tweet.html?creatorScreenName=agenciatelam&amp;dnt=false&amp;embedId=twitter-widget-0&amp;features=eyJ0ZndfdGltZWxpbmVfbGlzdCI6eyJidWNrZXQiOltdLCJ2ZXJzaW9uIjpudWxsfSwidGZ3X2ZvbGxvd2VyX2NvdW50X3N1bnNldCI6eyJidWNrZXQiOnRydWUsInZlcnNpb24iOm51bGx9LCJ0ZndfdHdlZXRfZWRpdF9iYWNrZW5kIjp7ImJ1Y2tldCI6Im9uIiwidmVyc2lvbiI6bnVsbH0sInRmd19yZWZzcmNfc2Vzc2lvbiI6eyJidWNrZXQiOiJvbiIsInZlcnNpb24iOm51bGx9LCJ0ZndfZm9zbnJfc29mdF9pbnRlcnZlbnRpb25zX2VuYWJsZWQiOnsiYnVja2V0Ijoib24iLCJ2ZXJzaW9uIjpudWxsfSwidGZ3X21peGVkX21lZGlhXzE1ODk3Ijp7ImJ1Y2tldCI6InRyZWF0bWVudCIsInZlcnNpb24iOm51bGx9LCJ0ZndfZXhwZXJpbWVudHNfY29va2llX2V4cGlyYXRpb24iOnsiYnVja2V0IjoxMjA5NjAwLCJ2ZXJzaW9uIjpudWxsfSwidGZ3X3Nob3dfYmlyZHdhdGNoX3Bpdm90c19lbmFibGVkIjp7ImJ1Y2tldCI6Im9uIiwidmVyc2lvbiI6bnVsbH0sInRmd19kdXBsaWNhdGVfc2NyaWJlc190b19zZXR0aW5ncyI6eyJidWNrZXQiOiJvbiIsInZlcnNpb24iOm51bGx9LCJ0ZndfdXNlX3Byb2ZpbGVfaW1hZ2Vfc2hhcGVfZW5hYmxlZCI6eyJidWNrZXQiOiJvbiIsInZlcnNpb24iOm51bGx9LCJ0ZndfdmlkZW9faGxzX2R5bmFtaWNfbWFuaWZlc3RzXzE1MDgyIjp7ImJ1Y2tldCI6InRydWVfYml0cmF0ZSIsInZlcnNpb24iOm51bGx9LCJ0ZndfbGVnYWN5X3RpbWVsaW5lX3N1bnNldCI6eyJidWNrZXQiOnRydWUsInZlcnNpb24iOm51bGx9LCJ0ZndfdHdlZXRfZWRpdF9mcm9udGVuZCI6eyJidWNrZXQiOiJvbiIsInZlcnNpb24iOm51bGx9fQ%3D%3D&amp;frame=false&amp;hideCard=false&amp;hideThread=false&amp;id=1691456212750290944&amp;lang=es&amp;origin=https%3A%2F%2Fwww.telam.com.ar%2Fnotas%2F202308%2F637101-basquetbol-seleccionado-argentino-gabriel-deck-preclasificatorio-olimpico-bahamas.html&amp;sessionId=e6338792c818f9afdf4e34a86bbab199f1be6bf5&amp;siteScreenName=agenciatelam&amp;theme=light&amp;widgetsVersion=aaf4084522e3a%3A1674595607486&amp;width=550px\" frameborder=\"0\" scrolling=\"no\" allowfullscreen=\"allowfullscreen\" data-tweet-id=\"1691456212750290944\" data-mce-fragment=\"1\"><\/iframe><\/div>\n<p><strong>Tras el debut ante Bahamas, Argentina enfrentar\u00e1 el jueves a Cuba (22.10 en La Banda) para cerrar el grupo A.<\/strong>\u00a0Los dos primeros de cada zona acceder\u00e1n a semifinales y los ganadores disputar\u00e1n la gran final. Solo el campe\u00f3n del Preclasificatorio Ol\u00edmpico tendr\u00e1 un boleto para el Repechaje Mundial del a\u00f1o pr\u00f3ximo como paso previo a los Juegos Ol\u00edmpicos de Par\u00eds 2024.<\/p>\n<p>\u201cEs un torneo muy duro. El equipo se est\u00e1 preparando hace un tiempo, yo me sum\u00e9 ahora pero tuvimos la preparaci\u00f3n necesaria para afrontarlo de la mejor manera\u201d, apunt\u00f3 Deck.<\/p>\n<p>&nbsp;<\/p>\n<p>&nbsp;<\/p>\n<p>&nbsp;<\/p>\n<p>&nbsp;<\/p>\n<p>T\u00e9lam.<\/p>\n","protected":false},"excerpt":{"rendered":"<p>\u201cEs un torneo muy duro. El equipo se est\u00e1 preparando hace un tiempo, yo me sum\u00e9 ahora pero tuvimos la preparaci\u00f3n necesaria para afrontarlo de la mejor manera\u201d, apunt\u00f3 el alero sobre el Preclasificatorio Ol\u00edmpico.<\/p>\n","protected":false},"author":3,"featured_media":10914,"comment_status":"open","ping_status":"open","sticky":false,"template":"","format":"standard","meta":{"_jetpack_memberships_contains_paid_content":false,"footnotes":""},"categories":[8,15,18,17],"tags":[836,837,838],"class_list":["post-10913","post","type-post","status-publish","format-standard","has-post-thumbnail","hentry","category-actualidad","category-deporte","category-internacional","category-nacional","tag-confederacion-argentina-de-basquetbol-cab","tag-gabriel-deck","tag-santiago-del-estero"],"jetpack_featured_media_url":"https:\/\/comunicartesanluis.com\/v1\/wp-content\/uploads\/2023\/08\/64db95281af58_1200.jpg","jetpack_sharing_enabled":true,"_links":{"self":[{"href":"https:\/\/comunicartesanluis.com\/index.php\/wp-json\/wp\/v2\/posts\/10913","targetHints":{"allow":["GET"]}}],"collection":[{"href":"https:\/\/comunicartesanluis.com\/index.php\/wp-json\/wp\/v2\/posts"}],"about":[{"href":"https:\/\/comunicartesanluis.com\/index.php\/wp-json\/wp\/v2\/types\/post"}],"author":[{"embeddable":true,"href":"https:\/\/comunicartesanluis.com\/index.php\/wp-json\/wp\/v2\/users\/3"}],"replies":[{"embeddable":true,"href":"https:\/\/comunicartesanluis.com\/index.php\/wp-json\/wp\/v2\/comments?post=10913"}],"version-history":[{"count":1,"href":"https:\/\/comunicartesanluis.com\/index.php\/wp-json\/wp\/v2\/posts\/10913\/revisions"}],"predecessor-version":[{"id":10915,"href":"https:\/\/comunicartesanluis.com\/index.php\/wp-json\/wp\/v2\/posts\/10913\/revisions\/10915"}],"wp:featuredmedia":[{"embeddable":true,"href":"https:\/\/comunicartesanluis.com\/index.php\/wp-json\/wp\/v2\/media\/10914"}],"wp:attachment":[{"href":"https:\/\/comunicartesanluis.com\/index.php\/wp-json\/wp\/v2\/media?parent=10913"}],"wp:term":[{"taxonomy":"category","embeddable":true,"href":"https:\/\/comunicartesanluis.com\/index.php\/wp-json\/wp\/v2\/categories?post=10913"},{"taxonomy":"post_tag","embeddable":true,"href":"https:\/\/comunicartesanluis.com\/index.php\/wp-json\/wp\/v2\/tags?post=10913"}],"curies":[{"name":"wp","href":"https:\/\/api.w.org\/{rel}","templated":true}]}}