{"id":10925,"date":"2023-08-19T14:45:15","date_gmt":"2023-08-19T17:45:15","guid":{"rendered":"https:\/\/comunicartesanluis.com\/?p=10925"},"modified":"2023-08-19T14:45:15","modified_gmt":"2023-08-19T17:45:15","slug":"ciclismo-julian-rodriguez-y-una-historia-de-superacion-y-logros","status":"publish","type":"post","link":"https:\/\/comunicartesanluis.com\/index.php\/2023\/08\/19\/ciclismo-julian-rodriguez-y-una-historia-de-superacion-y-logros\/","title":{"rendered":"Ciclismo: Juli\u00e1n Rodr\u00edguez y una historia de superaci\u00f3n y logros"},"content":{"rendered":"<div class=\"group w-full text-token-text-primary border-b border-black\/10 dark:border-gray-900\/50 bg-gray-50 dark:bg-[#444654]\">\n<div class=\"flex p-4 gap-4 text-base md:gap-6 md:max-w-2xl lg:max-w-[38rem] xl:max-w-3xl md:py-6 lg:px-0 m-auto\">\n<div class=\"relative flex w-[calc(100%-50px)] flex-col gap-1 md:gap-3 lg:w-[calc(100%-115px)]\">\n<div class=\"flex flex-grow flex-col gap-3\">\n<div class=\"min-h-[20px] flex flex-col items-start gap-3 overflow-x-auto whitespace-pre-wrap break-words\">\n<div class=\"markdown prose w-full break-words dark:prose-invert light\">\n<p>Desde los campeonatos barriales hasta el podio nacional: La historia de superaci\u00f3n del ciclista Juli\u00e1n Rodr\u00edguez<\/p>\n<p><img decoding=\"async\" class=\"alignnone size-medium wp-image-10978\" src=\"https:\/\/comunicartesanluis.com\/v1\/wp-content\/uploads\/2023\/08\/IMG-20230819-WA0042-200x300.jpg\" alt=\"\" width=\"200\" height=\"300\" srcset=\"https:\/\/comunicartesanluis.com\/v1\/wp-content\/uploads\/2023\/08\/IMG-20230819-WA0042-200x300.jpg 200w, https:\/\/comunicartesanluis.com\/v1\/wp-content\/uploads\/2023\/08\/IMG-20230819-WA0042-400x600.jpg 400w, https:\/\/comunicartesanluis.com\/v1\/wp-content\/uploads\/2023\/08\/IMG-20230819-WA0042-600x900.jpg 600w, https:\/\/comunicartesanluis.com\/v1\/wp-content\/uploads\/2023\/08\/IMG-20230819-WA0042-683x1024.jpg 683w, https:\/\/comunicartesanluis.com\/v1\/wp-content\/uploads\/2023\/08\/IMG-20230819-WA0042.jpg 720w\" sizes=\"(max-width: 200px) 100vw, 200px\" \/><\/p>\n<p><strong>Bajada:<\/strong> Desde sus primeros pedales en los campeonatos barriales hasta sus logros en competencias nacionales, el joven ciclista Juli\u00e1n Rodr\u00edguez comparte su inspiradora traves\u00eda en el mundo del ciclismo y c\u00f3mo el apoyo de su familia ha sido clave en su \u00e9xito.<\/p>\n<p><img decoding=\"async\" class=\"alignnone size-medium wp-image-10979\" src=\"https:\/\/comunicartesanluis.com\/v1\/wp-content\/uploads\/2023\/08\/IMG-20230819-WA0041-300x200.jpg\" alt=\"\" width=\"300\" height=\"200\" srcset=\"https:\/\/comunicartesanluis.com\/v1\/wp-content\/uploads\/2023\/08\/IMG-20230819-WA0041-200x133.jpg 200w, https:\/\/comunicartesanluis.com\/v1\/wp-content\/uploads\/2023\/08\/IMG-20230819-WA0041-300x200.jpg 300w, https:\/\/comunicartesanluis.com\/v1\/wp-content\/uploads\/2023\/08\/IMG-20230819-WA0041-400x267.jpg 400w, https:\/\/comunicartesanluis.com\/v1\/wp-content\/uploads\/2023\/08\/IMG-20230819-WA0041-600x400.jpg 600w, https:\/\/comunicartesanluis.com\/v1\/wp-content\/uploads\/2023\/08\/IMG-20230819-WA0041.jpg 648w\" sizes=\"(max-width: 300px) 100vw, 300px\" \/><\/p>\n<p>A los 7 a\u00f1os, cuando muchos ni\u00f1os comienzan a explorar sus pasatiempos, Juli\u00e1n Rodr\u00edguez ya estaba subido a una bicicleta y compitiendo en los campeonatos barriales. Su pasi\u00f3n por el ciclismo creci\u00f3 r\u00e1pidamente y a los 8 a\u00f1os dio un paso crucial al unirse a la escuela de ciclismo que actualmente es conocida como Merlo Bike Team. Aqu\u00ed, comenz\u00f3 su proceso de preparaci\u00f3n para las exigentes competencias, en especial el campeonato provincial de XCO y otras carreras destacadas.<\/p>\n<p>Cuando ascendi\u00f3 a la categor\u00eda de menores, Juli\u00e1n Rodr\u00edguez se dio cuenta de la necesidad de un entrenamiento m\u00e1s enfocado y espec\u00edfico para alcanzar la victoria. Fue en ese momento cuando su hermano, que ya entrenaba con Miguel Hidalgo, intervino para que este talentoso ciclista pudiera recibir el entrenamiento necesario sin perder su nivel. Este encuentro ocurri\u00f3 a principios de la pandemia, un momento en el que la adaptaci\u00f3n se volvi\u00f3 esencial.<\/p>\n<p>Miguel Hidalgo acept\u00f3 el reto y dise\u00f1\u00f3 un plan de entrenamiento que Juli\u00e1n Rodr\u00edguez sigui\u00f3 diligentemente d\u00eda tras d\u00eda, utilizando un rodillo para entrenar en el interior de su casa. El esfuerzo no tard\u00f3 en dar frutos. En 2021, Juli\u00e1n Rodr\u00edguez alcanz\u00f3 un logro importante al obtener el segundo lugar en el campeonato argentino de rural bike, demostrando su destreza en el terreno.<\/p>\n<p>El a\u00f1o 2022 marc\u00f3 un hito en la carrera de Juli\u00e1n Rodr\u00edguez, con objetivos definidos como el R\u00edo Pinto, el argentino de XCO y los Juegos Evita. En su debut en el R\u00edo Pinto, compitiendo en la categor\u00eda menores, logr\u00f3 un destacado sexto lugar a pesar de los desaf\u00edos f\u00edsicos que enfrent\u00f3 durante la carrera.<\/p>\n<p>El argentino de XCO en Santa Mar\u00eda, Catamarca, trajo un desaf\u00edo adicional en forma de un percance mec\u00e1nico con su bicicleta. A pesar de las adversidades, Juli\u00e1n Rodr\u00edguez se mantuvo firme y alcanz\u00f3 el und\u00e9cimo puesto en esta competici\u00f3n nacional.<\/p>\n<p><img decoding=\"async\" class=\"alignnone size-medium wp-image-10980\" src=\"https:\/\/comunicartesanluis.com\/v1\/wp-content\/uploads\/2023\/08\/IMG-20230819-WA0039-300x200.jpg\" alt=\"\" width=\"300\" height=\"200\" srcset=\"https:\/\/comunicartesanluis.com\/v1\/wp-content\/uploads\/2023\/08\/IMG-20230819-WA0039-200x133.jpg 200w, https:\/\/comunicartesanluis.com\/v1\/wp-content\/uploads\/2023\/08\/IMG-20230819-WA0039-300x200.jpg 300w, https:\/\/comunicartesanluis.com\/v1\/wp-content\/uploads\/2023\/08\/IMG-20230819-WA0039-400x267.jpg 400w, https:\/\/comunicartesanluis.com\/v1\/wp-content\/uploads\/2023\/08\/IMG-20230819-WA0039-600x400.jpg 600w, https:\/\/comunicartesanluis.com\/v1\/wp-content\/uploads\/2023\/08\/IMG-20230819-WA0039.jpg 721w\" sizes=\"(max-width: 300px) 100vw, 300px\" \/><\/p>\n<p>Los Juegos Evita tambi\u00e9n formaron parte de su trayectoria en 2022. En la modalidad de ruta, Juli\u00e1n Rodr\u00edguez particip\u00f3 con determinaci\u00f3n y, aunque no gan\u00f3 medallas, considera la experiencia como invaluable para su crecimiento como ciclista.<\/p>\n<p>Este a\u00f1o, Juli\u00e1n Rodr\u00edguez ha seguido cosechando logros. En el R\u00edo Pinto, en su \u00faltima participaci\u00f3n en categor\u00eda menores, subi\u00f3 nuevamente al podio, esta vez en el s\u00e9ptimo lugar, demostrando su perseverancia y habilidad en ausencia de calambres y problemas mec\u00e1nicos.<\/p>\n<p>A pesar de los contratiempos, Juli\u00e1n Rodr\u00edguez ha demostrado una tenacidad impresionante. En el campeonato argentino en la Calera, C\u00f3rdoba, enfrent\u00f3 problemas mec\u00e1nicos que le impidieron dar su m\u00e1ximo esfuerzo, pero a\u00fan as\u00ed complet\u00f3 todas las vueltas, finalizando en el puesto 25.<\/p>\n<p>La clasificaci\u00f3n para los Juegos Evita en la modalidad de MTB result\u00f3 en un triunfo merecido. Juli\u00e1n Rodr\u00edguez se sinti\u00f3 en su mejor forma y aplic\u00f3 estrategias que lo llevaron a ganar el primer lugar.<\/p>\n<p>En su recorrido, Juli\u00e1n Rodr\u00edguez destaca la importancia del apoyo de su familia, cuyo respaldo y sacrificio han sido fundamentales para su \u00e9xito. Su historia es un ejemplo inspirador de c\u00f3mo la pasi\u00f3n, la determinaci\u00f3n y el apoyo incondicional pueden conducir a grandes logros en el emocionante mundo del ciclismo.<\/p>\n<\/div>\n<\/div>\n<\/div>\n<\/div>\n<\/div>\n<\/div>\n","protected":false},"excerpt":{"rendered":"<p>Desde los campeonatos barriales hasta el podio nacional: La historia de superaci\u00f3n del ciclista Juli\u00e1n Rodr\u00edguez Bajada: Desde sus primeros pedales en los campeonatos barriales hasta sus logros en competencias nacionales, el joven ciclista Juli\u00e1n Rodr\u00edguez comparte su inspiradora traves\u00eda en el mundo del ciclismo y c\u00f3mo el apoyo de su familia ha sido clave en su \u00e9xito. A los 7 a\u00f1os, cuando muchos ni\u00f1os comienzan a explorar sus pasatiempos, Juli\u00e1n Rodr\u00edguez ya estaba subido a una bicicleta y compitiendo en los campeonatos barriales. Su pasi\u00f3n por el ciclismo creci\u00f3 r\u00e1pidamente y a los 8 a\u00f1os dio un paso crucial [&hellip;]<\/p>\n","protected":false},"author":3,"featured_media":10977,"comment_status":"open","ping_status":"open","sticky":false,"template":"","format":"standard","meta":{"_jetpack_memberships_contains_paid_content":false,"footnotes":""},"categories":[15,16],"tags":[],"class_list":["post-10925","post","type-post","status-publish","format-standard","has-post-thumbnail","hentry","category-deporte","category-local"],"jetpack_featured_media_url":"https:\/\/comunicartesanluis.com\/v1\/wp-content\/uploads\/2023\/08\/IMG-20230819-WA0036.jpg","jetpack_sharing_enabled":true,"_links":{"self":[{"href":"https:\/\/comunicartesanluis.com\/index.php\/wp-json\/wp\/v2\/posts\/10925","targetHints":{"allow":["GET"]}}],"collection":[{"href":"https:\/\/comunicartesanluis.com\/index.php\/wp-json\/wp\/v2\/posts"}],"about":[{"href":"https:\/\/comunicartesanluis.com\/index.php\/wp-json\/wp\/v2\/types\/post"}],"author":[{"embeddable":true,"href":"https:\/\/comunicartesanluis.com\/index.php\/wp-json\/wp\/v2\/users\/3"}],"replies":[{"embeddable":true,"href":"https:\/\/comunicartesanluis.com\/index.php\/wp-json\/wp\/v2\/comments?post=10925"}],"version-history":[{"count":1,"href":"https:\/\/comunicartesanluis.com\/index.php\/wp-json\/wp\/v2\/posts\/10925\/revisions"}],"predecessor-version":[{"id":10982,"href":"https:\/\/comunicartesanluis.com\/index.php\/wp-json\/wp\/v2\/posts\/10925\/revisions\/10982"}],"wp:featuredmedia":[{"embeddable":true,"href":"https:\/\/comunicartesanluis.com\/index.php\/wp-json\/wp\/v2\/media\/10977"}],"wp:attachment":[{"href":"https:\/\/comunicartesanluis.com\/index.php\/wp-json\/wp\/v2\/media?parent=10925"}],"wp:term":[{"taxonomy":"category","embeddable":true,"href":"https:\/\/comunicartesanluis.com\/index.php\/wp-json\/wp\/v2\/categories?post=10925"},{"taxonomy":"post_tag","embeddable":true,"href":"https:\/\/comunicartesanluis.com\/index.php\/wp-json\/wp\/v2\/tags?post=10925"}],"curies":[{"name":"wp","href":"https:\/\/api.w.org\/{rel}","templated":true}]}}