{"id":10938,"date":"2023-08-18T15:04:12","date_gmt":"2023-08-18T18:04:12","guid":{"rendered":"https:\/\/comunicartesanluis.com\/?p=10938"},"modified":"2023-08-18T15:04:12","modified_gmt":"2023-08-18T18:04:12","slug":"diez-argentinos-competiran-desde-este-sabado-en-el-mundial-de-atletismo-de-budapest","status":"publish","type":"post","link":"https:\/\/comunicartesanluis.com\/index.php\/2023\/08\/18\/diez-argentinos-competiran-desde-este-sabado-en-el-mundial-de-atletismo-de-budapest\/","title":{"rendered":"Diez argentinos competir\u00e1n desde este s\u00e1bado en el Mundial de atletismo de Budapest"},"content":{"rendered":"<div class=\"wrapper-header\">\n<div class=\"container-xl\">\n<div class=\"row\">\n<div class=\"col-12\">\n<div class=\"head-content mb-4\">\n<div class=\"my-3\"><\/div>\n<\/div>\n<\/div>\n<\/div>\n<\/div>\n<\/div>\n<div class=\"wrapper-editable-content\">\n<div class=\"wrapper-info-note\">\n<div class=\"col-md-12\">\n<div class=\"wrapper-author-social\">\n<div class=\"author-box mb-4\">\n<div class=\"info\">\n<div class=\"time\"><\/div>\n<\/div>\n<\/div>\n<\/div>\n<\/div>\n<\/div>\n<div>\n<div class=\"wrapper-editable-content\">\n<div>\n<div class=\"container-md\">\n<div class=\"row\">\n<div class=\"col-md-12 speak\">\n<div class=\"paragraph\">\n<figure class=\"mb-3\"><img decoding=\"async\" class=\" lazy \" src=\"https:\/\/www.telam.com.ar\/thumbs\/bluesteel\/advf\/imagenes\/2022\/07\/62d97bccc8e3a_1200.jpg\" alt=\"Chiaraviglio finalista en el Mundial Beijing Foto Archivo\" width=\"100%\" height=\"100%\" \/><\/p>\n<div class=\"media-icons\"><\/div><figcaption>Chiaraviglio, finalista en el Mundial Beijing. Foto: Archivo.<\/figcaption><\/figure>\n<p>Diez argentinos, entre los que\u00a0<strong>se destaca el santafesino Germ\u00e1n Chiaraviglio<\/strong>, finalista en salto con garrocha en los Juegos Ol\u00edmpicos de R\u00edo de Janeiro 2016 y m\u00e1xima figura del seleccionado nacional, competir\u00e1n desde el s\u00e1bado en la 19na edici\u00f3n del Mundial de atletismo de Budapest, Hungr\u00eda, en el que participar\u00e1n m\u00e1s de 2.000 deportistas de 200 pa\u00edses hasta el 27 de agosto.<\/p>\n<p>En Hungr\u00eda, competir\u00e1n Chiaraviglio, finalista en el Mundial Beijing, China, 2015, quien gan\u00f3 en el mes de julio pasado la medalla de oro en la la 53ra edici\u00f3n del Campeonato Sudamericano de Mayores de San Pablo, en Brasil.<\/p>\n<p>Adem\u00e1s,\u00a0<strong>competir\u00e1n la porte\u00f1a Fedra Luna<\/strong>\u00a0-ganadora de la medalla de oro en 1.500 metros llanos y en 5.000 en Brasil; el lanzador bonaerense Joaqu\u00edn G\u00f3mez -m\u00faltiple medallista en los Juegos Odesur- en lanzamiento de martillo; el entrerriano Nazareno Sasia -oro en los Juegos Ol\u00edmpicos de la Juventud de Buenos Aires 2018 en lanzamiento de bala y plata en San Pablo- y el chubutense Joaqu\u00edn Arbe (marat\u00f3n).<\/p>\n<p><strong>Tambi\u00e9n lo har\u00e1n otros atletas que obtuvieron medallas en el Sudamericano de Brasil<\/strong>: el marplatense Diego Lacamoire -oro en 1.500 metros llanos-Pablo-; el entrerriano Juli\u00e1n Molina -oro en 3.000 metros con obst\u00e1culos y plata en 5.000- y el velocista bonaerense Eli\u00e1n Larregina -plata en 400 metros llanos-.<\/p>\n<figure class=\"mb-3\"><img decoding=\"async\" class=\" lazy \" src=\"https:\/\/www.telam.com.ar\/assets\/img\/not_image.png\" alt=\"lanzador bonaerense Joaqun Gmez Foto Raul Ferrari\" width=\"100%\" height=\"100%\" data-src=\"https:\/\/www.telam.com.ar\/thumbs\/bluesteel\/advf\/imagenes\/2021\/11\/618e99b27a904_1200.jpg\" \/><\/p>\n<div class=\"media-icons\"><\/div><figcaption>lanzador bonaerense Joaqu\u00edn G\u00f3mez. Foto: Raul Ferrari.<\/figcaption><\/figure>\n<p>El correntino Carlos Layoy, en salto en alto -oro en Brasil- y el marchista tucumano Juan Manuel Cano Ceres (20km marcha).<\/p>\n<p>De los diez argentinos que participar\u00e1n en el certamen s\u00f3lo cuatro ya lo hicieron en un torneo ecum\u00e9nico: Chiaraviglio (Osaka 2007, Beijing 2015, Londres 2017 y Eugene 2022); Layoy (Eugene 2022); Cano (Berl\u00edn 2009, Daegu 2011, Mosc\u00fa 2013, Beijing 2013, Londres 2017 y Eugene 2022); y G\u00f3mez (Doha, Qatar, 2019, y Eugene, Estados Unidos, 2022).<\/p>\n<p>El s\u00e1bado competir\u00e1n Luna (1500m), Cano Ceres (marcha 20K), Sasia (bala), G\u00f3mez (martillo), Lacamoire (1500m) y Molina (3000m c\/obst\u00e1culos); el domingo lo har\u00e1n Larregina (400m) y Layoy (alto); el mi\u00e9rcoles pr\u00f3ximo, Germ\u00e1n Chiaraviglio (garrocha) y Luna (5000m) y el domingo 27 Joaqu\u00edn Arbe (marat\u00f3n).<\/p>\n<p>En di\u00e1logo con T\u00e9lam, el presidente de la Confederaci\u00f3n Argentina de Atletismo,\u00a0<strong>Daniel Sotto, destac\u00f3 la clasificaci\u00f3n de diez representantes<\/strong>\u00a0\u00abalbicelestes\u00bb al torneo: \u00abEn los mundiales, la m\u00e1xima delegaci\u00f3n la tuvimos en Londres 2017, con diez integrantes\u00bb.<\/p>\n<p>\u00abLuego, con el cambio del sistema de clasificaci\u00f3n a los eventos internacionales por parte de World Athletics, en el mundial de Doha 2019 hubo tres; a Eugene fueron nueve y ahora, en Budapest, vuelven a ser diez, donde se bajaron cuatro atletas clasificados en marat\u00f3n, dos varones y dos mujeres que participar\u00e1n en otro evento internacional\u00bb, explic\u00f3.<\/p>\n<figure class=\"mb-3\"><img decoding=\"async\" class=\" lazy \" src=\"https:\/\/www.telam.com.ar\/assets\/img\/not_image.png\" alt=\"Nazareno Sasia Nazareno Sasia oro en los Juegos Olmpicos de la Juventud de Buenos Aires 2018\" width=\"100%\" height=\"100%\" data-src=\"https:\/\/www.telam.com.ar\/thumbs\/bluesteel\/advf\/imagenes\/2018\/10\/5bc60577b131d_1200.jpg\" \/><\/p>\n<div class=\"media-icons\"><\/div><figcaption>Nazareno Sasia, Nazareno Sasia, oro en los Juegos Ol\u00edmpicos de la Juventud de Buenos Aires 2018.<\/figcaption><\/figure>\n<p>\u00abEsto indica que\u00a0<strong>el n\u00famero de clasificados es muy superior a cualquiera de los mundiales anteriores<\/strong>, lo que da cuenta de la evoluci\u00f3n y los progresos que consiguieron nuestros atletas, a pesar de haberse elevado el nivel de clasificaci\u00f3n, por marcas o ranking a estos cert\u00e1menes ecum\u00e9nicos\u00bb, destac\u00f3.<\/p>\n<p>Argentina, que participar\u00e1 en su 19no mundial consecutivo (el primero fue en Helsinski, Finlandia, 1983) llev\u00f3 a Hungr\u00eda su segunda delegaci\u00f3n m\u00e1s nutrida (10) e igual\u00f3 la de Londres 2017.<\/p>\n<p>En Londres, compitieron Leandro Paris (800 metros llanos); Federico Bruno (1.500 metros llanos); Mariano Mastromarino (marat\u00f3n); Guillermo Ruggeri (400 metros c\/vallas); Juan Manuel Cano Ceres (Marcha 20 km); Germ\u00e1n Chiaraviglio (salto con garrocha); Braian Toledo ( jabalina); Rosa Godoy (marat\u00f3n); Bel\u00e9n Casetta (3000 m. c\/obst\u00e1culos) y Jennifer Dahlgren (martillo).<\/p>\n<p>Los atletas argentinos que alcanzaron las finales fueron Antonio Silio (octavo en 10 mil metros llanos en Stuttgart, Alemania, 1993); Jennifer Dahlgren (d\u00e9cima en lanzamiento del martillo en Daegu, Corea del Sur 2011).<\/p>\n<p>Y Germ\u00e1n Lauro s\u00e9ptimo en lanzamiento de bala) y Roc\u00edo Comba (und\u00e9cima en disco) en Mosc\u00fa, Rusia, 2013; Brian Toledo (d\u00e9cimo en lanzamiento de jabalina); Lauro (noveno en bala) y Germ\u00e1n Chiaraviglio (noveno en salto con garrocha) en Beijing, China, 2015; y Bel\u00e9n Casetta (und\u00e9cima en 3.000 metros con obst\u00e1culos) en Londres 2017.<\/p><\/div>\n<\/div>\n<\/div>\n<\/div>\n<\/div>\n<\/div>\n<\/div>\n<\/div>\n<div><\/div>\n<div><\/div>\n<div><\/div>\n<div>T\u00e9lam.<\/div>\n","protected":false},"excerpt":{"rendered":"<p>El presidente de la Confederaci\u00f3n Argentina de Atletismo, Daniel Sotto, afirm\u00f3 que el n\u00famero de clasificados es superior a los mundiales anteriores y lo adjudic\u00f3 a \u00abla evoluci\u00f3n y los progresos que consiguieron los atletas locales\u00bb.<\/p>\n","protected":false},"author":3,"featured_media":10939,"comment_status":"open","ping_status":"open","sticky":false,"template":"","format":"standard","meta":{"_jetpack_memberships_contains_paid_content":false,"footnotes":""},"categories":[8,15,17],"tags":[],"class_list":["post-10938","post","type-post","status-publish","format-standard","has-post-thumbnail","hentry","category-actualidad","category-deporte","category-nacional"],"jetpack_featured_media_url":"https:\/\/comunicartesanluis.com\/v1\/wp-content\/uploads\/2023\/08\/64c453908a15b_1200.jpg","jetpack_sharing_enabled":true,"_links":{"self":[{"href":"https:\/\/comunicartesanluis.com\/index.php\/wp-json\/wp\/v2\/posts\/10938","targetHints":{"allow":["GET"]}}],"collection":[{"href":"https:\/\/comunicartesanluis.com\/index.php\/wp-json\/wp\/v2\/posts"}],"about":[{"href":"https:\/\/comunicartesanluis.com\/index.php\/wp-json\/wp\/v2\/types\/post"}],"author":[{"embeddable":true,"href":"https:\/\/comunicartesanluis.com\/index.php\/wp-json\/wp\/v2\/users\/3"}],"replies":[{"embeddable":true,"href":"https:\/\/comunicartesanluis.com\/index.php\/wp-json\/wp\/v2\/comments?post=10938"}],"version-history":[{"count":1,"href":"https:\/\/comunicartesanluis.com\/index.php\/wp-json\/wp\/v2\/posts\/10938\/revisions"}],"predecessor-version":[{"id":10940,"href":"https:\/\/comunicartesanluis.com\/index.php\/wp-json\/wp\/v2\/posts\/10938\/revisions\/10940"}],"wp:featuredmedia":[{"embeddable":true,"href":"https:\/\/comunicartesanluis.com\/index.php\/wp-json\/wp\/v2\/media\/10939"}],"wp:attachment":[{"href":"https:\/\/comunicartesanluis.com\/index.php\/wp-json\/wp\/v2\/media?parent=10938"}],"wp:term":[{"taxonomy":"category","embeddable":true,"href":"https:\/\/comunicartesanluis.com\/index.php\/wp-json\/wp\/v2\/categories?post=10938"},{"taxonomy":"post_tag","embeddable":true,"href":"https:\/\/comunicartesanluis.com\/index.php\/wp-json\/wp\/v2\/tags?post=10938"}],"curies":[{"name":"wp","href":"https:\/\/api.w.org\/{rel}","templated":true}]}}