{"id":11034,"date":"2023-08-21T11:02:05","date_gmt":"2023-08-21T14:02:05","guid":{"rendered":"https:\/\/comunicartesanluis.com\/?p=11034"},"modified":"2023-08-21T11:02:05","modified_gmt":"2023-08-21T14:02:05","slug":"los-pumas-no-pierden-el-tiempo-en-portugal","status":"publish","type":"post","link":"https:\/\/comunicartesanluis.com\/index.php\/2023\/08\/21\/los-pumas-no-pierden-el-tiempo-en-portugal\/","title":{"rendered":"Los Pumas no pierden el tiempo en Portugal"},"content":{"rendered":"<div class=\"sc-8ac06f2-1 fJyQFn\">\n<div class=\"sc-8ac06f2-2 crcYvp\">\n<div class=\"sc-b8ac1e67-0 gvhrJJ\"><\/div>\n<\/div>\n<div class=\"sc-8ac06f2-3 pVAjN\"><\/div>\n<\/div>\n<section class=\"sc-e441548f-2 cnfARC\">\n<section class=\"sc-e441548f-1 frElZC\">\n<div>\n<div class=\"sc-e441548f-10 bGAFVG\"><\/div>\n<article id=\"storyBody\" class=\"sc-e441548f-11 iKXemG\">\n<div class=\"custom-text \">\n<p><a class=\"slug\" title=\"Los Pumas\" href=\"https:\/\/www.ole.com.ar\/tema\/los-pumas.html\">Los Pumas<\/a>\u00a0iniciaron su preparaci\u00f3n de cara al\u00a0<a class=\"slug\" title=\"Mundial de Rugby 2023\" href=\"https:\/\/www.ole.com.ar\/tema\/mundial-de-rugby-2023.html\">Mundial<\/a>, con la mirada puesta en alcanzar un desempe\u00f1o destacado en el torneo que se llevar\u00e1 a cabo en septiembre. El equipo dirigido por el australiano\u00a0<a class=\"slug\" title=\"Michael Cheika\" href=\"https:\/\/www.ole.com.ar\/tema\/michael-cheika.html\">Michael Cheika<\/a>\u00a0tom\u00f3 medidas estrat\u00e9gicas que traen a la mente recuerdos exitosos del pasado.<\/p>\n<\/div>\n<div class=\"sc-7b11397a-5 kIFfNI\">\n<div>\n<div id=\"div-gpt-ad-inread\" data-google-query-id=\"CPiGtIb07YADFR1R3QIdcLwJ1g\">\n<div id=\"google_ads_iframe_\/242767168\/ole\/rugby\/nota\/inread_0__container__\"><\/div>\n<\/div>\n<\/div>\n<\/div>\n<div class=\"custom-text \">\n<p>Este lunes,\u00a0<a href=\"https:\/\/3qpu4pzjq1\/\" target=\"_blank\" rel=\"noopener\">el plantel se reuni\u00f3 en Casa Pumas para la toma de la foto oficial<\/a>, un momento simb\u00f3lico que marca el comienzo de su viaje rumbo a la competencia internacional. Posteriormente, el martes,\u00a0<strong>el equipo emprendi\u00f3 su viaje hacia<\/strong>\u00a0<strong>Portugal<\/strong>, un destino que trae gratas memorias. Fue en el a\u00f1o\u00a0<strong>2015<\/strong>\u00a0cuando Los Pumas, luego de una pretemporada en tierras lusas,<strong>\u00a0alcanzaron un hist\u00f3rico cuarto puesto en el Mundial de Inglaterra.<\/strong><\/p>\n<\/div>\n<div class=\"custom-text \">\n<p>El mi\u00e9rcoles, el equipo arrib\u00f3 a Portugal, aterrizando en la regi\u00f3n de\u00a0<strong>El Faro<\/strong>, un lugar\u00a0<strong>estrat\u00e9gicamente elegido debido a su proximidad con Francia<\/strong>\u00a0donde se llevar\u00e1n a cabo la Copa<\/p>\n<\/div>\n<div id=\"aa510b8e-4b42-4f99-b253-ed1cd436020b\"><\/div>\n<div class=\"sc-e7b891c4-0 jPbnQF\"><img decoding=\"async\" src=\"https:\/\/www.ole.com.ar\/images\/2023\/08\/17\/hJux5M9iR_720x0__1.jpg\" alt=\"Los Pumas en Portugal. (PrensaUAR)\" width=\"720\" height=\"100\" data-nimg=\"future\" \/><span class=\"epigraphe\">Los Pumas en Portugal. (PrensaUAR)<\/span><\/div>\n<div class=\"custom-text \">\n<p>Siguiendo la f\u00f3rmula exitosa de su campa\u00f1a en 2015, Los Pumas viajaron a Portugal para prepararse en completa privacidad, sin la presencia de\u00a0<strong>familiares<\/strong>,\u00a0<strong>hinchas ni incluso la prensa<\/strong>.<\/p>\n<\/div>\n<div class=\"custom-embedhtml\">\n<div class=\"twitter-tweet twitter-tweet-rendered\"><iframe id=\"twitter-widget-0\" class=\"\" title=\"Twitter Tweet\" src=\"https:\/\/platform.twitter.com\/embed\/Tweet.html?dnt=false&amp;embedId=twitter-widget-0&amp;features=eyJ0ZndfdGltZWxpbmVfbGlzdCI6eyJidWNrZXQiOltdLCJ2ZXJzaW9uIjpudWxsfSwidGZ3X2ZvbGxvd2VyX2NvdW50X3N1bnNldCI6eyJidWNrZXQiOnRydWUsInZlcnNpb24iOm51bGx9LCJ0ZndfdHdlZXRfZWRpdF9iYWNrZW5kIjp7ImJ1Y2tldCI6Im9uIiwidmVyc2lvbiI6bnVsbH0sInRmd19yZWZzcmNfc2Vzc2lvbiI6eyJidWNrZXQiOiJvbiIsInZlcnNpb24iOm51bGx9LCJ0ZndfZm9zbnJfc29mdF9pbnRlcnZlbnRpb25zX2VuYWJsZWQiOnsiYnVja2V0Ijoib24iLCJ2ZXJzaW9uIjpudWxsfSwidGZ3X21peGVkX21lZGlhXzE1ODk3Ijp7ImJ1Y2tldCI6InRyZWF0bWVudCIsInZlcnNpb24iOm51bGx9LCJ0ZndfZXhwZXJpbWVudHNfY29va2llX2V4cGlyYXRpb24iOnsiYnVja2V0IjoxMjA5NjAwLCJ2ZXJzaW9uIjpudWxsfSwidGZ3X3Nob3dfYmlyZHdhdGNoX3Bpdm90c19lbmFibGVkIjp7ImJ1Y2tldCI6Im9uIiwidmVyc2lvbiI6bnVsbH0sInRmd19kdXBsaWNhdGVfc2NyaWJlc190b19zZXR0aW5ncyI6eyJidWNrZXQiOiJvbiIsInZlcnNpb24iOm51bGx9LCJ0ZndfdXNlX3Byb2ZpbGVfaW1hZ2Vfc2hhcGVfZW5hYmxlZCI6eyJidWNrZXQiOiJvbiIsInZlcnNpb24iOm51bGx9LCJ0ZndfdmlkZW9faGxzX2R5bmFtaWNfbWFuaWZlc3RzXzE1MDgyIjp7ImJ1Y2tldCI6InRydWVfYml0cmF0ZSIsInZlcnNpb24iOm51bGx9LCJ0ZndfbGVnYWN5X3RpbWVsaW5lX3N1bnNldCI6eyJidWNrZXQiOnRydWUsInZlcnNpb24iOm51bGx9LCJ0ZndfdHdlZXRfZWRpdF9mcm9udGVuZCI6eyJidWNrZXQiOiJvbiIsInZlcnNpb24iOm51bGx9fQ%3D%3D&amp;frame=false&amp;hideCard=false&amp;hideThread=false&amp;id=1692201730664984769&amp;lang=es&amp;origin=https%3A%2F%2Fwww.ole.com.ar%2Frugby%2Flospumas-entrenan-portugal-cheika-debut-inglaterra-mundial-rugby-amistoso-espana_0_6ptJZqvx3j.html&amp;sessionId=086c950d476ec0f2fabd2e572fe4361179870ad3&amp;theme=light&amp;widgetsVersion=aaf4084522e3a%3A1674595607486&amp;width=550px\" frameborder=\"0\" scrolling=\"no\" allowfullscreen=\"allowfullscreen\" data-mce-fragment=\"1\"><\/iframe><\/div>\n<blockquote class=\"twitter-tweet\" data-twitter-extracted-i1692629781205518906=\"true\">\n<p dir=\"ltr\" lang=\"es\">Enfocados \ud83c\udfcb\ufe0f<a href=\"https:\/\/twitter.com\/hashtag\/SomosLosPumas?src=hash&amp;ref_src=twsrc%5Etfw\">#SomosLosPumas<\/a>\u00a0|\u00a0<a href=\"https:\/\/twitter.com\/hashtag\/M%C3%A1sPumasQueNunca?src=hash&amp;ref_src=twsrc%5Etfw\">#M\u00e1sPumasQueNunca<\/a>\u00a0<a href=\"https:\/\/t.co\/RVhitihgks\">pic.twitter.com\/RVhitihgks<\/a><\/p>\n<p>\u2014 Los Pumas (@lospumas)\u00a0<a href=\"https:\/\/twitter.com\/lospumas\/status\/1692201730664984769?ref_src=twsrc%5Etfw\">August 17, 2023<\/a><\/p><\/blockquote>\n<\/div>\n<div class=\"sc-e7b891c4-0 jPbnQF\"><img decoding=\"async\" src=\"https:\/\/www.ole.com.ar\/images\/2023\/08\/17\/rrU10VGQ2_720x0__1.jpg\" alt=\"La foto que public\u00f3 Agust\u00edn Creevy en sus redes. (@agustincreevy)\" width=\"720\" height=\"100\" data-nimg=\"future\" \/><span class=\"epigraphe\">La foto que public\u00f3 Agust\u00edn Creevy en sus redes. (@agustincreevy)<\/span><\/div>\n<div class=\"custom-text \">\n<p>El debut de Los Pumas en el Mundial de Rugby est\u00e1 programado para el\u00a0<strong>9 de septiembre<\/strong>, cuando enfrentar\u00e1n a la selecci\u00f3n de\u00a0<strong>Inglaterra<\/strong>,\u00a0<strong>\u00faltimo subcampe\u00f3n del torneo<\/strong>. Pero antes de ese desaf\u00edo, el equipo jugar\u00e1 un\u00a0<strong>amistoso el 26 de agosto vs.<\/strong>\u00a0<strong>Espa\u00f1a<\/strong>\u00a0en el Estadio Civitas Metropolitano, del Club Atl\u00e9tico de Madrid.<\/p>\n<\/div>\n<div class=\"sc-e7b891c4-0 jPbnQF\"><img decoding=\"async\" src=\"https:\/\/www.ole.com.ar\/images\/2023\/08\/17\/9UbNvTveK_720x0__1.jpg\" alt=\"Mat\u00edas Alemanno, jugador de Los Pumas. (PrensaUAR)\" width=\"720\" height=\"100\" data-nimg=\"future\" \/><span class=\"epigraphe\">Mat\u00edas Alemanno, jugador de Los Pumas. (PrensaUAR)<\/span><\/div>\n<div class=\"custom-text \">\n<h2>Para Espa\u00f1a, mucho m\u00e1s que un simple amistoso<\/h2>\n<\/div>\n<div class=\"custom-text \">\n<p>La sanci\u00f3n impuesta en Eliminatorias a\u00a0<strong>Espa\u00f1a por mal inclusi\u00f3n\u00b4pon de un jugador, por lo cual nuevamente se queda fuera del Mundial,\u00a0<\/strong>gener\u00f3 un cambio en el equipo. Seg\u00fan se dijo,\u00a0<a class=\"slug\" title=\"Los Leones\" href=\"https:\/\/www.ole.com.ar\/tema\/los-leones.html\">Los Leones<\/a>\u00a0est\u00e1n comprometidos a\u00a0<strong>recuperar la confianza y trabajar hacia la clasificaci\u00f3n en futuras competiciones<\/strong>. El partido ante\u00a0<a class=\"slug\" title=\"Los Pumas\" href=\"https:\/\/www.ole.com.ar\/tema\/los-pumas.html\">Los Pumas<\/a>\u00a0en Madrid se perfila como un hecho importante para el rugby espa\u00f1ol, ya que, se propusieron, marcar\u00e1 el nacimiento de una nueva era.<\/p>\n<\/div>\n<\/article>\n<\/div>\n<\/section>\n<\/section>\n","protected":false},"excerpt":{"rendered":"<p>El seleccionado que se prepara para el debut en el Mundial lleg\u00f3 a El Faro, donde ya se entren\u00f3.<\/p>\n","protected":false},"author":3,"featured_media":11035,"comment_status":"open","ping_status":"open","sticky":false,"template":"","format":"standard","meta":{"_jetpack_memberships_contains_paid_content":false,"footnotes":""},"categories":[8,15,18],"tags":[],"class_list":["post-11034","post","type-post","status-publish","format-standard","has-post-thumbnail","hentry","category-actualidad","category-deporte","category-internacional"],"jetpack_featured_media_url":"https:\/\/comunicartesanluis.com\/v1\/wp-content\/uploads\/2023\/08\/iFhXIxEQX_640x330__2.webp","jetpack_sharing_enabled":true,"_links":{"self":[{"href":"https:\/\/comunicartesanluis.com\/index.php\/wp-json\/wp\/v2\/posts\/11034","targetHints":{"allow":["GET"]}}],"collection":[{"href":"https:\/\/comunicartesanluis.com\/index.php\/wp-json\/wp\/v2\/posts"}],"about":[{"href":"https:\/\/comunicartesanluis.com\/index.php\/wp-json\/wp\/v2\/types\/post"}],"author":[{"embeddable":true,"href":"https:\/\/comunicartesanluis.com\/index.php\/wp-json\/wp\/v2\/users\/3"}],"replies":[{"embeddable":true,"href":"https:\/\/comunicartesanluis.com\/index.php\/wp-json\/wp\/v2\/comments?post=11034"}],"version-history":[{"count":1,"href":"https:\/\/comunicartesanluis.com\/index.php\/wp-json\/wp\/v2\/posts\/11034\/revisions"}],"predecessor-version":[{"id":11036,"href":"https:\/\/comunicartesanluis.com\/index.php\/wp-json\/wp\/v2\/posts\/11034\/revisions\/11036"}],"wp:featuredmedia":[{"embeddable":true,"href":"https:\/\/comunicartesanluis.com\/index.php\/wp-json\/wp\/v2\/media\/11035"}],"wp:attachment":[{"href":"https:\/\/comunicartesanluis.com\/index.php\/wp-json\/wp\/v2\/media?parent=11034"}],"wp:term":[{"taxonomy":"category","embeddable":true,"href":"https:\/\/comunicartesanluis.com\/index.php\/wp-json\/wp\/v2\/categories?post=11034"},{"taxonomy":"post_tag","embeddable":true,"href":"https:\/\/comunicartesanluis.com\/index.php\/wp-json\/wp\/v2\/tags?post=11034"}],"curies":[{"name":"wp","href":"https:\/\/api.w.org\/{rel}","templated":true}]}}