{"id":11108,"date":"2023-08-23T09:54:59","date_gmt":"2023-08-23T12:54:59","guid":{"rendered":"https:\/\/comunicartesanluis.com\/?p=11108"},"modified":"2023-08-23T09:54:59","modified_gmt":"2023-08-23T12:54:59","slug":"agustin-vernice-mi-objetivo-es-conseguir-plaza-para-juegos-olimpicos","status":"publish","type":"post","link":"https:\/\/comunicartesanluis.com\/index.php\/2023\/08\/23\/agustin-vernice-mi-objetivo-es-conseguir-plaza-para-juegos-olimpicos\/","title":{"rendered":"Agust\u00edn Vernice: \u00abMi objetivo es conseguir plaza para Juegos Ol\u00edmpicos\u00bb"},"content":{"rendered":"<div class=\"wrapper-header\">\n<div class=\"container-xl\">\n<div class=\"row\">\n<div class=\"col-12\">\n<div class=\"head-content mb-4\">\n<div class=\"my-3\"><\/div>\n<\/div>\n<\/div>\n<\/div>\n<\/div>\n<\/div>\n<div class=\"wrapper-editable-content\">\n<div>\n<div class=\"wrapper-editable-content\">\n<div class=\"container-md\">\n<div class=\"row\">\n<div class=\"col-md-12 speak\">\n<div class=\"paragraph\">\n<figure class=\"mb-3\">El palista bonaerense Agust\u00edn Vernice, octavo en los Juegos Ol\u00edmpicos de Tokio y m\u00e1xima figura del seleccionado argentino de velocidad senior, estableci\u00f3 como meta \u00abconseguir la clasificaci\u00f3n a los Juegos Ol\u00edmpicos de Par\u00eds 2024\u00bb en el Mundial de Duisburgo, Alemania, que comenzar\u00e1 este mi\u00e9rcoles, y reconoci\u00f3 que \u00abest\u00e1 en el mejor momento de su carrera\u00bb.<\/figure>\n<p>\u00abEl objetivo es conseguir una plaza para los Juegos Ol\u00edmpicos. Como siempre, en este tipo de eventos hay que ir paso a paso.\u00a0<strong>El primer objetivo es clasificar a la final A<\/strong>\u00a0(ndr; del primero al noveno puesto) y despu\u00e9s ir por todo. Espero que la plaza sea una consecuencia de haberlo hecho bien\u00bb, afirm\u00f3 Vernice en una entrevista con T\u00e9lam desde Alemania.<\/p>\n<p><strong>\u00ab<\/strong>Tengo muy buenas expectativas porque me vine sintiendo muy bien en los entrenamientos. Ahora es importante descansar y competir bien. S\u00e9 estoy en un buen momento pero trato de manejarlo con tranquilidad\u00bb, puntualiz\u00f3 el palista de 28 a\u00f1os y representante del club Estudiantes de Olavarr\u00eda.<\/p>\n<p>En mayo pasado,\u00a0<strong>Vernice obtuvo el sexto puesto en la Copa del Mundo de Poznan, Polonia, en K1 1000 metros<\/strong>\u00a0con un tiempo de 3m47s04\/100.<\/p>\n<p>El palista argentino qued\u00f3 detr\u00e1s del alem\u00e1n Jakob Thordsen (3m46s44\/100); el australiano Thomas Green (3m45s72\/100) (s\u00e9ptimo en Tokio 2021); el h\u00fangaro Balint Kopasz (3m44\/85) -campe\u00f3n ol\u00edmpico en Tokio y europeo 2021 y mundial 2019-; el portugu\u00e9s Fernando Pimenta (3m44s56\/100) -campe\u00f3n mundial 2021 y bronce en los Juegos Ol\u00edmpicos de Tokio-; y el h\u00fangaro<br \/>\nAdam Varga, que gan\u00f3 con un registro de 3m42s\/94.<\/p>\n<p>En la ciudad polaca, adem\u00e1s,<strong>\u00a0Vernice obtuvo el cuarto puesto en K1 500 metros<\/strong>\u00a0con un tiempo de 1m42s78\/100 y se ubic\u00f3 despu\u00e9s del dinamarqu\u00e9s Rene Holten Poulsen (1m42s\/75; el portugu\u00e9s Pimenta (1m41\/87) y el checo Josef Dostal -Dostal -quinto en los Juegos Ol\u00edmpicos 2021 y subcampe\u00f3n mundial 2019- que venci\u00f3 con 1m41s55\/100.<\/p>\n<p>En agosto de 2022,<strong>\u00a0Vernice termin\u00f3 s\u00e9ptimo en la final A\u00a0<\/strong>(del primero al noveno lugar) de la prueba K1 1000 metros del Mundial de Halifax, Canad\u00e1.<\/p>\n<p>De este modo, el oriundo de Olavarr\u00eda, disput\u00f3 su tercera final A en K1 1000 metros en Mundiales senior luego del de Szeged, Hungr\u00eda, 2019, en el que termin\u00f3 noveno, y el de Racice, Rep\u00fablica Checa, 2017, en el que logr\u00f3 el s\u00e9ptimo lugar.<\/p>\n<p>Vernice, ganador de dos medallas de oro en los \u00faltimos Juegos Panamericanos de Lima, Per\u00fa, 2019: en K1 1000 y en K2 1000, junto a Manuel Lascano, fue el primer argentino en la historia en consagrarse campe\u00f3n mundial Sub 23 en Pitesti (Rumania) en K1 1000 (2017).<\/p>\n<figure class=\"mb-3\"><img decoding=\"async\" class=\" lazy \" src=\"https:\/\/www.telam.com.ar\/thumbs\/bluesteel\/advf\/imagenes\/2023\/08\/64e4d4aaa5549_1200.jpg\" alt=\"Foto archivo Tlam \" width=\"100%\" height=\"100%\" \/><\/p>\n<div class=\"media-icons\"><\/div><figcaption>Foto archivo T\u00e9lam.<\/figcaption><\/figure>\n<p><strong>El palista argentino logr\u00f3 en Tokio el diploma ol\u00edmpico al culminar octavo en la final A de K1 1000 metros<\/strong>, con un registro de 3m. 28s. 503\/1000, en el Canal Sea Forest de la capital japonesa, mientras que Kopasz gan\u00f3 la medalla de oro con nuevo r\u00e9cord ol\u00edmpico: 3m. 20s. 643\/1000.<\/p>\n<p>En el mundial de Duisburgo, Alemania, Vernice &#8211; que debutar\u00e1 en la regata eliminatoria cinco de K1 1000 que dar\u00e1 cinco pasajes a una de las semifinales- lograr\u00e1 su clasificaci\u00f3n a los Juegos Ol\u00edmpicos de Par\u00eds 2024 si queda entre los siete primeros de los nueve palistas que disputar\u00e1n la final A.<\/p>\n<p><strong>-T\u00e9lam: A los 28 a\u00f1os, \u00bfEn qu\u00e9 momento de tu carrera est\u00e1s?<\/strong><\/p>\n<p>-Agust\u00edn Vernice: Estoy en el mejor momento de mi carrera porque llevo muchos a\u00f1os trabajando en busca de la superaci\u00f3n constante y tambi\u00e9n estos \u00faltimos a\u00f1os fui ganando experiencia que es muy valiosa. Espero seguir mejorando y trabajando, pensando siempre que todav\u00eda falta mucho, que lo mejor est\u00e1 por venir.<\/p>\n<p><strong>-T: Este a\u00f1o quedaste sexto en la Copa del mundo de Poznan, Polonia, en el \u00fanico torneo internacional de relevancia que disputaste. \u00bfQu\u00e9 te dej\u00f3 ese certamen?<\/strong><\/p>\n<p>-AV: La verdad es que me dej\u00f3 un buen sabor. Si bien no hice una carrera perfecta pude estar bien consolidado en la final. Fui cuarto en K1 500, a cent\u00e9simas de la medalla. Mejor\u00e9 mi inicio de a\u00f1o con respecto a 2022 en el que, si bien fui quinto, no estuvieron el campe\u00f3n ol\u00edmpico y ahora si estaban los dos. Fue una buena competencia y los meses posteriores de entrenamientos que le siguieron, a\u00fan mejores.<\/p>\n<p><strong>-T: \u00bfCon qu\u00e9 expectativas afront\u00e1s el Mundial de Duisburgo, Alemania?<\/strong><\/p>\n<p>-AV: Tengo muy buenas expectativas porque me vine sintiendo muy bien en los entrenamientos. Ahora es importante descansar y competir bien y poder traspolar lo que hice en los ensayos en la competencia. S\u00e9 que estoy en un buen momento pero trato de manejarlo con tranquilidad.<\/p>\n<p><strong>-T: El Mundial otorga siete plazas a los Juegos Ol\u00edmpicos de Par\u00eds. \u00bfEst\u00e1s para alcanzar una?<\/strong><\/p>\n<p>-AV: Ese es el objetivo: conseguir una plaza. Como siempre, en este tipo de eventos hay que ir paso a paso: el primer objetivo es clasificar a la final A (ndr; del primero al noveno puesto) y despu\u00e9s ir por todo. Espero que la plaza sea una consecuencia de haberlo hecho bien.<\/p>\n<p><strong>-T:- Si lleg\u00e1s a la final A en Alemania, ser\u00e1 la cuarta en un torneo ecum\u00e9nico y la quinta si se tiene en cuenta a los Juegos Ol\u00edmpicos. \u00bfQu\u00e9 te genera estar en ese pelot\u00f3n de nueve palistas hace ya varios a\u00f1os?<\/strong><\/p>\n<p>-AV: Es un orgullo. Trabajamos muy duro para conseguir eso y a\u00f1o a a\u00f1o duplicamos el esfuerzo para ir por m\u00e1s. Hasta ahora lo logramos pero tampoco nos conformamos y siempre intentamos, cada vez, trabajar m\u00e1s y mejorar en todos los aspectos. Me genera satisfacci\u00f3n pero siempre tengo la cabeza en lo que viene y en tratar de superarme.<\/p>\n<p><strong>-T: El entrenador del seleccionado argentino de canotaje senior, Diego C\u00e1nepa, en una entrevista con T\u00e9lam, expres\u00f3: \u00abAgust\u00edn tiene un porcentaje alt\u00edsimo de rendir bien en situaciones de alta tensi\u00f3n competitiva\u00bb.<\/strong><\/p>\n<p>-AV: En las competencias m\u00e1s dif\u00edciles intento aprovechar eso a mi favor. S\u00e9 que todos los rivales est\u00e1n nerviosos y yo tambi\u00e9n. Trato de llevar esos nervios a mi favor. Trato de replicar lo que hago en los entrenamientos e intentar fluir con la competencia<\/p>\n<p><strong>-T: \u00bfEn tu planificaci\u00f3n 2023, el Mundial es prioritario y despu\u00e9s est\u00e1n los Juegos Panamericanos de Chile de octubre?<\/strong><\/p>\n<p>-AV: Tengo la cabeza puesta en el Campeonato del Mundo y no me gusta anticiparme. Pero s\u00ed estoy seguro de que en los Juegos Panamericanos el objetivo principal es defender la medalla de oro en el K1 1000 metros y si me toca competir en alguna otra prueba el objetivo ser\u00e1 el mismo: siempre intentar ganar y conseguir una medalla dorada.<\/p><\/div>\n<\/div>\n<\/div>\n<\/div>\n<\/div>\n<\/div>\n<\/div>\n<div><\/div>\n<div><\/div>\n<div><\/div>\n<div><\/div>\n<div><\/div>\n<div><\/div>\n<div>T\u00e9lam.<\/div>\n","protected":false},"excerpt":{"rendered":"<p>De cara al\u00a0Mundial de Duisburgo, Alemania, el palista admiti\u00f3:\u00a0\u00abTengo muy buenas expectativas porque me vine sintiendo muy bien en los entrenamientos. S\u00e9 estoy en un buen momento, pero trato de manejarlo con tranquilidad\u00bb<\/p>\n","protected":false},"author":3,"featured_media":11109,"comment_status":"open","ping_status":"open","sticky":false,"template":"","format":"standard","meta":{"_jetpack_memberships_contains_paid_content":false,"footnotes":""},"categories":[8,15,17],"tags":[],"class_list":["post-11108","post","type-post","status-publish","format-standard","has-post-thumbnail","hentry","category-actualidad","category-deporte","category-nacional"],"jetpack_featured_media_url":"https:\/\/comunicartesanluis.com\/v1\/wp-content\/uploads\/2023\/08\/64e4d4aaba86c_1200.jpg","jetpack_sharing_enabled":true,"_links":{"self":[{"href":"https:\/\/comunicartesanluis.com\/index.php\/wp-json\/wp\/v2\/posts\/11108","targetHints":{"allow":["GET"]}}],"collection":[{"href":"https:\/\/comunicartesanluis.com\/index.php\/wp-json\/wp\/v2\/posts"}],"about":[{"href":"https:\/\/comunicartesanluis.com\/index.php\/wp-json\/wp\/v2\/types\/post"}],"author":[{"embeddable":true,"href":"https:\/\/comunicartesanluis.com\/index.php\/wp-json\/wp\/v2\/users\/3"}],"replies":[{"embeddable":true,"href":"https:\/\/comunicartesanluis.com\/index.php\/wp-json\/wp\/v2\/comments?post=11108"}],"version-history":[{"count":1,"href":"https:\/\/comunicartesanluis.com\/index.php\/wp-json\/wp\/v2\/posts\/11108\/revisions"}],"predecessor-version":[{"id":11110,"href":"https:\/\/comunicartesanluis.com\/index.php\/wp-json\/wp\/v2\/posts\/11108\/revisions\/11110"}],"wp:featuredmedia":[{"embeddable":true,"href":"https:\/\/comunicartesanluis.com\/index.php\/wp-json\/wp\/v2\/media\/11109"}],"wp:attachment":[{"href":"https:\/\/comunicartesanluis.com\/index.php\/wp-json\/wp\/v2\/media?parent=11108"}],"wp:term":[{"taxonomy":"category","embeddable":true,"href":"https:\/\/comunicartesanluis.com\/index.php\/wp-json\/wp\/v2\/categories?post=11108"},{"taxonomy":"post_tag","embeddable":true,"href":"https:\/\/comunicartesanluis.com\/index.php\/wp-json\/wp\/v2\/tags?post=11108"}],"curies":[{"name":"wp","href":"https:\/\/api.w.org\/{rel}","templated":true}]}}