{"id":11113,"date":"2023-08-23T10:27:12","date_gmt":"2023-08-23T13:27:12","guid":{"rendered":"https:\/\/comunicartesanluis.com\/?p=11113"},"modified":"2023-08-23T10:27:12","modified_gmt":"2023-08-23T13:27:12","slug":"muchachas-las-murcielagas-vuelven-al-pais-como-las-primeras-campeonas-de-la-historia","status":"publish","type":"post","link":"https:\/\/comunicartesanluis.com\/index.php\/2023\/08\/23\/muchachas-las-murcielagas-vuelven-al-pais-como-las-primeras-campeonas-de-la-historia\/","title":{"rendered":"\u00a1Muchachas! Las Murci\u00e9lagas vuelven al pa\u00eds como las primeras campeonas de la historia"},"content":{"rendered":"<div class=\"wrapper-header\">\n<div class=\"container-xl\">\n<div class=\"row\">\n<div class=\"col-12\">\n<div class=\"head-content mb-4\">\n<div class=\"my-3\">\n<div class=\"social mt-3\">\u00a0Yohana Aguilar, la delantera que hizo los dos goles en la final ante Jap\u00f3n, declar\u00f3: \u00ab\u00a1Es una alegr\u00eda tan tremenda que creo que me va a explotar el coraz\u00f3n.<\/div>\n<\/div>\n<\/div>\n<\/div>\n<\/div>\n<\/div>\n<\/div>\n<div class=\"wrapper-editable-content\">\n<div>\n<div class=\"wrapper-editable-content\">\n<div class=\"container-md\">\n<div class=\"row\">\n<div class=\"col-md-12 speak\">\n<div class=\"paragraph\">\n<strong>Yohana Aguilar,<\/strong>\u00a0delantera y figura de\u00a0<strong>Las Murci\u00e9lagas<\/strong>, expres\u00f3 su orgullo y sorpresa por\u00a0<strong>el hist\u00f3rico triunfo ante Jap\u00f3n, por 2 a 1<\/strong>, en la final del primer Mundial organizado por la Federaci\u00f3n Internacional de Deportes para Ciegos (IBSA).<\/p>\n<p>\u00abEs algo que no puedo explicar\u00bb, se\u00f1al\u00f3 Aguilar a la p\u00e1gina oficial de\u00a0<a href=\"https:\/\/ibsasport.org\/\" target=\"_blank\" rel=\"noopener\">IBSA<\/a>, luego de la rutilante victoria ante Jap\u00f3n en el primer campeonato femenino que se desarroll\u00f3 en la ciudad de Birmingham, en Inglaterra.<\/p>\n<p>\u00abA\u00fan no me doy cuenta de lo que realmente est\u00e1 pasando o de lo que acabamos de hacer.\u00a0<strong>\u00a1Es una alegr\u00eda tan tremenda que creo que me va a explotar el coraz\u00f3n!<\/strong>\u00ab, agreg\u00f3\u00a0<strong>Aguilar, autora de los dos tantos ante el seleccionado nip\u00f3n.<\/strong><\/p>\n<p>\u00abEsta fue la tercera vez que jugu\u00e9 contra Jap\u00f3n y siempre nos derrotaron por un amplio margen, pero demostramos que tenemos un equipo tremendo que podr\u00eda enfrentarlos. \u00a1Es maravilloso! No tengo palabras para describirlo\u00bb,<strong>\u00a0remarc\u00f3 la delantera cordobesa.<\/strong><\/p>\n<blockquote class=\"\"><p>Aguilar se\u00f1al\u00f3 el empate sobre el cierre del partido a trav\u00e9s de una jugada individual, que hizo gala de sus gambetas. A falta de un minuto y medio, Argentina dispuso de una chance inmejorable que Aguilar no desperdici\u00f3 con su gol de penal.<\/p><\/blockquote>\n<figure class=\"mb-3\"><img decoding=\"async\" class=\" lazy \" src=\"https:\/\/www.telam.com.ar\/thumbs\/bluesteel\/advf\/imagenes\/2023\/08\/64e3d3cf5b723_1200.jpg\" alt=\"Las Murcilagas orgullo nacional Secretara de Deportes\" width=\"100%\" height=\"100%\" \/><\/p>\n<div class=\"media-icons\"><\/div><figcaption>Las Murci\u00e9lagas, orgullo nacional. (Secretar\u00eda de Deportes)<\/figcaption><\/figure>\n<p><strong>Las Murci\u00e9lagas, dirigidas por Gonzalo Abbas<\/strong>, alcanzaron la final tras un tarea sobresaliente en el grupo B con triunfos ante Alemania (3-0) e India (4-0) y el empate frente a Austria (0-0). En las semifinales, Argentina arras\u00f3 contra Suecia, con el triunfo por 3 a 0.<\/p>\n<p>Abbas tambi\u00e9n brind\u00f3 declaraciones a la p\u00e1gina oficial de IBSA, invadido por la emoci\u00f3n, el orgullo y el desahogo.\u00a0\u00ab\u00a1No tengo un coraz\u00f3n lo suficientemente grande para soportar la cantidad de felicidad que siento ahora mismo!\u00bb, dijo Abbas.<\/p>\n<p>\u00abHemos estado trabajando mucho para llegar a este momento y sab\u00edamos que nos llegar\u00eda. Ha sido un partido muy complicado, pero lo dejamos todo en el campo y conseguimos darle la vuelta al resultado\u00bb, puntualiz\u00f3 el DT de Las Murci\u00e9lagas.<\/p>\n<p>Argentina se retir\u00f3 al entretiempo con derrota por 1 a 0 y Abbas revel\u00f3 el mensaje para sus dirigidas con el objetivo de revertir el resultado.\u00a0\u00ab<strong>Les dije que se quedaran en paz porque eran verdaderas leonas.<\/strong>\u00a0\u00a1Morir\u00edan en el campo si tuvieran que hacerlo y se ir\u00edan de la competencia con la cabeza en alto! Y as\u00ed lo hicieron\u00bb, se\u00f1al\u00f3 el exintegrante de Los Murci\u00e9lagos.<\/p>\n<div class=\"twitter-tweet twitter-tweet-rendered\"><iframe id=\"twitter-widget-0\" class=\"\" title=\"Twitter Tweet\" src=\"https:\/\/platform.twitter.com\/embed\/Tweet.html?creatorScreenName=agenciatelam&amp;dnt=false&amp;embedId=twitter-widget-0&amp;features=eyJ0ZndfdGltZWxpbmVfbGlzdCI6eyJidWNrZXQiOltdLCJ2ZXJzaW9uIjpudWxsfSwidGZ3X2ZvbGxvd2VyX2NvdW50X3N1bnNldCI6eyJidWNrZXQiOnRydWUsInZlcnNpb24iOm51bGx9LCJ0ZndfdHdlZXRfZWRpdF9iYWNrZW5kIjp7ImJ1Y2tldCI6Im9uIiwidmVyc2lvbiI6bnVsbH0sInRmd19yZWZzcmNfc2Vzc2lvbiI6eyJidWNrZXQiOiJvbiIsInZlcnNpb24iOm51bGx9LCJ0ZndfZm9zbnJfc29mdF9pbnRlcnZlbnRpb25zX2VuYWJsZWQiOnsiYnVja2V0Ijoib24iLCJ2ZXJzaW9uIjpudWxsfSwidGZ3X21peGVkX21lZGlhXzE1ODk3Ijp7ImJ1Y2tldCI6InRyZWF0bWVudCIsInZlcnNpb24iOm51bGx9LCJ0ZndfZXhwZXJpbWVudHNfY29va2llX2V4cGlyYXRpb24iOnsiYnVja2V0IjoxMjA5NjAwLCJ2ZXJzaW9uIjpudWxsfSwidGZ3X3Nob3dfYmlyZHdhdGNoX3Bpdm90c19lbmFibGVkIjp7ImJ1Y2tldCI6Im9uIiwidmVyc2lvbiI6bnVsbH0sInRmd19kdXBsaWNhdGVfc2NyaWJlc190b19zZXR0aW5ncyI6eyJidWNrZXQiOiJvbiIsInZlcnNpb24iOm51bGx9LCJ0ZndfdXNlX3Byb2ZpbGVfaW1hZ2Vfc2hhcGVfZW5hYmxlZCI6eyJidWNrZXQiOiJvbiIsInZlcnNpb24iOm51bGx9LCJ0ZndfdmlkZW9faGxzX2R5bmFtaWNfbWFuaWZlc3RzXzE1MDgyIjp7ImJ1Y2tldCI6InRydWVfYml0cmF0ZSIsInZlcnNpb24iOm51bGx9LCJ0ZndfbGVnYWN5X3RpbWVsaW5lX3N1bnNldCI6eyJidWNrZXQiOnRydWUsInZlcnNpb24iOm51bGx9LCJ0ZndfdHdlZXRfZWRpdF9mcm9udGVuZCI6eyJidWNrZXQiOiJvbiIsInZlcnNpb24iOm51bGx9fQ%3D%3D&amp;frame=false&amp;hideCard=false&amp;hideThread=false&amp;id=1693787283986554929&amp;lang=es&amp;origin=https%3A%2F%2Fwww.telam.com.ar%2Fnotas%2F202308%2F637832-murcielagas-futbol-ciegos-campeonato-mundial.html&amp;sessionId=8475c60a7432b06152970b1d6b5705bd994bc994&amp;siteScreenName=agenciatelam&amp;theme=light&amp;widgetsVersion=aaf4084522e3a%3A1674595607486&amp;width=550px\" frameborder=\"0\" scrolling=\"no\" allowfullscreen=\"allowfullscreen\" data-tweet-id=\"1693787283986554929\" data-mce-fragment=\"1\"><\/iframe><\/div>\n<p>La consagraci\u00f3n de Las Murci\u00e9lagas gener\u00f3\u00a0<strong>el saludo del presidente de la AFA, Claudio \u00abChiqui\u00bb Tapia<\/strong>, a trav\u00e9s de sus redes sociales.<\/p>\n<p>\u00abFelicitaciones Murci\u00e9lagas por consagrarse, tambi\u00e9n, como Campeonas del Mundo, en el mundial jugado en Birmingham. Vamos!!!!\u00bb, escribi\u00f3 Tapia.<\/p>\n<h2 class=\"\">Hay equipo<\/h2>\n<figure class=\"mb-3\"><img decoding=\"async\" class=\" lazy \" src=\"https:\/\/www.telam.com.ar\/thumbs\/bluesteel\/advf\/imagenes\/2023\/08\/64e517546c670_1200.jpg\" alt=\"En la final haban comenzado perdiendo contra Japn Secretara de Deportes\" width=\"100%\" height=\"100%\" \/><\/p>\n<div class=\"media-icons\"><\/div><figcaption>En la final, hab\u00edan comenzado perdiendo contra Jap\u00f3n. (Secretar\u00eda de Deportes)<\/figcaption><\/figure>\n<p>El plantel completo de Las Murci\u00e9lagas estuvo integrado por: Melody Azul \u00c1lvarez, Florencia Bel\u00e9n Massenzana, Barreneche Gracia Sosa, Micaela Segovia, Aguilar, Melisa Alejandra Flores, Elena Iris Quinteros, Mar\u00eda Constanza Carrizo, Agustina Medina P\u00e1ez y Guillermina Corrales.<\/p>\n<p>El seleccionado argentino se consagr\u00f3 campe\u00f3n y Jap\u00f3n finaliz\u00f3 segundo. El tercer puesto qued\u00f3 en manos de Suecia, que derrot\u00f3 a India (4\u00b0). Alemania (5\u00b0), Inglaterra (6\u00b0), Marruecos (7\u00b0) y Austria (8\u00b0) completaron las posiciones.<\/p>\n<p><strong>La base de Las Murci\u00e9lagas se sustent\u00f3 de Las Guerreras, equipo oriundo de la provincia de C\u00f3rdoba<\/strong>, con cinco futbolistas: Flores, Carrizo, Quinteros, Sosa y Aguilar.<\/p>\n<blockquote class=\"\"><p>Argentina celebr\u00f3 su tercer t\u00edtulo en el f\u00fatbol para ciegos, teniendo en cuenta que Los Murci\u00e9lagos fueron campeones en R\u00edo de Janeiro 2002 y Buenos Aires 2006.<\/p><\/blockquote>\n<figure class=\"mb-3\"><img decoding=\"async\" class=\" lazy \" src=\"https:\/\/www.telam.com.ar\/thumbs\/bluesteel\/advf\/imagenes\/2023\/08\/64e517548223a_1200.jpg\" alt=\"El gol del triunfo fue de penal Secretara de Deportes\" width=\"100%\" height=\"100%\" \/><\/p>\n<div class=\"media-icons\"><\/div><figcaption>El gol del triunfo fue de penal. (Secretar\u00eda de Deportes)<\/figcaption><\/figure>\n<p><strong>La delegaci\u00f3n argentina retorna al pa\u00eds este martes a la noche<\/strong>, con arribo estipulado para las 21.35, en el aeropuerto internacional de Ezeiza, en un vuelo de la compa\u00f1\u00eda Air France.<\/p>\n<p>El plantel y cuerpo t\u00e9cnico argentino se dirigir\u00e1 al Cenard (Centro Nacional de Alto Rendimiento Deportivo), sede donde realizaron los preparativos para el Juego Mundial IBSA, y al d\u00eda siguiente tendr\u00e1n como destino sus respectivos domicilios.<\/p>\n<p>La Federaci\u00f3n Argentina de Deportes para Ciegos (Fadec) invit\u00f3 a la prensa y p\u00fablico en general a recibir al seleccionado campe\u00f3n del mundo para celebrar un logro hist\u00f3rico.<\/p>\n<figure class=\"mb-3\"><img decoding=\"async\" class=\" lazy \" src=\"https:\/\/www.telam.com.ar\/thumbs\/bluesteel\/advf\/imagenes\/2023\/08\/64e5175496bcb_1200.jpg\" alt=\"Festejos en celeste y blanco Secretara de Deportes\" width=\"100%\" height=\"100%\" \/><\/p>\n<div class=\"media-icons\"><\/div><figcaption>Festejos en celeste y blanco. (Secretar\u00eda de Deportes)<\/p>\n<p>T\u00e9lam.<\/figcaption><\/figure>\n<\/div>\n<\/div>\n<\/div>\n<\/div>\n<\/div>\n<\/div>\n<\/div>\n","protected":false},"excerpt":{"rendered":"<p>El plantel que se consagr\u00f3 este domingo en Birmingham, Inglaterra, como el primer Mundial de f\u00fatbol de la Federaci\u00f3n Internacional de Deportes para Ciegos, regresa este martes a la noche a la Argentina. <\/p>\n","protected":false},"author":3,"featured_media":11114,"comment_status":"open","ping_status":"open","sticky":false,"template":"","format":"standard","meta":{"_jetpack_memberships_contains_paid_content":false,"footnotes":""},"categories":[15,17],"tags":[],"class_list":["post-11113","post","type-post","status-publish","format-standard","has-post-thumbnail","hentry","category-deporte","category-nacional"],"jetpack_featured_media_url":"https:\/\/comunicartesanluis.com\/v1\/wp-content\/uploads\/2023\/08\/64e518fa90f4d_1200.jpg","jetpack_sharing_enabled":true,"_links":{"self":[{"href":"https:\/\/comunicartesanluis.com\/index.php\/wp-json\/wp\/v2\/posts\/11113","targetHints":{"allow":["GET"]}}],"collection":[{"href":"https:\/\/comunicartesanluis.com\/index.php\/wp-json\/wp\/v2\/posts"}],"about":[{"href":"https:\/\/comunicartesanluis.com\/index.php\/wp-json\/wp\/v2\/types\/post"}],"author":[{"embeddable":true,"href":"https:\/\/comunicartesanluis.com\/index.php\/wp-json\/wp\/v2\/users\/3"}],"replies":[{"embeddable":true,"href":"https:\/\/comunicartesanluis.com\/index.php\/wp-json\/wp\/v2\/comments?post=11113"}],"version-history":[{"count":1,"href":"https:\/\/comunicartesanluis.com\/index.php\/wp-json\/wp\/v2\/posts\/11113\/revisions"}],"predecessor-version":[{"id":11115,"href":"https:\/\/comunicartesanluis.com\/index.php\/wp-json\/wp\/v2\/posts\/11113\/revisions\/11115"}],"wp:featuredmedia":[{"embeddable":true,"href":"https:\/\/comunicartesanluis.com\/index.php\/wp-json\/wp\/v2\/media\/11114"}],"wp:attachment":[{"href":"https:\/\/comunicartesanluis.com\/index.php\/wp-json\/wp\/v2\/media?parent=11113"}],"wp:term":[{"taxonomy":"category","embeddable":true,"href":"https:\/\/comunicartesanluis.com\/index.php\/wp-json\/wp\/v2\/categories?post=11113"},{"taxonomy":"post_tag","embeddable":true,"href":"https:\/\/comunicartesanluis.com\/index.php\/wp-json\/wp\/v2\/tags?post=11113"}],"curies":[{"name":"wp","href":"https:\/\/api.w.org\/{rel}","templated":true}]}}