{"id":11119,"date":"2023-08-23T12:15:25","date_gmt":"2023-08-23T15:15:25","guid":{"rendered":"https:\/\/comunicartesanluis.com\/?p=11119"},"modified":"2023-08-23T12:35:13","modified_gmt":"2023-08-23T15:35:13","slug":"deportistas-sanluisenos-viajaron-rumbo-a-los-juegos-evita-urbanos","status":"publish","type":"post","link":"https:\/\/comunicartesanluis.com\/index.php\/2023\/08\/23\/deportistas-sanluisenos-viajaron-rumbo-a-los-juegos-evita-urbanos\/","title":{"rendered":"Deportistas sanluise\u00f1os viajaron rumbo a los Juegos Evita Urbanos"},"content":{"rendered":"<p>Una delegaci\u00f3n de 51 deportistas viajo anoche hacia la Ciudad Aut\u00f3noma de Buenos Aires para participar de la primera edici\u00f3n de los Juegos Nacionales Evita Urbanos que se desarrollar\u00e1n en el Parque del ministerio de Cultura de la Naci\u00f3n en las \u00e1reas de deportes de Tecn\u00f3polis, en Villa Martelli.<\/p>\n<p>San Luis estar\u00e1 representada j\u00f3venes deportistas que participaran en 8 disciplinas: ajedrez, b\u00e1squet 3&#215;3, BMX freestyle, breaking, escalada, freestyle, parkour y skate.<\/p>\n<p><img decoding=\"async\" class=\"alignnone size-medium wp-image-11121\" src=\"https:\/\/comunicartesanluis.com\/v1\/wp-content\/uploads\/2023\/08\/sl2-300x158.jpg\" alt=\"\" width=\"300\" height=\"158\" srcset=\"https:\/\/comunicartesanluis.com\/v1\/wp-content\/uploads\/2023\/08\/sl2-200x105.jpg 200w, https:\/\/comunicartesanluis.com\/v1\/wp-content\/uploads\/2023\/08\/sl2-300x158.jpg 300w, https:\/\/comunicartesanluis.com\/v1\/wp-content\/uploads\/2023\/08\/sl2-400x210.jpg 400w, https:\/\/comunicartesanluis.com\/v1\/wp-content\/uploads\/2023\/08\/sl2-600x316.jpg 600w, https:\/\/comunicartesanluis.com\/v1\/wp-content\/uploads\/2023\/08\/sl2.jpg 711w\" sizes=\"(max-width: 300px) 100vw, 300px\" \/><\/p>\n<p>Esta edici\u00f3n, en la que competir\u00e1n m\u00e1s de 1.400 deportistas de las 24 provincias, busca poner en valor el desarrollo de los deportes urbanos buscando su integridad y potenciarlas a futuro.<\/p>\n<p>Son considerados deportes urbanos, aquellas actividades que se gestan en las calles y en los entornos urban\u00edsticos, -de ah\u00ed su nombre-, utilizando elementos y mobiliario de la v\u00eda publica, entre otros.<\/p>\n<p>Algunas de las disciplinas, como el ajedrez ya est\u00e1n incorporadas dentro de la tradicional competencia, como el b\u00e1squet 3\u00d73 y el skate, pero el resto de las disciplinas ser\u00e1n debutantes<\/p>\n<p>&nbsp;<\/p>\n<p>Ftoso: IG deportes San Luis<\/p>\n","protected":false},"excerpt":{"rendered":"<p>La delegaci\u00f3n puntana compuesta por 51 j\u00f3venes, parti\u00f3 anoche noche hacia Buenos Aires, para participar de la competencia que se desarrollara desde hoy y hasta el domingo en Tecn\u00f3polis. En este certamen competir\u00e1n m\u00e1s de 1.400 deportistas de las 24 provincias en ocho disciplinas urbanas.<\/p>\n","protected":false},"author":5,"featured_media":11120,"comment_status":"open","ping_status":"open","sticky":false,"template":"","format":"standard","meta":{"_jetpack_memberships_contains_paid_content":false,"footnotes":""},"categories":[15,16],"tags":[],"class_list":["post-11119","post","type-post","status-publish","format-standard","has-post-thumbnail","hentry","category-deporte","category-local"],"jetpack_featured_media_url":"https:\/\/comunicartesanluis.com\/v1\/wp-content\/uploads\/2023\/08\/sl1.jpg","jetpack_sharing_enabled":true,"_links":{"self":[{"href":"https:\/\/comunicartesanluis.com\/index.php\/wp-json\/wp\/v2\/posts\/11119","targetHints":{"allow":["GET"]}}],"collection":[{"href":"https:\/\/comunicartesanluis.com\/index.php\/wp-json\/wp\/v2\/posts"}],"about":[{"href":"https:\/\/comunicartesanluis.com\/index.php\/wp-json\/wp\/v2\/types\/post"}],"author":[{"embeddable":true,"href":"https:\/\/comunicartesanluis.com\/index.php\/wp-json\/wp\/v2\/users\/5"}],"replies":[{"embeddable":true,"href":"https:\/\/comunicartesanluis.com\/index.php\/wp-json\/wp\/v2\/comments?post=11119"}],"version-history":[{"count":1,"href":"https:\/\/comunicartesanluis.com\/index.php\/wp-json\/wp\/v2\/posts\/11119\/revisions"}],"predecessor-version":[{"id":11122,"href":"https:\/\/comunicartesanluis.com\/index.php\/wp-json\/wp\/v2\/posts\/11119\/revisions\/11122"}],"wp:featuredmedia":[{"embeddable":true,"href":"https:\/\/comunicartesanluis.com\/index.php\/wp-json\/wp\/v2\/media\/11120"}],"wp:attachment":[{"href":"https:\/\/comunicartesanluis.com\/index.php\/wp-json\/wp\/v2\/media?parent=11119"}],"wp:term":[{"taxonomy":"category","embeddable":true,"href":"https:\/\/comunicartesanluis.com\/index.php\/wp-json\/wp\/v2\/categories?post=11119"},{"taxonomy":"post_tag","embeddable":true,"href":"https:\/\/comunicartesanluis.com\/index.php\/wp-json\/wp\/v2\/tags?post=11119"}],"curies":[{"name":"wp","href":"https:\/\/api.w.org\/{rel}","templated":true}]}}