{"id":11155,"date":"2023-08-24T10:30:39","date_gmt":"2023-08-24T13:30:39","guid":{"rendered":"https:\/\/comunicartesanluis.com\/?p=11155"},"modified":"2023-08-24T10:30:39","modified_gmt":"2023-08-24T13:30:39","slug":"messi-se-sumo-al-festejo-de-di-maria-por-los-15-anos-de-la-medalla-de-oro-en-beijing","status":"publish","type":"post","link":"https:\/\/comunicartesanluis.com\/index.php\/2023\/08\/24\/messi-se-sumo-al-festejo-de-di-maria-por-los-15-anos-de-la-medalla-de-oro-en-beijing\/","title":{"rendered":"Messi se sum\u00f3 al festejo de Di Mar\u00eda por los 15 a\u00f1os de la medalla de oro en Beijing"},"content":{"rendered":"<div class=\"wrapper-editable-content\">\n<div>\n<div class=\"wrapper-editable-content\">\n<div class=\"container-md\">\n<div class=\"row\">\n<div class=\"col-md-12 speak\">\n<div class=\"paragraph\">\n<figure class=\"mb-3\">El crack rosarino <strong>Lionel Messi se sum\u00f3 este mi\u00e9rcoles al festejo de \u00c1ngel Di Mar\u00eda<\/strong>, quien record\u00f3 el 15to. aniversario de la obtenci\u00f3n de la medalla dorada en los Juegos Ol\u00edmpicos de Beijing 2008 a trav\u00e9s de las redes sociales.<\/figure>\n<p><strong>\u00abTodo sigue igual\u00bb, escribi\u00f3 Di Mar\u00eda en una historia de Instagram<\/strong>\u00a0que incluy\u00f3 dos fotos, una de Beijing 2008 y otra del Mundial de Qatar 2022, con festejos muy similares.<\/p>\n<blockquote class=\"instagram-media\" data-instgrm-captioned=\"\" data-instgrm-permalink=\"https:\/\/www.instagram.com\/p\/CwSimo-I7ca\/?utm_source=ig_embed&amp;utm_campaign=loading\" data-instgrm-version=\"14\">\n<div>\n<div>\n<div><\/div>\n<div>\n<div><\/div>\n<div><\/div>\n<\/div>\n<\/div>\n<div><\/div>\n<div><\/div>\n<div>\n<div>Ver esta publicaci\u00f3n en Instagram<\/div>\n<\/div>\n<div><\/div>\n<div>\n<div>\n<div><\/div>\n<div><\/div>\n<div><\/div>\n<\/div>\n<div>\n<div><\/div>\n<div><\/div>\n<\/div>\n<div>\n<div><\/div>\n<div><\/div>\n<div><\/div>\n<\/div>\n<\/div>\n<div>\n<div><\/div>\n<div><\/div>\n<\/div>\n<p><a href=\"https:\/\/www.instagram.com\/p\/CwSimo-I7ca\/?utm_source=ig_embed&amp;utm_campaign=loading\" target=\"_blank\" rel=\"noopener\">Una publicaci\u00f3n compartida de A\u0301ngel Di Mari\u0301a (@angeldimariajm)<\/a><\/p>\n<\/div>\n<\/blockquote>\n<p>La cuenta oficial de Messi en Instagram\u00a0<strong>republic\u00f3 el posteo de \u00abFideo\u00bb<\/strong>\u00a0y se sum\u00f3 as\u00ed a la celebraci\u00f3n de un recuerdo que qued\u00f3 marcado para esa generaci\u00f3n de futbolistas que defendieron la casaca albiceleste.<\/p>\n<p>El 23 de agosto de 2008, el seleccionado argentino ol\u00edmpico dirigido por Sergio Batista se impuso ante Nigeria, por 1 a 0, con gol de Di Mar\u00eda, en la final de los Juegos Ol\u00edmpicos de Beijing. La conquista signific\u00f3 la segunda medalla de oro en la especialidad, despu\u00e9s de Atenas 2004.<\/p>\n<figure class=\"mb-3\"><img decoding=\"async\" class=\" lazy \" src=\"https:\/\/www.telam.com.ar\/thumbs\/bluesteel\/advf\/imagenes\/2023\/08\/64e676534bd53_1200.jpg\" alt=\"Foto Archivo Wu Wei\" width=\"100%\" height=\"100%\" \/><\/p>\n<div class=\"media-icons\"><\/div><figcaption>Foto Archivo: Wu Wei<\/figcaption><\/figure>\n<p>El exdelantero Ezequiel Lavezzi y la cuenta oficial de Argentina en Twitter tambi\u00e9n se hicieron eco de la efem\u00e9ride en redes sociales.<\/p>\n<figure><\/figure>\n<figure class=\"mb-3\"><img decoding=\"async\" class=\" lazy \" src=\"https:\/\/www.telam.com.ar\/thumbs\/bluesteel\/advf\/imagenes\/2023\/08\/64e6765372cde_1200.jpg\" alt=\"Foto Archivo Wu Wei\" width=\"100%\" height=\"100%\" \/><\/figure>\n<\/div>\n<\/div>\n<\/div>\n<\/div>\n<\/div>\n<\/div>\n<\/div>\n<p>&nbsp;<\/p>\n<p>&nbsp;<\/p>\n<p>&nbsp;<\/p>\n<p>&nbsp;<\/p>\n<p>&nbsp;<\/p>\n<p>&nbsp;<\/p>\n<p>&nbsp;<\/p>\n<p>&nbsp;<\/p>\n<p>T\u00e9lam.<\/p>\n","protected":false},"excerpt":{"rendered":"<p>La cuenta oficial de Instagram de \u00abLa Pulga\u00bb replic\u00f3 el posteo de \u00abFideo\u00bb recordando el aniversario del triunfoe la final en los Juegos Ol\u00edmpicos \u00a0de 2008.\u00a0<\/p>\n","protected":false},"author":3,"featured_media":11156,"comment_status":"open","ping_status":"open","sticky":false,"template":"","format":"standard","meta":{"_jetpack_memberships_contains_paid_content":false,"footnotes":""},"categories":[8,15,17],"tags":[],"class_list":["post-11155","post","type-post","status-publish","format-standard","has-post-thumbnail","hentry","category-actualidad","category-deporte","category-nacional"],"jetpack_featured_media_url":"https:\/\/comunicartesanluis.com\/v1\/wp-content\/uploads\/2023\/08\/64e676532b503_1200.jpg","jetpack_sharing_enabled":true,"_links":{"self":[{"href":"https:\/\/comunicartesanluis.com\/index.php\/wp-json\/wp\/v2\/posts\/11155","targetHints":{"allow":["GET"]}}],"collection":[{"href":"https:\/\/comunicartesanluis.com\/index.php\/wp-json\/wp\/v2\/posts"}],"about":[{"href":"https:\/\/comunicartesanluis.com\/index.php\/wp-json\/wp\/v2\/types\/post"}],"author":[{"embeddable":true,"href":"https:\/\/comunicartesanluis.com\/index.php\/wp-json\/wp\/v2\/users\/3"}],"replies":[{"embeddable":true,"href":"https:\/\/comunicartesanluis.com\/index.php\/wp-json\/wp\/v2\/comments?post=11155"}],"version-history":[{"count":1,"href":"https:\/\/comunicartesanluis.com\/index.php\/wp-json\/wp\/v2\/posts\/11155\/revisions"}],"predecessor-version":[{"id":11157,"href":"https:\/\/comunicartesanluis.com\/index.php\/wp-json\/wp\/v2\/posts\/11155\/revisions\/11157"}],"wp:featuredmedia":[{"embeddable":true,"href":"https:\/\/comunicartesanluis.com\/index.php\/wp-json\/wp\/v2\/media\/11156"}],"wp:attachment":[{"href":"https:\/\/comunicartesanluis.com\/index.php\/wp-json\/wp\/v2\/media?parent=11155"}],"wp:term":[{"taxonomy":"category","embeddable":true,"href":"https:\/\/comunicartesanluis.com\/index.php\/wp-json\/wp\/v2\/categories?post=11155"},{"taxonomy":"post_tag","embeddable":true,"href":"https:\/\/comunicartesanluis.com\/index.php\/wp-json\/wp\/v2\/tags?post=11155"}],"curies":[{"name":"wp","href":"https:\/\/api.w.org\/{rel}","templated":true}]}}