{"id":11158,"date":"2023-08-24T10:39:18","date_gmt":"2023-08-24T13:39:18","guid":{"rendered":"https:\/\/comunicartesanluis.com\/?p=11158"},"modified":"2023-08-24T10:39:18","modified_gmt":"2023-08-24T13:39:18","slug":"joaquin-correa-cerca-de-dejar-inter-y-sumarse-al-olympique","status":"publish","type":"post","link":"https:\/\/comunicartesanluis.com\/index.php\/2023\/08\/24\/joaquin-correa-cerca-de-dejar-inter-y-sumarse-al-olympique\/","title":{"rendered":"Joaqu\u00edn Correa cerca de dejar Inter y sumarse al Olympique"},"content":{"rendered":"<div class=\"wrapper-editable-content\">\n<div>\n<div class=\"wrapper-editable-content\">\n<div class=\"container-md\">\n<div class=\"row\">\n<div class=\"col-md-12 speak\">\n<div class=\"paragraph\">\n<figure class=\"mb-3\"><strong>El delantero argentino<\/strong>\u00a0Joaqu\u00edn Correa, quien juega en el Inter de Italia,\u00a0<strong>est\u00e1 pr\u00f3ximo a convertirse en jugador del Olympique Marsella, de la Ligue 1 de Francia, en un pr\u00e9stamo de un a\u00f1o,<\/strong>\u00a0seg\u00fan lo anunci\u00f3 este jueves la prensa gala.<\/figure>\n<p>En ese contexto, la cadena RMC inform\u00f3 que desde hace unos d\u00edas\u00a0<strong>Correa es la prioridad de los dirigentes para el puesto de jugador ofensivo izquierdo y todo indica que hay un acuerdo entre Marsella e Inter y est\u00e1 arreglado el contrato del argentino<\/strong>, quien tambi\u00e9n jug\u00f3 para Sevilla de Espa\u00f1a, Sampdoria y Lazio de Italia, antes de sumarse al Inter.<\/p>\n<p><strong>Olympique e Inter han acordado una cesi\u00f3n a pr\u00e9stamo con opci\u00f3n de compra obligatoria si el Marsella se clasifica para la Liga de Campeones\u00a0<\/strong>al final de la temporada.<\/p>\n<p>Correa, nacido en Tucum\u00e1n hace 29 a\u00f1os y surgido de ex Estudiantes de La Plata, donde jug\u00f3 entre 2012 y 2014 (actu\u00f3 en 53 partidos y marc\u00f3 tres goles)\u00a0<strong>ser\u00e1 compa\u00f1ero en el Olympique de Marsella del zaguero argentino Leonardo Balerdi<\/strong>, surgido de Boca Juniors.<\/div>\n<\/div>\n<\/div>\n<\/div>\n<\/div>\n<\/div>\n<\/div>\n<div><\/div>\n<div><\/div>\n<div><\/div>\n<div><\/div>\n<div><\/div>\n<div><\/div>\n<div><\/div>\n<div><\/div>\n<div>T\u00e9lam.<\/div>\n","protected":false},"excerpt":{"rendered":"<p>Joaqu\u00edn Correa, quien juega en el Inter de Italia,\u00a0est\u00e1 pr\u00f3ximo a convertirse en jugador del Olympique Marsella, de la Ligue 1 de Francia, en un pr\u00e9stamo de un a\u00f1o,\u00a0seg\u00fan lo anunci\u00f3 este jueves la prensa gala.<\/p>\n","protected":false},"author":3,"featured_media":11159,"comment_status":"open","ping_status":"open","sticky":false,"template":"","format":"standard","meta":{"_jetpack_memberships_contains_paid_content":false,"footnotes":""},"categories":[8,15,18],"tags":[],"class_list":["post-11158","post","type-post","status-publish","format-standard","has-post-thumbnail","hentry","category-actualidad","category-deporte","category-internacional"],"jetpack_featured_media_url":"https:\/\/comunicartesanluis.com\/v1\/wp-content\/uploads\/2023\/08\/64e742d87a9d6_1200.jpg","jetpack_sharing_enabled":true,"_links":{"self":[{"href":"https:\/\/comunicartesanluis.com\/index.php\/wp-json\/wp\/v2\/posts\/11158","targetHints":{"allow":["GET"]}}],"collection":[{"href":"https:\/\/comunicartesanluis.com\/index.php\/wp-json\/wp\/v2\/posts"}],"about":[{"href":"https:\/\/comunicartesanluis.com\/index.php\/wp-json\/wp\/v2\/types\/post"}],"author":[{"embeddable":true,"href":"https:\/\/comunicartesanluis.com\/index.php\/wp-json\/wp\/v2\/users\/3"}],"replies":[{"embeddable":true,"href":"https:\/\/comunicartesanluis.com\/index.php\/wp-json\/wp\/v2\/comments?post=11158"}],"version-history":[{"count":1,"href":"https:\/\/comunicartesanluis.com\/index.php\/wp-json\/wp\/v2\/posts\/11158\/revisions"}],"predecessor-version":[{"id":11160,"href":"https:\/\/comunicartesanluis.com\/index.php\/wp-json\/wp\/v2\/posts\/11158\/revisions\/11160"}],"wp:featuredmedia":[{"embeddable":true,"href":"https:\/\/comunicartesanluis.com\/index.php\/wp-json\/wp\/v2\/media\/11159"}],"wp:attachment":[{"href":"https:\/\/comunicartesanluis.com\/index.php\/wp-json\/wp\/v2\/media?parent=11158"}],"wp:term":[{"taxonomy":"category","embeddable":true,"href":"https:\/\/comunicartesanluis.com\/index.php\/wp-json\/wp\/v2\/categories?post=11158"},{"taxonomy":"post_tag","embeddable":true,"href":"https:\/\/comunicartesanluis.com\/index.php\/wp-json\/wp\/v2\/tags?post=11158"}],"curies":[{"name":"wp","href":"https:\/\/api.w.org\/{rel}","templated":true}]}}