{"id":11261,"date":"2023-08-28T14:07:09","date_gmt":"2023-08-28T17:07:09","guid":{"rendered":"https:\/\/comunicartesanluis.com\/?p=11261"},"modified":"2023-08-28T15:00:02","modified_gmt":"2023-08-28T18:00:02","slug":"mas-de-250-nadadores-participaron-de-la-2-fecha-del-campeonato-provincial-de-natacion","status":"publish","type":"post","link":"https:\/\/comunicartesanluis.com\/index.php\/2023\/08\/28\/mas-de-250-nadadores-participaron-de-la-2-fecha-del-campeonato-provincial-de-natacion\/","title":{"rendered":"M\u00e1s de 250 atletas participaron de la 2\u00b0 fecha del Campeonato Provincial de Nataci\u00f3n"},"content":{"rendered":"<p>Este fin de semana, se llev\u00f3 a cabo la 2\u00b0 fecha del Campeonato Provincial de nataci\u00f3n y el clasificatorio para los Juegos Evita 2023, competencia que convoco a m\u00e1s de 250 atletas de entre 7 y 15 a\u00f1os provenientes de distintas localidades de la provincia de San Luis.<\/p>\n<p>En esta oportunidad, 32 atletas que se iniciaron en nataci\u00f3n a trav\u00e9s del Plan Provincial de Nataci\u00f3n, formaron parte del equipo de la localidad anfitriona, debutando en esta disciplina deportiva del campeonato que adem\u00e1s sirvi\u00f3 como clasificatorio para los Juegos Evita 2023.<\/p>\n<p><img decoding=\"async\" class=\"alignnone size-medium wp-image-11263\" src=\"https:\/\/comunicartesanluis.com\/v1\/wp-content\/uploads\/2023\/08\/pile-1-300x225.jpg\" alt=\"\" width=\"300\" height=\"225\" srcset=\"https:\/\/comunicartesanluis.com\/v1\/wp-content\/uploads\/2023\/08\/pile-1-200x150.jpg 200w, https:\/\/comunicartesanluis.com\/v1\/wp-content\/uploads\/2023\/08\/pile-1-300x225.jpg 300w, https:\/\/comunicartesanluis.com\/v1\/wp-content\/uploads\/2023\/08\/pile-1-400x300.jpg 400w, https:\/\/comunicartesanluis.com\/v1\/wp-content\/uploads\/2023\/08\/pile-1-600x450.jpg 600w, https:\/\/comunicartesanluis.com\/v1\/wp-content\/uploads\/2023\/08\/pile-1-768x576.jpg 768w, https:\/\/comunicartesanluis.com\/v1\/wp-content\/uploads\/2023\/08\/pile-1-800x600.jpg 800w, https:\/\/comunicartesanluis.com\/v1\/wp-content\/uploads\/2023\/08\/pile-1.jpg 960w\" sizes=\"(max-width: 300px) 100vw, 300px\" \/> <img decoding=\"async\" class=\"alignnone size-medium wp-image-11264\" src=\"https:\/\/comunicartesanluis.com\/v1\/wp-content\/uploads\/2023\/08\/pile-2-300x225.jpg\" alt=\"\" width=\"300\" height=\"225\" srcset=\"https:\/\/comunicartesanluis.com\/v1\/wp-content\/uploads\/2023\/08\/pile-2-200x150.jpg 200w, https:\/\/comunicartesanluis.com\/v1\/wp-content\/uploads\/2023\/08\/pile-2-300x225.jpg 300w, https:\/\/comunicartesanluis.com\/v1\/wp-content\/uploads\/2023\/08\/pile-2-400x300.jpg 400w, https:\/\/comunicartesanluis.com\/v1\/wp-content\/uploads\/2023\/08\/pile-2-600x450.jpg 600w, https:\/\/comunicartesanluis.com\/v1\/wp-content\/uploads\/2023\/08\/pile-2-768x576.jpg 768w, https:\/\/comunicartesanluis.com\/v1\/wp-content\/uploads\/2023\/08\/pile-2-800x600.jpg 800w, https:\/\/comunicartesanluis.com\/v1\/wp-content\/uploads\/2023\/08\/pile-2.jpg 960w\" sizes=\"(max-width: 300px) 100vw, 300px\" \/><\/p>\n<p>Fotos: Deportes San Luis<\/p>\n","protected":false},"excerpt":{"rendered":"<p>La competencia que adem\u00e1s fue el clasificatorio para los juegos Evita 2023, se realiz\u00f3 este fin de semana en las instalaciones de la pileta modelo en Concaran y conto con m\u00e1s de 250 nadadores, de los cuales 32 atletas de esa localidad debutaron en esta disciplina deportiva.<\/p>\n","protected":false},"author":5,"featured_media":11262,"comment_status":"open","ping_status":"open","sticky":false,"template":"","format":"standard","meta":{"_jetpack_memberships_contains_paid_content":false,"footnotes":""},"categories":[15,16],"tags":[],"class_list":["post-11261","post","type-post","status-publish","format-standard","has-post-thumbnail","hentry","category-deporte","category-local"],"jetpack_featured_media_url":"https:\/\/comunicartesanluis.com\/v1\/wp-content\/uploads\/2023\/08\/pile-3.jpg","jetpack_sharing_enabled":true,"_links":{"self":[{"href":"https:\/\/comunicartesanluis.com\/index.php\/wp-json\/wp\/v2\/posts\/11261","targetHints":{"allow":["GET"]}}],"collection":[{"href":"https:\/\/comunicartesanluis.com\/index.php\/wp-json\/wp\/v2\/posts"}],"about":[{"href":"https:\/\/comunicartesanluis.com\/index.php\/wp-json\/wp\/v2\/types\/post"}],"author":[{"embeddable":true,"href":"https:\/\/comunicartesanluis.com\/index.php\/wp-json\/wp\/v2\/users\/5"}],"replies":[{"embeddable":true,"href":"https:\/\/comunicartesanluis.com\/index.php\/wp-json\/wp\/v2\/comments?post=11261"}],"version-history":[{"count":2,"href":"https:\/\/comunicartesanluis.com\/index.php\/wp-json\/wp\/v2\/posts\/11261\/revisions"}],"predecessor-version":[{"id":11277,"href":"https:\/\/comunicartesanluis.com\/index.php\/wp-json\/wp\/v2\/posts\/11261\/revisions\/11277"}],"wp:featuredmedia":[{"embeddable":true,"href":"https:\/\/comunicartesanluis.com\/index.php\/wp-json\/wp\/v2\/media\/11262"}],"wp:attachment":[{"href":"https:\/\/comunicartesanluis.com\/index.php\/wp-json\/wp\/v2\/media?parent=11261"}],"wp:term":[{"taxonomy":"category","embeddable":true,"href":"https:\/\/comunicartesanluis.com\/index.php\/wp-json\/wp\/v2\/categories?post=11261"},{"taxonomy":"post_tag","embeddable":true,"href":"https:\/\/comunicartesanluis.com\/index.php\/wp-json\/wp\/v2\/tags?post=11261"}],"curies":[{"name":"wp","href":"https:\/\/api.w.org\/{rel}","templated":true}]}}