{"id":11273,"date":"2023-08-28T14:59:15","date_gmt":"2023-08-28T17:59:15","guid":{"rendered":"https:\/\/comunicartesanluis.com\/?p=11273"},"modified":"2023-08-28T14:59:15","modified_gmt":"2023-08-28T17:59:15","slug":"menotti-fue-internado-por-un-accidente-domestico","status":"publish","type":"post","link":"https:\/\/comunicartesanluis.com\/index.php\/2023\/08\/28\/menotti-fue-internado-por-un-accidente-domestico\/","title":{"rendered":"Menotti fue internado por un accidente dom\u00e9stico"},"content":{"rendered":"<div class=\"wrapper-header\">\n<div class=\"container-xl\">\n<div class=\"row\">\n<div class=\"col-12\">\n<div class=\"head-content mb-4\">\n<div class=\"my-3\"><\/div>\n<\/div>\n<\/div>\n<\/div>\n<\/div>\n<\/div>\n<div class=\"wrapper-editable-content\">\n<div>\n<div class=\"wrapper-editable-content\">\n<div class=\"container-md\">\n<div class=\"row\">\n<div class=\"col-md-12 speak\">\n<div class=\"paragraph\">\n<figure class=\"mb-3\">C\u00e9sar Luis Menotti debi\u00f3 ser internado en las \u00faltimas horas en un hospital porte\u00f1o a ra\u00edz de un accidente dom\u00e9stico provocado a partir de una ca\u00edda en su domicilio, pero por el momento todo no fue m\u00e1s que \u00abun susto\u00bb, seg\u00fan anticiparon sus allegados.<\/figure>\n<p>La ca\u00edda le habr\u00eda provocado una hemorragia interna que oblig\u00f3 a su internaci\u00f3n, pero estas mismas fuentes apuntaron a T\u00e9lam que hay hermetismo en su familia en torno a los plazos de recuperaci\u00f3n.<\/p>\n<p>Menotti, que cumplir\u00e1 85 a\u00f1os el 22 de octubre, seg\u00fan \u00e9l, o el 5 de noviembre, seg\u00fan reza su documento de identidad, es el director de selecciones nacionales y fue el mentor de la llegada de Lionel Scaloni a la direcci\u00f3n t\u00e9cnica del seleccionado argentino.<\/p>\n<p>Las primeras noticias al respecto partieron de un periodista mexicano a trav\u00e9s de la red social twitter y, como siempre ocurre, algunos medios se hicieron eco del mismo, ya que mencionaba un \u00abdelicado estado de salud\u00bb del \u00abFlaco\u00bb.<\/p><\/div>\n<\/div>\n<\/div>\n<\/div>\n<\/div>\n<\/div>\n<\/div>\n","protected":false},"excerpt":{"rendered":"<p>Una ca\u00edda le habr\u00eda provocado al exentrenador del seleccionado argentino una hemorragia interna que oblig\u00f3 a su internaci\u00f3n y hay hermetismo en su familia en torno a los plazos de recuperaci\u00f3n.<\/p>\n","protected":false},"author":3,"featured_media":11275,"comment_status":"open","ping_status":"open","sticky":false,"template":"","format":"standard","meta":{"_jetpack_memberships_contains_paid_content":false,"footnotes":""},"categories":[8,15,17],"tags":[],"class_list":["post-11273","post","type-post","status-publish","format-standard","has-post-thumbnail","hentry","category-actualidad","category-deporte","category-nacional"],"jetpack_featured_media_url":"https:\/\/comunicartesanluis.com\/v1\/wp-content\/uploads\/2023\/08\/62cdc99b63b9c_1200.jpg","jetpack_sharing_enabled":true,"_links":{"self":[{"href":"https:\/\/comunicartesanluis.com\/index.php\/wp-json\/wp\/v2\/posts\/11273","targetHints":{"allow":["GET"]}}],"collection":[{"href":"https:\/\/comunicartesanluis.com\/index.php\/wp-json\/wp\/v2\/posts"}],"about":[{"href":"https:\/\/comunicartesanluis.com\/index.php\/wp-json\/wp\/v2\/types\/post"}],"author":[{"embeddable":true,"href":"https:\/\/comunicartesanluis.com\/index.php\/wp-json\/wp\/v2\/users\/3"}],"replies":[{"embeddable":true,"href":"https:\/\/comunicartesanluis.com\/index.php\/wp-json\/wp\/v2\/comments?post=11273"}],"version-history":[{"count":1,"href":"https:\/\/comunicartesanluis.com\/index.php\/wp-json\/wp\/v2\/posts\/11273\/revisions"}],"predecessor-version":[{"id":11276,"href":"https:\/\/comunicartesanluis.com\/index.php\/wp-json\/wp\/v2\/posts\/11273\/revisions\/11276"}],"wp:featuredmedia":[{"embeddable":true,"href":"https:\/\/comunicartesanluis.com\/index.php\/wp-json\/wp\/v2\/media\/11275"}],"wp:attachment":[{"href":"https:\/\/comunicartesanluis.com\/index.php\/wp-json\/wp\/v2\/media?parent=11273"}],"wp:term":[{"taxonomy":"category","embeddable":true,"href":"https:\/\/comunicartesanluis.com\/index.php\/wp-json\/wp\/v2\/categories?post=11273"},{"taxonomy":"post_tag","embeddable":true,"href":"https:\/\/comunicartesanluis.com\/index.php\/wp-json\/wp\/v2\/tags?post=11273"}],"curies":[{"name":"wp","href":"https:\/\/api.w.org\/{rel}","templated":true}]}}