{"id":11278,"date":"2023-08-28T15:10:24","date_gmt":"2023-08-28T18:10:24","guid":{"rendered":"https:\/\/comunicartesanluis.com\/?p=11278"},"modified":"2023-08-28T15:10:24","modified_gmt":"2023-08-28T18:10:24","slug":"gago-analiza-la-inclusion-de-almendra-y-quintero-para-la-revancha-con-boca","status":"publish","type":"post","link":"https:\/\/comunicartesanluis.com\/index.php\/2023\/08\/28\/gago-analiza-la-inclusion-de-almendra-y-quintero-para-la-revancha-con-boca\/","title":{"rendered":"Gago analiza la inclusi\u00f3n de Almendra y Quintero para la revancha con Boca"},"content":{"rendered":"<div class=\"wrapper-header\">\n<div class=\"container-xl\">\n<div class=\"row\">\n<div class=\"col-12\">\n<div class=\"head-content mb-4\">\n<div class=\"my-3\"><\/div>\n<\/div>\n<\/div>\n<\/div>\n<\/div>\n<\/div>\n<div class=\"wrapper-editable-content\">\n<div class=\"wrapper-info-note\">\n<div class=\"col-md-12\">\n<div class=\"wrapper-author-social\">\n<div class=\"author-box mb-4\">\n<div class=\"info\"><\/div>\n<\/div>\n<\/div>\n<\/div>\n<\/div>\n<div>\n<div class=\"wrapper-editable-content\">\n<div class=\"container-md\">\n<div class=\"row\">\n<div class=\"col-md-12 speak\">\n<div class=\"paragraph\">\n<figure class=\"mb-3\">El entrenador de Racing Club, Fernando Gago, eval\u00faa la inclusi\u00f3n del colombiano Juan Fernando Quintero y Agust\u00edn Almendra como titulares en la revancha del pr\u00f3ximo mi\u00e9rcoles ante Boca por los cuartos de final de la Copa Libertadores de Am\u00e9rica.<\/figure>\n<p>Ambos futbolistas ingresaron en el choque de ida ante el \u00abXeneize\u00bb en el segundo tiempo del partido jugado el mi\u00e9rcoles pasado en el estadio Alberto Jos\u00e9 Armando y que termin\u00f3 igualado sin goles.<\/p>\n<p>En la Bombonera, Quintero ingres\u00f3 por Gabriel Hauche, en tanto que Almendra lo hizo por Nicol\u00e1s Oroz, a los 17 y 30 minutos de la segunda etapa, respectivamente.<\/p>\n<p>Adem\u00e1s,\u00a0<strong>los dos fueron titulares en la victoria por 2 a 1 ante Tigre el<\/strong><strong> \u00faltimo s\u00e1bado en condici\u00f3n de visitante en el\u00a0<\/strong><strong>Monumental de Victoria\u00a0<\/strong>con el objetivo de ir ganando ritmo de juego. Juanfer Quintero se destac\u00f3 con un gol y una asistencia.<\/div>\n<div class=\"paragraph\">\nCon miras a la revancha ante el \u00abXeneize\u00bb Almendra podr\u00eda integrar el mediocampo, zona en la que el \u00fanico jugador que tiene fijo su lugar es An\u00edbal Moreno como volante central.<\/p>\n<p>Adem\u00e1s de Almendra, los otros jugadores que pelean para integrar la zona media del campo \u00abacad\u00e9mico\u00bb son Nicol\u00e1s Oroz y Jonathan G\u00f3mez, quienes fueron titulares en el choque de ida copero y vienen de tener rendimientos destacados.<img decoding=\"async\" class=\" lazy \" src=\"https:\/\/www.telam.com.ar\/thumbs\/bluesteel\/advf\/imagenes\/2022\/10\/635c04373c7c9_1200.jpg\" alt=\"Foto Camila Godoy \" width=\"100%\" height=\"100%\" \/><\/p>\n<p>A estos futbolistas se les suma Juan Ignacio Nardoni, quien se recuper\u00f3 de un desgarro sufrido el pasado 3 de agosto en la derrota por 4 a 1 ante Atl\u00e9tico Nacional por la ida de los octavos de final.<\/p>\n<p>Si bien Nardoni siempre fue considerado titular por el entrenador Fernando Gago, le falta ritmo de juego (se perdi\u00f3 la vuelta ante los colombianos, la ida frente a Boca y los dos primeros juegos del torneo local), aunque el DT \u00abacad\u00e9mico\u00bb sabe de la importancia del exjugador de Uni\u00f3n de Santa Fe en la zona media para la recuperaci\u00f3n de la pelota y la generaci\u00f3n de f\u00fatbol.<\/p>\n<p><strong>Otro futbolista que recuper\u00f3 \u00abPintita\u00bb Gago es Leonel Miranda,\u00a0<\/strong>quien volvi\u00f3 el s\u00e1bado pasado ante Tigre tras haberse lesionado el 6 de noviembre de 2022 durante la final en que Racing venci\u00f3 2-1 a Boca, por el Trofeo de Campeones.<\/p>\n<p>Miranda, quien dej\u00f3 atr\u00e1s una rotura del ligamento cruzado anterior asociado a lesi\u00f3n de menisco interno de la rodilla izquierda, a pesar de haber vuelto al primer equipo no ser\u00e1 tenido en cuenta para integrar el once titular ante Boca.<\/p>\n<p>\u00abJuanfer\u00bb Quintero, por su parte, tiene chances de ingresar en lugar de Gabriel \u00abDemonio\u00bb Hauche en la zona ofensiva, tal como lo hizo en La Boca la semana pasada.<\/p>\n<p>Adem\u00e1s,\u00a0<strong>el entrenador \u00abacad\u00e9mico\u00bb esperar\u00e1 la evoluci\u00f3n del delantero colombiano Roger Mart\u00ednez (se recupera de una lesi\u00f3n muscular) para determinar si lo incluir\u00e1 desde el inicio o durante el transcurso del partido.<\/strong><\/p>\n<p>Mart\u00ednez, de 30 a\u00f1os, se lesion\u00f3 en la vuelta ante Atl\u00e9tico Nacional de Colombia, en el que la Academia remont\u00f3 la derrota 4 a 2 sufrida en la ida al imponerse con una goleada por 3 a 0 con un tanto suyo.<\/p>\n<p>El atacante \u00abcafetero\u00bb se perdi\u00f3 el choque de ida ante Boca Juniors, partido en el que fue reemplazado por Maximiliano Romero, de flojo rendimiento.<\/p>\n<p>En caso que Mart\u00ednez no llegue en correctas condiciones f\u00edsicas su lugar podr\u00eda ser ocupado nuevamente por Romero (resistido por los hinchas) o Gabriel Hauche, quien pasar\u00eda a jugar como centrodelantero, posici\u00f3n en la que jug\u00f3 en varios encuentros.<\/p>\n<p>En la zona defensiva, el \u00fanico cambio ser\u00eda el ingreso del uruguayo Gast\u00f3n Martirena por Tom\u00e1s Rubio en el lateral derecho.<\/p>\n<p><strong>El partido ante Boca ser\u00e1 de suma importancia para la instituci\u00f3n de Avellaneda ya que la \u00faltima vez que Racing lleg\u00f3 a instancias de semifinales fue en la edici\u00f3n de 1997\u00a0<\/strong>cuando cay\u00f3 ante Sporting Cristal, posterior campe\u00f3n del torneo.<\/p>\n<p>En caso que Racing acceda a la pr\u00f3xima fase se enfrentar\u00e1 al vencedor del cruce entre Palmeiras de Brasil (4) y Deportivo Pereira de Colombia (0), equipos que volver\u00e1n a cruzarse en la revancha este mi\u00e9rcoles en el estadio Allianz Parque de la ciudad de San Pablo.<\/p><\/div>\n<\/div>\n<\/div>\n<\/div>\n<\/div>\n<\/div>\n<\/div>\n","protected":false},"excerpt":{"rendered":"<p>Agust\u00edn Almendra podr\u00eda integrar el mediocampo, zona en la que el \u00fanico jugador que tiene fijo su lugar es An\u00edbal Moreno como volante central. Mientras que el colombiano tiene chances de ingresar por Gabriel Hauche en la zona ofensiva.<\/p>\n","protected":false},"author":3,"featured_media":11280,"comment_status":"open","ping_status":"open","sticky":false,"template":"","format":"standard","meta":{"_jetpack_memberships_contains_paid_content":false,"footnotes":""},"categories":[15,16],"tags":[],"class_list":["post-11278","post","type-post","status-publish","format-standard","has-post-thumbnail","hentry","category-deporte","category-local"],"jetpack_featured_media_url":"https:\/\/comunicartesanluis.com\/v1\/wp-content\/uploads\/2023\/08\/62cdc99b63b9c_1200-1.jpg","jetpack_sharing_enabled":true,"_links":{"self":[{"href":"https:\/\/comunicartesanluis.com\/index.php\/wp-json\/wp\/v2\/posts\/11278","targetHints":{"allow":["GET"]}}],"collection":[{"href":"https:\/\/comunicartesanluis.com\/index.php\/wp-json\/wp\/v2\/posts"}],"about":[{"href":"https:\/\/comunicartesanluis.com\/index.php\/wp-json\/wp\/v2\/types\/post"}],"author":[{"embeddable":true,"href":"https:\/\/comunicartesanluis.com\/index.php\/wp-json\/wp\/v2\/users\/3"}],"replies":[{"embeddable":true,"href":"https:\/\/comunicartesanluis.com\/index.php\/wp-json\/wp\/v2\/comments?post=11278"}],"version-history":[{"count":1,"href":"https:\/\/comunicartesanluis.com\/index.php\/wp-json\/wp\/v2\/posts\/11278\/revisions"}],"predecessor-version":[{"id":11281,"href":"https:\/\/comunicartesanluis.com\/index.php\/wp-json\/wp\/v2\/posts\/11278\/revisions\/11281"}],"wp:featuredmedia":[{"embeddable":true,"href":"https:\/\/comunicartesanluis.com\/index.php\/wp-json\/wp\/v2\/media\/11280"}],"wp:attachment":[{"href":"https:\/\/comunicartesanluis.com\/index.php\/wp-json\/wp\/v2\/media?parent=11278"}],"wp:term":[{"taxonomy":"category","embeddable":true,"href":"https:\/\/comunicartesanluis.com\/index.php\/wp-json\/wp\/v2\/categories?post=11278"},{"taxonomy":"post_tag","embeddable":true,"href":"https:\/\/comunicartesanluis.com\/index.php\/wp-json\/wp\/v2\/tags?post=11278"}],"curies":[{"name":"wp","href":"https:\/\/api.w.org\/{rel}","templated":true}]}}