{"id":11295,"date":"2023-08-29T10:17:35","date_gmt":"2023-08-29T13:17:35","guid":{"rendered":"https:\/\/comunicartesanluis.com\/?p=11295"},"modified":"2023-08-29T10:17:35","modified_gmt":"2023-08-29T13:17:35","slug":"romelu-lukaku-se-suma-a-roma-y-sera-companero-de-paulo-dybala-y-leandro-paredes","status":"publish","type":"post","link":"https:\/\/comunicartesanluis.com\/index.php\/2023\/08\/29\/romelu-lukaku-se-suma-a-roma-y-sera-companero-de-paulo-dybala-y-leandro-paredes\/","title":{"rendered":"Romelu Lukaku se suma a Roma y ser\u00e1 compa\u00f1ero de Paulo Dybala y Leandro Paredes"},"content":{"rendered":"<div class=\"wrapper-header\">\n<div class=\"container-xl\">\n<div class=\"row\">\n<div class=\"col-12\">\n<div class=\"head-content mb-4\">\n<div class=\"my-3\"><\/div>\n<\/div>\n<\/div>\n<\/div>\n<\/div>\n<\/div>\n<div class=\"wrapper-editable-content\">\n<div>\n<div class=\"wrapper-editable-content\">\n<div class=\"container-md\">\n<div class=\"row\">\n<div class=\"col-md-12 speak\">\n<div class=\"paragraph\">\n<figure class=\"mb-3\">El goleador belga Romelu Lukaku, ex Chelsea e Inter, acord\u00f3 hoy su llegada a la Roma de Italia donde ser\u00e1 compa\u00f1ero de los argentinos Paulo Dybala y Leandro Paredes, ambos campeones mundiales en Qatar 2022, en uno de los pases m\u00e1s resonantes del mercado europeo.<\/figure>\n<p>\u00abEs el gran d\u00eda de Lukaku en Roma\u00bb public\u00f3 en su portada la Gazzetta dello Sport, que adem\u00e1s brind\u00f3 detalles de la llegada del goleador belga al club que dirige el portugu\u00e9s Jos\u00e9 Mourinho.<\/p>\n<p>Tras el acuerdo con los m\u00e1s altos dirigentes de la Roma, ocurrido en las \u00faltimas horas luego de muchos d\u00edas de negociaciones con el Chelsea, due\u00f1o de su pase, Lukaku llegar\u00e1 este mediod\u00eda al aeropuerto del Ciampino en la capital italiana a bordo de un avi\u00f3n privado conducido por el propio presidente del club \u00abgialorrosso\u00bb.<\/p>\n<p>Se estima que unos 2.000 hinchas podr\u00edan reunirse para darle la bienvenida al delantero belga que llega a la Roma a cambio de 5.800.000 euros por el pr\u00e9stamo, ya que en el Chelsea no iba a ser tenido en cuenta por el DT argentino Mauricio Pochettino.<\/p><\/div>\n<\/div>\n<\/div>\n<\/div>\n<\/div>\n<\/div>\n<\/div>\n<div><\/div>\n<div><\/div>\n<div><\/div>\n<div><\/div>\n<div><\/div>\n<div><\/div>\n<div>T\u00e9lam.<\/div>\n","protected":false},"excerpt":{"rendered":"<p>Se estima que unos 2.000 hinchas podr\u00edan reunirse para darle la bienvenida al delantero belga que llega al conjunto romano a cambio de 5.800.000 euros por el pr\u00e9stamo, ya que en el Chelsea no iba a ser tenido en cuenta por el DT Mauricio Pochettino.<\/p>\n","protected":false},"author":3,"featured_media":11296,"comment_status":"open","ping_status":"open","sticky":false,"template":"","format":"standard","meta":{"_jetpack_memberships_contains_paid_content":false,"footnotes":""},"categories":[8,15,18],"tags":[],"class_list":["post-11295","post","type-post","status-publish","format-standard","has-post-thumbnail","hentry","category-actualidad","category-deporte","category-internacional"],"jetpack_featured_media_url":"https:\/\/comunicartesanluis.com\/v1\/wp-content\/uploads\/2023\/08\/6435c8c07e004_1200.jpg","jetpack_sharing_enabled":true,"_links":{"self":[{"href":"https:\/\/comunicartesanluis.com\/index.php\/wp-json\/wp\/v2\/posts\/11295","targetHints":{"allow":["GET"]}}],"collection":[{"href":"https:\/\/comunicartesanluis.com\/index.php\/wp-json\/wp\/v2\/posts"}],"about":[{"href":"https:\/\/comunicartesanluis.com\/index.php\/wp-json\/wp\/v2\/types\/post"}],"author":[{"embeddable":true,"href":"https:\/\/comunicartesanluis.com\/index.php\/wp-json\/wp\/v2\/users\/3"}],"replies":[{"embeddable":true,"href":"https:\/\/comunicartesanluis.com\/index.php\/wp-json\/wp\/v2\/comments?post=11295"}],"version-history":[{"count":1,"href":"https:\/\/comunicartesanluis.com\/index.php\/wp-json\/wp\/v2\/posts\/11295\/revisions"}],"predecessor-version":[{"id":11297,"href":"https:\/\/comunicartesanluis.com\/index.php\/wp-json\/wp\/v2\/posts\/11295\/revisions\/11297"}],"wp:featuredmedia":[{"embeddable":true,"href":"https:\/\/comunicartesanluis.com\/index.php\/wp-json\/wp\/v2\/media\/11296"}],"wp:attachment":[{"href":"https:\/\/comunicartesanluis.com\/index.php\/wp-json\/wp\/v2\/media?parent=11295"}],"wp:term":[{"taxonomy":"category","embeddable":true,"href":"https:\/\/comunicartesanluis.com\/index.php\/wp-json\/wp\/v2\/categories?post=11295"},{"taxonomy":"post_tag","embeddable":true,"href":"https:\/\/comunicartesanluis.com\/index.php\/wp-json\/wp\/v2\/tags?post=11295"}],"curies":[{"name":"wp","href":"https:\/\/api.w.org\/{rel}","templated":true}]}}