{"id":11302,"date":"2023-08-29T10:57:47","date_gmt":"2023-08-29T13:57:47","guid":{"rendered":"https:\/\/comunicartesanluis.com\/?p=11302"},"modified":"2023-08-29T10:57:47","modified_gmt":"2023-08-29T13:57:47","slug":"jorge-vilda-con-las-horas-contadas-como-entrenador-de-espana","status":"publish","type":"post","link":"https:\/\/comunicartesanluis.com\/index.php\/2023\/08\/29\/jorge-vilda-con-las-horas-contadas-como-entrenador-de-espana\/","title":{"rendered":"Jorge Vilda con las horas contadas como entrenador de Espa\u00f1a"},"content":{"rendered":"<div class=\"wrapper-header\">\n<div class=\"container-xl\">\n<div class=\"row\">\n<div class=\"col-12\">\n<div class=\"head-content mb-4\">\n<div class=\"my-3\"><\/div>\n<\/div>\n<\/div>\n<\/div>\n<\/div>\n<\/div>\n<div class=\"wrapper-editable-content\">\n<div>\n<div class=\"wrapper-editable-content\">\n<div class=\"container-md\">\n<div class=\"row\">\n<div class=\"col-md-12 speak\">\n<div class=\"paragraph\">\n<figure class=\"mb-3\">Jorge Vilda, <strong>entrenador del seleccionado espa\u00f1ol femenino que gan\u00f3 la reciente Copa del Mundo\u00a0<\/strong>de Australia y Nueva Zelanda,\u00a0<strong>dejar\u00e1 muy pronto su cargo<\/strong>\u00a0ya que<strong>\u00a0la junta directiva<\/strong>\u00a0<strong>de la<\/strong>\u00a0Real\u00a0<strong>Federaci\u00f3n Espa\u00f1ola de F\u00fatbol (RFEF) estudia la forma de despedirlo mientras analiza los temas contractuales y jur\u00eddicos para llevarlo a cabo.<\/strong><\/figure>\n<p>Seg\u00fan el diario AS la Comisi\u00f3n de Presidentes Territoriales de la RFEF decidi\u00f3 que Vilda abandone el puesto, pese a que la decisi\u00f3n depende exclusivamente de la junta directiva de la RFEF presidida ahora por Pedro Rocha, sustituto de Luis Rubiales, quien fue suspendido por la FIFA por 90 d\u00edas tras el esc\u00e1ndalo del beso a la jugadora Jenny Hermoso.<\/p>\n<p>La posici\u00f3n de Vilda es muy mala tras la protesta p\u00fablica y todo lo ocurrido luego del \u00e9xito mundialista. Las presiones a Hermoso para que apareciera en el video de disculpa que grab\u00f3 Rubiales fueron otra gota que colm\u00f3 el vaso.<\/p>\n<p>\u201c<strong>Despu\u00e9s de lo sucedido durante el Mundial Femenino, queremos manifestar que todas las jugadoras que firman el presente escrito no volver\u00e1n a una citaci\u00f3n de la Selecci\u00f3n si contin\u00faan los actuales dirigentes<\/strong>\u201d, firmaron las campeonas en un comunicado y no solo se refer\u00edan a Rubiales, sino a la estructura de la RFEF, empezando por la deportiva.<\/p>\n<blockquote class=\"twitter-tweet\" data-twitter-extracted-i1693320780526654326=\"true\">\n<p dir=\"ltr\" lang=\"es\">\ud83d\udd34 Comunicado oficial de la Comisi\u00f3n de Presidentes Territoriales de la RFEF.<\/p>\n<p>\ud83d\udd17\u00a0<a href=\"https:\/\/t.co\/aSkWOmcvrz\">https:\/\/t.co\/aSkWOmcvrz<\/a>\u00a0<a href=\"https:\/\/t.co\/oa9xYxUnuA\">pic.twitter.com\/oa9xYxUnuA<\/a><\/p>\n<p>\u2014 RFEF (@rfef)\u00a0<a href=\"https:\/\/twitter.com\/rfef\/status\/1696253600161300864?ref_src=twsrc%5Etfw\">August 28, 2023<\/a><\/p><\/blockquote>\n<p>Vilda tambi\u00e9n qued\u00f3 se\u00f1alado por los aplausos a Rubiales en la aparici\u00f3n p\u00fablica del dirigente durante la Asamblea extraordinaria en la que grit\u00f3 cuatro veces \u00abNo voy a dimitir\u00bb.<\/p>\n<p>Lo concreto es que la gloria deportiva lograda por Espa\u00f1a en el mundial qued\u00f3 definitivamente en segundo plano y a Vilda le servir\u00e1 muy poco para mantenerse en su cargo.<\/p><\/div>\n<\/div>\n<\/div>\n<\/div>\n<\/div>\n<\/div>\n<\/div>\n<div><\/div>\n<div><\/div>\n<div><\/div>\n<div><\/div>\n<div>T\u00e9lam.<\/div>\n","protected":false},"excerpt":{"rendered":"<p>La Comisi\u00f3n de Presidentes de la RFEF decidi\u00f3 que el entrenador abandone el puesto, pese a que la decisi\u00f3n depende exclusivamente de la junta directiva, presidida ahora por Pedro Rocha, sustituto de Luis Rubiales, quien fue suspendido por la FIFA.<\/p>\n","protected":false},"author":3,"featured_media":11303,"comment_status":"open","ping_status":"open","sticky":false,"template":"","format":"standard","meta":{"_jetpack_memberships_contains_paid_content":false,"footnotes":""},"categories":[8,15,18],"tags":[],"class_list":["post-11302","post","type-post","status-publish","format-standard","has-post-thumbnail","hentry","category-actualidad","category-deporte","category-internacional"],"jetpack_featured_media_url":"https:\/\/comunicartesanluis.com\/v1\/wp-content\/uploads\/2023\/08\/64edd9f13db65_1200.jpg","jetpack_sharing_enabled":true,"_links":{"self":[{"href":"https:\/\/comunicartesanluis.com\/index.php\/wp-json\/wp\/v2\/posts\/11302","targetHints":{"allow":["GET"]}}],"collection":[{"href":"https:\/\/comunicartesanluis.com\/index.php\/wp-json\/wp\/v2\/posts"}],"about":[{"href":"https:\/\/comunicartesanluis.com\/index.php\/wp-json\/wp\/v2\/types\/post"}],"author":[{"embeddable":true,"href":"https:\/\/comunicartesanluis.com\/index.php\/wp-json\/wp\/v2\/users\/3"}],"replies":[{"embeddable":true,"href":"https:\/\/comunicartesanluis.com\/index.php\/wp-json\/wp\/v2\/comments?post=11302"}],"version-history":[{"count":1,"href":"https:\/\/comunicartesanluis.com\/index.php\/wp-json\/wp\/v2\/posts\/11302\/revisions"}],"predecessor-version":[{"id":11304,"href":"https:\/\/comunicartesanluis.com\/index.php\/wp-json\/wp\/v2\/posts\/11302\/revisions\/11304"}],"wp:featuredmedia":[{"embeddable":true,"href":"https:\/\/comunicartesanluis.com\/index.php\/wp-json\/wp\/v2\/media\/11303"}],"wp:attachment":[{"href":"https:\/\/comunicartesanluis.com\/index.php\/wp-json\/wp\/v2\/media?parent=11302"}],"wp:term":[{"taxonomy":"category","embeddable":true,"href":"https:\/\/comunicartesanluis.com\/index.php\/wp-json\/wp\/v2\/categories?post=11302"},{"taxonomy":"post_tag","embeddable":true,"href":"https:\/\/comunicartesanluis.com\/index.php\/wp-json\/wp\/v2\/tags?post=11302"}],"curies":[{"name":"wp","href":"https:\/\/api.w.org\/{rel}","templated":true}]}}