{"id":11318,"date":"2023-08-30T07:14:13","date_gmt":"2023-08-30T10:14:13","guid":{"rendered":"https:\/\/comunicartesanluis.com\/?p=11318"},"modified":"2023-08-30T09:31:39","modified_gmt":"2023-08-30T12:31:39","slug":"dos-puntanas-brillaron-con-la-seleccion-en-dubai-y-en-portugal","status":"publish","type":"post","link":"https:\/\/comunicartesanluis.com\/index.php\/2023\/08\/30\/dos-puntanas-brillaron-con-la-seleccion-en-dubai-y-en-portugal\/","title":{"rendered":"Dos puntanas brillaron con la Selecci\u00f3n en Dubai y en Portugal"},"content":{"rendered":"<p>Estefan\u00eda Gonz\u00e1lez y Keisy Peraf\u00e1n son fruto del deporte de San Luis y ejemplos de perseverancia, talento y superaci\u00f3n. Las dos llevaron estos d\u00edas la bandera provincial por el mundo representando a la Selecci\u00f3n Argentina.<\/p>\n<p>Estefan\u00eda compiti\u00f3 a las 2:30 del lunes (hora de nuestro pa\u00eds) en el Mundial de parapowerlifting que se realiza en Dubai. Iba con la mente puesta en levantar 61 kilos en su nueva divisi\u00f3n, -55 kilos de peso corporal, y lo logr\u00f3 en su segundo intento.\u00a0 Con esa marca, est\u00e1 disponible para los Parapanamericanos que se realizar\u00e1n en Chile en octubre.<\/p>\n<p>\u201cA la lista del Parapanamericano la cerraron antes del Mundial, pero aguardo con expectativa que se pueda abrir un cupo. Por lo pronto, consegu\u00ed el objetivo que nos hab\u00edamos propuesto con el equipo de entrenamiento en San Luis y de la Selecci\u00f3n\u201d, le dijo Estefan\u00eda a El Diario desde Dubai, con la felicidad de \u201chaber hecho un torneazo\u201d. Ahora Gonz\u00e1lez tiene dos marcas homologadas: en 61 kilos, su anterior categor\u00eda, levant\u00f3 67 kilos, y ahora en 55 kilos puso sobre la barra 61 kilos. Al levantamiento de potencia adaptado lo practican personas con discapacidad f\u00edsica (Estefan\u00eda sufri\u00f3 un accidente de tr\u00e1nsito en 2013 y le amputaron la pierna izquierda) y est\u00e1 regulado por el Comit\u00e9 Paral\u00edmpico Internacional. En esta disciplina se levanta peso desde la banca: la barra desciende hasta el pecho, la deben sostener sin ning\u00fan movimiento y luego levantarla hasta extender totalmente los brazos, sin generar ning\u00fan movimiento en los codos, que siempre deben permanecer fijos.<\/p>\n<p>En Dubai, Gonz\u00e1lez levant\u00f3 58 kilos en el primer intento y 61 en el segundo. Los dos fueron v\u00e1lidos. En el tercero y \u00faltimo levant\u00f3 62 kilos, pero fue considerado nulo. \u201cReci\u00e9n me inserto en el ranking de esta categor\u00eda\u201d, cuenta Estefa, que qued\u00f3 27\u00aa entre las 39 levantadoras de su divisi\u00f3n (hoy se oficializa la clasificaci\u00f3n). Mientras, en Portugal, la judoca Keisy Peraf\u00e1n se colg\u00f3 la medalla de plata en la Copa Europea que se realiz\u00f3 en Gaia. Keisy se subi\u00f3 al podio en la gira del seleccionado de cara a los Juegos Panamericanos de Chile, en los que tambi\u00e9n estar\u00e1 la puntana Agustina Lahiton.<\/p>\n<p>Peraf\u00e1n, en la categor\u00eda -48 kilos, venci\u00f3 en la primera fase a la portuguesa Carolina Rodr\u00edgues; en la semifinal super\u00f3 a la angole\u00f1a Eldimira Segunda, y en la final cay\u00f3 ante la local Raquel Brito. La medalla de plata no solamente le permite roce para el Panamericano: le da puntos muy valiosos a su ilusi\u00f3n, y a la de toda la provincia, de llegar a los Juegos Ol\u00edmpicos de Par\u00eds 2024. La medalla de Keisy fue la m\u00e1s importante que cosech\u00f3 Argentina, que sum\u00f3 4 preseas en Portugal. Las otras tres fueron de bronce y llegaron por Ivo Dragoltz, Brisa G\u00f3mez y Agustina de Luc\u00eda. \u00abFue muy positiva la gira por Europa (el fin de semana anterior luch\u00f3 en Croacia), gan\u00e9 confianza y hubo muchas mejoras. El balance es muy bueno\u00bb, le dijo la judoca a El Diario.<\/p>\n<p>Fuente: Diario de la republica<\/p>\n<p>&nbsp;<\/p>\n","protected":false},"excerpt":{"rendered":"<p>Estefan\u00eda Gonz\u00e1lez compiti\u00f3 en el Mundial de parapowerlifting y Keisy Peraf\u00e1n en la Copa Europea de judo. <\/p>\n","protected":false},"author":5,"featured_media":11319,"comment_status":"open","ping_status":"open","sticky":false,"template":"","format":"standard","meta":{"_jetpack_memberships_contains_paid_content":false,"footnotes":""},"categories":[15,16],"tags":[],"class_list":["post-11318","post","type-post","status-publish","format-standard","has-post-thumbnail","hentry","category-deporte","category-local"],"jetpack_featured_media_url":"https:\/\/comunicartesanluis.com\/v1\/wp-content\/uploads\/2023\/08\/diario.jpg","jetpack_sharing_enabled":true,"_links":{"self":[{"href":"https:\/\/comunicartesanluis.com\/index.php\/wp-json\/wp\/v2\/posts\/11318","targetHints":{"allow":["GET"]}}],"collection":[{"href":"https:\/\/comunicartesanluis.com\/index.php\/wp-json\/wp\/v2\/posts"}],"about":[{"href":"https:\/\/comunicartesanluis.com\/index.php\/wp-json\/wp\/v2\/types\/post"}],"author":[{"embeddable":true,"href":"https:\/\/comunicartesanluis.com\/index.php\/wp-json\/wp\/v2\/users\/5"}],"replies":[{"embeddable":true,"href":"https:\/\/comunicartesanluis.com\/index.php\/wp-json\/wp\/v2\/comments?post=11318"}],"version-history":[{"count":1,"href":"https:\/\/comunicartesanluis.com\/index.php\/wp-json\/wp\/v2\/posts\/11318\/revisions"}],"predecessor-version":[{"id":11320,"href":"https:\/\/comunicartesanluis.com\/index.php\/wp-json\/wp\/v2\/posts\/11318\/revisions\/11320"}],"wp:featuredmedia":[{"embeddable":true,"href":"https:\/\/comunicartesanluis.com\/index.php\/wp-json\/wp\/v2\/media\/11319"}],"wp:attachment":[{"href":"https:\/\/comunicartesanluis.com\/index.php\/wp-json\/wp\/v2\/media?parent=11318"}],"wp:term":[{"taxonomy":"category","embeddable":true,"href":"https:\/\/comunicartesanluis.com\/index.php\/wp-json\/wp\/v2\/categories?post=11318"},{"taxonomy":"post_tag","embeddable":true,"href":"https:\/\/comunicartesanluis.com\/index.php\/wp-json\/wp\/v2\/tags?post=11318"}],"curies":[{"name":"wp","href":"https:\/\/api.w.org\/{rel}","templated":true}]}}