{"id":11349,"date":"2023-08-30T10:46:33","date_gmt":"2023-08-30T13:46:33","guid":{"rendered":"https:\/\/comunicartesanluis.com\/?p=11349"},"modified":"2023-08-30T10:46:33","modified_gmt":"2023-08-30T13:46:33","slug":"defensa-y-justicia-recibe-a-botafogo-de-brasil-en-busca-de-las-semifinales","status":"publish","type":"post","link":"https:\/\/comunicartesanluis.com\/index.php\/2023\/08\/30\/defensa-y-justicia-recibe-a-botafogo-de-brasil-en-busca-de-las-semifinales\/","title":{"rendered":"Defensa y Justicia recibe a Botafogo de Brasil en busca de las semifinales"},"content":{"rendered":"<div class=\"wrapper-header\">\n<div class=\"container-xl\">\n<div class=\"row\">\n<div class=\"col-12\">\n<div class=\"head-content mb-4\">\n<div class=\"my-3\"><\/div>\n<\/div>\n<\/div>\n<\/div>\n<\/div>\n<\/div>\n<div class=\"wrapper-editable-content\">\n<div>\n<div class=\"wrapper-editable-content\">\n<div class=\"container-md\">\n<div class=\"row\">\n<div class=\"col-md-12 speak\">\n<div class=\"paragraph\">\n<figure class=\"mb-3\">Defensa y Justicia recibir\u00e1 este mi\u00e9rcoles a Botafogo de Brasil, con la ventaja de haber conseguido un empate 1 a 1 en la ida, en un encuentro correspondiente a la revancha de los cuartos de final de la Copa Sudamericana.<\/figure>\n<p>El partido se jugar\u00e1 desde 19.30 en el estadio Norberto Tomaghello, ubicado en la ciudad bonaerense de Florencio Varela, contar\u00e1 con el arbitraje del colombiano Jhon Ospina y la transmisi\u00f3n estar\u00e1 a cargo de la se\u00f1al de cable D Sports y D GO.<\/p>\n<p>En el partido de ida, jugado el mi\u00e9rcoles pasado en el estadio Ol\u00edmpico Nilton de Rio de Janeiro, argentinos y brasile\u00f1os igualaron 1 a 1 con goles de Nicol\u00e1s Tripicchio y Gabriel Pires, respectivamente.<\/p>\n<p>Defensa y Justicia viene de empatar sin goles ante Platense, con un equipo alternativo, el \u00faltimo domingo en condici\u00f3n de visitante por la segunda jornada de la Zona 2 de la Copa de la Liga Profesional.<\/p>\n<p>El entrenador Julio Vaccari podr\u00eda realizar un solo cambio respecto del once inicial que par\u00f3 en el choque de ida: el ingreso de Nicol\u00e1s Tripicchio, autor del gol del empate en Brasil, por el uruguayo Agust\u00edn Sant&#8217;Anna en el lateral derecho de la defensa.<\/p>\n<p>Botafogo, por su parte, gole\u00f3 por 3 a 0 a Bahia el domingo pasado por la 21era. jornada del Brasileirao, torneo que lidera en soledad con 51 unidades.<\/p>\n<p>El DT Bruno Miguel Silva do Nascimento implementar\u00e1 dos cambios en comparaci\u00f3n al equipo que par\u00f3 como local: Luis Henrique y Diego Costa por Joao Victor y Matheus Nascimento, respectivamente.<\/p>\n<p>El equipo que consiga el triunfo se enfrentar\u00e1 al ganador del cruce entre Liga de Quito de Ecuador, del t\u00e9cnico argentino Luis Zubeld\u00eda, (2) y San Pablo (1), equipos que se enfrentar\u00e1n el jueves desde las 19 en el estadio Morumb\u00ed.<\/p>\n<h2 class=\"\">Probables formaciones<\/h2>\n<p>Defensa y Justicia: Enrique Bologna; Nicol\u00e1s Tripicchio, Juli\u00e1n Malatini, Tom\u00e1s Cardona y Alexis Soto; Kevin Guti\u00e9rrez, Juli\u00e1n L\u00f3pez y David Barbona; Santiago Solari, Gast\u00f3n Togni y Nicol\u00e1s Fern\u00e1ndez. DT: Julio Vaccari.<\/p>\n<p>Botafogo: Roberto Fern\u00e1ndez; JP Galvao, Philipe Sampaio, V\u00edctor Cuesta y Hugo; Danilo, Gabriel Pires, Tch\u00ea Tch\u00ea y Lucas Fernandes; Luis Henrique y Diego Costa. DT: Bruno Miguel Silva do Nascimento.<\/p>\n<p>\u00c1rbitro: Jhon Ospina (Colombiano).<\/p>\n<p>Estadio: Norberto Tomaghello, de Defensa y Justicia.<\/p>\n<p>Hora de inicio: 19.30.<\/p>\n<p>TV: D Sports y D GO.<\/p><\/div>\n<\/div>\n<\/div>\n<\/div>\n<\/div>\n<\/div>\n<\/div>\n<div><\/div>\n<div><\/div>\n<div><\/div>\n<div><\/div>\n<div><\/div>\n<div><\/div>\n<div><\/div>\n<div><\/div>\n<div><\/div>\n<div><\/div>\n<div><\/div>\n<div><\/div>\n<div><\/div>\n<div><\/div>\n<div>T\u00e9lam.<\/div>\n","protected":false},"excerpt":{"rendered":"<p>El cotejo se jugar\u00e1 este mi\u00e9rcoles desde 19.30 en el estadio Norberto Tomaghello, ubicado en Florencio Varela, contar\u00e1 con el arbitraje del colombiano Jhon Ospina y la transmisi\u00f3n estar\u00e1 a cargo de la se\u00f1al de cable D Sports y D GO.<\/p>\n","protected":false},"author":3,"featured_media":11350,"comment_status":"open","ping_status":"open","sticky":false,"template":"","format":"standard","meta":{"_jetpack_memberships_contains_paid_content":false,"footnotes":""},"categories":[8,15,17],"tags":[],"class_list":["post-11349","post","type-post","status-publish","format-standard","has-post-thumbnail","hentry","category-actualidad","category-deporte","category-nacional"],"jetpack_featured_media_url":"https:\/\/comunicartesanluis.com\/v1\/wp-content\/uploads\/2023\/08\/64e699784b1aa_1200.jpg","jetpack_sharing_enabled":true,"_links":{"self":[{"href":"https:\/\/comunicartesanluis.com\/index.php\/wp-json\/wp\/v2\/posts\/11349","targetHints":{"allow":["GET"]}}],"collection":[{"href":"https:\/\/comunicartesanluis.com\/index.php\/wp-json\/wp\/v2\/posts"}],"about":[{"href":"https:\/\/comunicartesanluis.com\/index.php\/wp-json\/wp\/v2\/types\/post"}],"author":[{"embeddable":true,"href":"https:\/\/comunicartesanluis.com\/index.php\/wp-json\/wp\/v2\/users\/3"}],"replies":[{"embeddable":true,"href":"https:\/\/comunicartesanluis.com\/index.php\/wp-json\/wp\/v2\/comments?post=11349"}],"version-history":[{"count":1,"href":"https:\/\/comunicartesanluis.com\/index.php\/wp-json\/wp\/v2\/posts\/11349\/revisions"}],"predecessor-version":[{"id":11351,"href":"https:\/\/comunicartesanluis.com\/index.php\/wp-json\/wp\/v2\/posts\/11349\/revisions\/11351"}],"wp:featuredmedia":[{"embeddable":true,"href":"https:\/\/comunicartesanluis.com\/index.php\/wp-json\/wp\/v2\/media\/11350"}],"wp:attachment":[{"href":"https:\/\/comunicartesanluis.com\/index.php\/wp-json\/wp\/v2\/media?parent=11349"}],"wp:term":[{"taxonomy":"category","embeddable":true,"href":"https:\/\/comunicartesanluis.com\/index.php\/wp-json\/wp\/v2\/categories?post=11349"},{"taxonomy":"post_tag","embeddable":true,"href":"https:\/\/comunicartesanluis.com\/index.php\/wp-json\/wp\/v2\/tags?post=11349"}],"curies":[{"name":"wp","href":"https:\/\/api.w.org\/{rel}","templated":true}]}}